{"id":261209,"date":"2025-11-29T00:19:09","date_gmt":"2025-11-29T00:19:09","guid":{"rendered":"https:\/\/www.europesays.com\/es\/261209\/"},"modified":"2025-11-29T00:19:09","modified_gmt":"2025-11-29T00:19:09","slug":"colegas-la-pelicula-de-culto-en-la-que-debuto-antonio-flores","status":"publish","type":"post","link":"https:\/\/www.europesays.com\/es\/261209\/","title":{"rendered":"&#8216;Colegas&#8217; , la pel\u00edcula de culto en la que debut\u00f3 Antonio Flores"},"content":{"rendered":"<p><strong>Antonio interpreta a Antonio y Rosario es Rosario<\/strong>. Adem\u00e1s son dos hermanos, pero estos en un barrio alejado del centro de Madrid. Se han criado en una familia humilde y tienen problemas para encontrar trabajo y ganarse la vida. Lo mismo le pasa a Jos\u00e9, el novio de Rosario, que comparte con ellos los mismos problemas y el abuso de las drogas. Su situaci\u00f3n se complica cuando la joven se queda embarazada. <strong>Rosario no quiere cont\u00e1rselo a sus padres y pide ayuda a su hermano para abortar. <\/strong>Ninguno tiene dinero y tendr\u00e1n que buscar la forma de conseguirlo.<\/p>\n<p>Rosario y Antonio Flores no fueron los \u00fanicos que prestaron sus nombres a sus personajes: J<strong>os\u00e9 Luis Manzano es Jos\u00e9, Jos\u00e9 Luis Fern\u00e1ndez \u00abPirri\u00bb, es Pirri, Pedro Nieva Parola es Parola y Enrique San Francisco es Rogelio<\/strong>. El actor, que  fue novio de Rosario Flores, no rompe la cadena, pues Rogelio es el primero de sus dos nombres. <\/p>\n<p>Adem\u00e1s, vemos a actores como <strong>Francisco Casares, Jos\u00e9 Manuel Cervino y Queta Ariel.<\/strong> Estos dos \u00faltimos volvieron a trabajar con Eloy de la Iglesia en El Pico, otra de sus pel\u00edculas mejor valoradas. <\/p>\n<p>Antonio Flores<\/p>\n<p>De Comecocos a Colegas<\/p>\n<p>En 1982, el programa Bla, bla, bla, de Televisi\u00f3n Espa\u00f1ola, entrevist\u00f3 al director y a los hermanos Flores. Ah\u00ed se cuenta que la pel\u00edcula iba a titularse Comecocos, pero se cambi\u00f3 de idea. \u00abEs una pel\u00edcula joven para gente joven\u00bb, dec\u00eda<strong> Eloy de la Iglesia, quien criticaba las pel\u00edculas en la que se instrumentaliza a los j\u00f3venes.<\/strong><\/p>\n<p> \u00abAqu\u00ed no, nosotros contamos sus historias. Queremos que los protagonistas y el p\u00fablico formen algo homog\u00e9neo. <strong>La pel\u00edcula es una historia de la calle, de chavales de barrio con problemas cotidianos como el paro,<\/strong> incorporarse a la vida, las marginaciones, los problemas en casa. En definitiva, una pel\u00edcula joven\u00bb, contaba el director a la presentadora, Marisa Abad.<\/p>\n<p>Antonio y Rosario Flores<\/p>\n<p>Ha pasado a la historia por su carrera musical, pero Antonio Flores tuvo una trayectoria en el cine digna de destacar. Tras rodar Colegas, <strong>trabaj\u00f3 con directores como Mario Camus y Javier Elorrieta, e hizo varios episodios de la serie Turno de oficio. C<\/strong>on su hermana Rosario rod\u00f3 El taxi de los conflictos, la primera incursi\u00f3n en el cine para los dos, y Colegas. Rosario no ha explorado su faceta como actriz, aunque <strong>no pudo negarse a la petici\u00f3n de Pedro Almod\u00f3var para convertirse en torera en <\/strong><strong>Hable con ella. <\/strong> <\/p>\n<p>Jos\u00e9 Luis Manzano<\/p>\n<p>Jos\u00e9 Luis Manzano<\/p>\n<p><strong>Se le ha comparado con James Dean, por lo bello que era y su muerte, tan temprana como tr\u00e1gica<\/strong>. Eloy de la Iglesia le conoci\u00f3 en la calle y se lo llev\u00f3 a casa. No ser\u00eda la primera vez. <strong>En el libro &#8216;Lejos de aqu\u00ed&#8217; de Eduardo Fuembuena, que se llev\u00f3 al cine,<\/strong> se cuenta que el joven <strong>se \u00abbuscaba la vida en la puerta de unos billares del centro\u00bb <\/strong>y que el director, \u00abvasco, homosexual, marxista revolucionario y el cineasta m\u00e1s comercial del momento\u00bb se lo lleva a vivir a su apartamento y lo introdujo en el cine, en su cine. \u00abEl director modela a la medida de sus deseos a Jos\u00e9 Luis Manzano\u00bb. <\/p>\n<p>As\u00ed le convierte en actor y en &#8216;chico para todo&#8217;. <strong>Manzano estaba enganchado a la hero\u00edna <\/strong>y cuando lo encontraron muerto presentaba signos de violencia. El cad\u00e1ver, junto al que hab\u00eda restos de droga, se hall\u00f3 en el piso del director.<\/p>\n<p>Quique San Francisco<\/p>\n<p>Los actores fetiche de Eloy de la Iglesia  <\/p>\n<p><strong>Jos\u00e9 Luis Manzano y Quique San Francisco (que mantuvo un noviazgo de cuatro a\u00f1os con Rosario Flores) trabajaron con Eloy de la Iglesia en tres de sus pel\u00edculas m\u00e1s conocidas<\/strong><strong>:<\/strong> Navajeros, con la que arranc\u00f3 el llamado <strong>Cine quinqui<\/strong>, Colegas y El pico. Todas ellas, junto con La estanquera de Vallecas, son un retrato social, tan sincero como duro. <\/p>\n<p>Otro de sus actores fetiche fue <strong>Jos\u00e9 Luis Fern\u00e1ndez, alias \u00abPirri\u00bb.<\/strong> Era otro chico de la calle y muri\u00f3 con una sobredosis. Ten\u00eda tan solo 23 a\u00f1os y adem\u00e1s de trabajar con De la Iglesia rod\u00f3 con directores como <strong>Manuel Guti\u00e9rrez Arag\u00f3n y Fernando Trueba.<\/strong> <\/p>\n<p>Una escena de  &#8216;Colegas&#8217;<\/p>\n<p>Eloy de la Iglesia, m\u00e1s que un director<\/p>\n<p>Durante a\u00f1os, su cine estuvo tachado de poco intelectual, pero el paso del tiempo se hace una nueva mirada, destacando la relevancia del director como trovador, como<strong> testigo de los a\u00f1os de la Transici\u00f3n, poniendo el foco en los m\u00e1s desfavorecidos, en la gente y los barrios que nadie quer\u00eda ver. <\/strong><\/p>\n<p>Colegas toca muchos temas sociales, todos conectados, como la marginaci\u00f3n, el paro juvenil, las drogas y los embarazos no deseados (el aborto se legaliz\u00f3 en Espa\u00f1a en 1985). <strong>Muchos han analizado, que tiene diferentes lecturas, y varios de ellos destacan la importancia de los escenarios exteriores. <\/strong>Entre ellos, el descampado, un lugar que sirve para contextualizar el abandono familiar y social. Hay varios ejemplos como Qu\u00e9 he hecho yo para merecer esto, de Pedro Almod\u00f3var; Aunque t\u00fa no lo sepas, de Juan Vicente C\u00f3rdoba; Deprisa, deprisa, de Carlos Saura, o Barrio, de Fernando Le\u00f3n de Aranoa.<\/p>\n<p>Coloquio de &#8216;Historia de nuestro cine&#8217; con la presencia de Alba Flores\u00a0RTVE<\/p>\n<p>Madrid, plat\u00f3 de cine<\/p>\n<p>Casi toda la historia de Colegas se rod\u00f3 entre Villaverde y Vallecas, pero adem\u00e1s vemos lugares tan conocidos de Madrid como la Estaci\u00f3n de Atocha y la plaza de Azca. <strong>El montaje lo firma el afamado Jos\u00e9 Salcedo, ganador de dos premios Goya, y en la banda sonora destaca el tema &#8216;Lejos de aqu\u00ed&#8217;, interpretado por Antonio Flores. <\/strong>A esta canci\u00f3n debe su t\u00edtulo el libro de Eduardo Fuembuena. Colegas es, para muchos cr\u00edticos, la mejor pel\u00edcula de Eloy de la Iglesia. Se estren\u00f3 en la Semana Internacional de Cine de Valladolid, SEMINCI, y lleg\u00f3 a los cines en un momento clave para el pa\u00eds: la elecciones generales de 1982. <\/p>\n<p>Colegas llega a RTVE Play junto a t\u00edtulos como <strong><a href=\"https:\/\/www.rtve.es\/television\/20241214\/favorita-pelicula-olivia-colman-lanthinos-reina-como-termina\/16368838.shtml\" target=\"_blank\" rel=\"nofollow noopener\">La favorita<\/a><\/strong> y dos t\u00edtulos de los Monty Python, <strong><a href=\"https:\/\/www.rtve.es\/television\/20251123\/sentido-vida-pelicula-monty-python-donde-ver\/16827809.shtml\" target=\"_blank\" rel=\"nofollow noopener\">El sentido de la vida<\/a><\/strong> y <strong><a href=\"https:\/\/www.rtve.es\/television\/20251110\/vida-brian-donde-ver-significado-titulo\/16806715.shtml\" target=\"_blank\" rel=\"nofollow noopener\">La vida de Brian<\/a><\/strong><strong>.<\/strong> Adem\u00e1s, t\u00edtulos de Russel Crowe como <strong>Gladiator, Misi\u00f3n Hostil <\/strong><strong>y<\/strong> <strong><a href=\"https:\/\/www.rtve.es\/television\/20250509\/maestro-agua-russell-crowe-donde-rodo-nombre-del-curiosidades\/16415639.shtml\" target=\"_blank\" rel=\"nofollow noopener\">El maestro del agua<\/a><\/strong>. Para los amantes de la historia llega<a href=\"https:\/\/www.rtve.es\/play\/videos\/ena-la-reina-victoria-eugenia\/\" target=\"_blank\" rel=\"nofollow noopener\"> la serie Ena<\/a>, que recuerda la figura de la reina Victoria Eugenia. <\/p>\n","protected":false},"excerpt":{"rendered":"Antonio interpreta a Antonio y Rosario es Rosario. Adem\u00e1s son dos hermanos, pero estos en un barrio alejado&hellip;\n","protected":false},"author":2,"featured_media":261210,"comment_status":"","ping_status":"","sticky":false,"template":"","format":"standard","meta":{"footnotes":""},"categories":[91],"tags":[146,147,25,24,23],"class_list":{"0":"post-261209","1":"post","2":"type-post","3":"status-publish","4":"format-standard","5":"has-post-thumbnail","7":"category-entretenimiento","8":"tag-entertainment","9":"tag-entretenimiento","10":"tag-es","11":"tag-espana","12":"tag-spain"},"share_on_mastodon":{"url":"https:\/\/pubeurope.com\/@es\/115630123618813085","error":""},"_links":{"self":[{"href":"https:\/\/www.europesays.com\/es\/wp-json\/wp\/v2\/posts\/261209","targetHints":{"allow":["GET"]}}],"collection":[{"href":"https:\/\/www.europesays.com\/es\/wp-json\/wp\/v2\/posts"}],"about":[{"href":"https:\/\/www.europesays.com\/es\/wp-json\/wp\/v2\/types\/post"}],"author":[{"embeddable":true,"href":"https:\/\/www.europesays.com\/es\/wp-json\/wp\/v2\/users\/2"}],"replies":[{"embeddable":true,"href":"https:\/\/www.europesays.com\/es\/wp-json\/wp\/v2\/comments?post=261209"}],"version-history":[{"count":0,"href":"https:\/\/www.europesays.com\/es\/wp-json\/wp\/v2\/posts\/261209\/revisions"}],"wp:featuredmedia":[{"embeddable":true,"href":"https:\/\/www.europesays.com\/es\/wp-json\/wp\/v2\/media\/261210"}],"wp:attachment":[{"href":"https:\/\/www.europesays.com\/es\/wp-json\/wp\/v2\/media?parent=261209"}],"wp:term":[{"taxonomy":"category","embeddable":true,"href":"https:\/\/www.europesays.com\/es\/wp-json\/wp\/v2\/categories?post=261209"},{"taxonomy":"post_tag","embeddable":true,"href":"https:\/\/www.europesays.com\/es\/wp-json\/wp\/v2\/tags?post=261209"}],"curies":[{"name":"wp","href":"https:\/\/api.w.org\/{rel}","templated":true}]}}