{"id":261211,"date":"2025-11-29T00:20:10","date_gmt":"2025-11-29T00:20:10","guid":{"rendered":"https:\/\/www.europesays.com\/es\/261211\/"},"modified":"2025-11-29T00:20:10","modified_gmt":"2025-11-29T00:20:10","slug":"casi-todos-los-fenix-estan-rebajados-y-no-vienen-solos","status":"publish","type":"post","link":"https:\/\/www.europesays.com\/es\/261211\/","title":{"rendered":"casi todos los Fenix est\u00e1n rebajados, y no vienen solos"},"content":{"rendered":"<p class=\"c-paragraph\">Cuando llega el Black Friday, hay unos pocos productos que mucha gente revisa por si han bajado de precio. Est\u00e1n los iPhone junto con algunos productos de Apple, televisores OLED y, c\u00f3mo no, los relojes deportivos de Garmin.<\/p>\n<p class=\"c-paragraph\">Son los m\u00e1s demandados con diferencia, sobre todo los Fenix, los de gama alta, que son bastante caros habitualmente; eso hace que cualquier rebaja sea muy agradecida por sus potenciales compradores, y tengo que decir que suelen bajar de precio en el Viernes Negro y d\u00edas aleda\u00f1os.<\/p>\n<p class=\"c-paragraph\"><b>En 2025 no ha habido sorpresa: s\u00ed, hay ofertas en los Garmin Fenix, Garmin Venu y otros modelos que merecen bastante la pena<\/b>. <a href=\"https:\/\/www.20minutos.es\/tecnologia\/moviles-dispositivos\/comprar-garmin-fenix-8-precio-irresistible_6900813_0.html\" rel=\"nofollow noopener\" target=\"_blank\">Yo mismo he picado y comprado el Fenix 8<\/a> ahorrando un buen pico, y no he sido el \u00fanico.<\/p>\n<p class=\"c-paragraph\">Lo bueno es que Amazon ampl\u00eda el plazo de devoluci\u00f3n hasta febrero, as\u00ed que tienes bastante margen para probar tu compra y decidir si te la quedas o no, algo importante porque hablamos de varios cientos de euros de inversi\u00f3n.<\/p>\n<p class=\"c-paragraph\">El env\u00edo, como siempre en el caso de Amazon, es gratis, aunque si adem\u00e1s tienes cuenta Prime te llegan en apenas 24 horas.<\/p>\n<p>Los Fenix vuelven a ser protagonistas<\/p>\n<p class=\"c-paragraph\">No es casualidad que cada vez que bajan de precio se agoten, y de hecho no es descartable que a lo largo del d\u00eda alguno de los Garmin Fenix que Amazon ha rebajado se agote.<\/p>\n<p class=\"c-paragraph\">Por ejemplo, el Fenix 8 de 47mm baja a <a href=\"https:\/\/www.amazon.es\/dp\/B0DC6ZD31R?&amp;linkCode=ll1&amp;tag=hobby0ce-21\" rel=\"nofollow noreferrer sponsored noopener\" target=\"_blank\">705 euros<\/a>, que es un descuento de pr\u00e1cticamente 200 euros con respecto a su coste original.<\/p>\n<p class=\"c-paragraph\">Dicho esto, hay modelos de a\u00f1os anteriores mucho m\u00e1s baratos, sobre todo uno: el Fenix 7 Pro Solar, que es muy buen reloj y <a href=\"https:\/\/www.amazon.es\/dp\/B0C3WBJX4F?&amp;linkCode=ll1&amp;tag=hobby0ce-21\" rel=\"nofollow noreferrer sponsored noopener\" target=\"_blank\">cuesta \u00absolo\u00bb 440 euros.<\/a><\/p>\n<p class=\"c-paragraph\">El Fenix 8 tiene altavoz y micr\u00f3fono para llamadas y pantalla AMOLED, sus dos principales novedades con respecto a generaciones anteriores.<\/p>\n<p>Otros modelos m\u00e1s asequibles desde 129 euros<\/p>\n<p class=\"c-paragraph\">Dicho esto, no todo el mundo puede permitirse ni quiere pagar m\u00e1s de 400 euros por un reloj deportivo, y para ellos s\u00ed que hay modelos &#8216;low cost&#8217; con GPS que dan la talla.<\/p>\n<p class=\"c-paragraph\">El m\u00e1s barato de todos es el Garmin Forerunner 55 euros, que <a href=\"https:\/\/www.amazon.es\/dp\/B0953X73TP?&amp;linkCode=ll1&amp;tag=hobby0ce-21\" rel=\"nofollow noreferrer sponsored noopener\" target=\"_blank\">por 129 euros<\/a> tiene todo lo necesario para el &#8216;running&#8217; y el ciclismo, entre otros deportes.<\/p>\n<p class=\"c-paragraph\">Entre medias, est\u00e1n los <a href=\"https:\/\/www.amazon.es\/dp\/B0CG6NR413?&amp;linkCode=ll1&amp;tag=hobby0ce-21\" rel=\"nofollow noreferrer sponsored noopener\" target=\"_blank\">Garmin Vivoactive 5<\/a>, con un enfoque mucho m\u00e1s de reloj inteligente, pero tambi\u00e9n a buen precio.<\/p>\n","protected":false},"excerpt":{"rendered":"Cuando llega el Black Friday, hay unos pocos productos que mucha gente revisa por si han bajado de&hellip;\n","protected":false},"author":2,"featured_media":261212,"comment_status":"","ping_status":"","sticky":false,"template":"","format":"standard","meta":{"footnotes":""},"categories":[81],"tags":[1656,1655,912,313,119,123,124,634,25,24,46545,3840,717,117,121,122,23,118,120],"class_list":{"0":"post-261211","1":"post","2":"type-post","3":"status-publish","4":"format-standard","5":"has-post-thumbnail","7":"category-ciencia-y-tecnologia","8":"tag-20decompras","9":"tag-afiliacion","10":"tag-amazon","11":"tag-ciclismo","12":"tag-ciencia","13":"tag-ciencia-y-tecnologia","14":"tag-cienciaytecnologia","15":"tag-deporte","16":"tag-es","17":"tag-espana","18":"tag-garmin","19":"tag-reloj","20":"tag-running","21":"tag-science","22":"tag-science-and-technology","23":"tag-scienceandtechnology","24":"tag-spain","25":"tag-technology","26":"tag-tecnologia"},"share_on_mastodon":{"url":"https:\/\/pubeurope.com\/@es\/115630127823688887","error":""},"_links":{"self":[{"href":"https:\/\/www.europesays.com\/es\/wp-json\/wp\/v2\/posts\/261211","targetHints":{"allow":["GET"]}}],"collection":[{"href":"https:\/\/www.europesays.com\/es\/wp-json\/wp\/v2\/posts"}],"about":[{"href":"https:\/\/www.europesays.com\/es\/wp-json\/wp\/v2\/types\/post"}],"author":[{"embeddable":true,"href":"https:\/\/www.europesays.com\/es\/wp-json\/wp\/v2\/users\/2"}],"replies":[{"embeddable":true,"href":"https:\/\/www.europesays.com\/es\/wp-json\/wp\/v2\/comments?post=261211"}],"version-history":[{"count":0,"href":"https:\/\/www.europesays.com\/es\/wp-json\/wp\/v2\/posts\/261211\/revisions"}],"wp:featuredmedia":[{"embeddable":true,"href":"https:\/\/www.europesays.com\/es\/wp-json\/wp\/v2\/media\/261212"}],"wp:attachment":[{"href":"https:\/\/www.europesays.com\/es\/wp-json\/wp\/v2\/media?parent=261211"}],"wp:term":[{"taxonomy":"category","embeddable":true,"href":"https:\/\/www.europesays.com\/es\/wp-json\/wp\/v2\/categories?post=261211"},{"taxonomy":"post_tag","embeddable":true,"href":"https:\/\/www.europesays.com\/es\/wp-json\/wp\/v2\/tags?post=261211"}],"curies":[{"name":"wp","href":"https:\/\/api.w.org\/{rel}","templated":true}]}}