{"id":261215,"date":"2025-11-29T00:22:08","date_gmt":"2025-11-29T00:22:08","guid":{"rendered":"https:\/\/www.europesays.com\/es\/261215\/"},"modified":"2025-11-29T00:22:08","modified_gmt":"2025-11-29T00:22:08","slug":"trump-indulta-a-expresidente-hondureno-juan-o-hernandez-dw-28-11-2025","status":"publish","type":"post","link":"https:\/\/www.europesays.com\/es\/261215\/","title":{"rendered":"Trump indulta a expresidente hondure\u00f1o Juan O. Hern\u00e1ndez \u2013 DW \u2013 28\/11\/2025"},"content":{"rendered":"<p>El presidente de Estados Unidos, <a class=\"internal-link\" href=\"https:\/\/www.dw.com\/es\/donald-trump\/t-19445010\" rel=\"nofollow noopener\" target=\"_blank\">Donald Trump<\/a>, anunci\u00f3 este viernes (28.11.2025) que indultar\u00e1 al exmandatario hondure\u00f1o Juan Orlando Hern\u00e1ndez (2014-2022), condenado en 2024 en Estados Unidos por tres cargos de <a class=\"internal-link\" href=\"https:\/\/www.dw.com\/es\/narcotr\u00e1fico\/t-17409535\" rel=\"nofollow noopener\" target=\"_blank\">narcotr\u00e1fico<\/a> y armas, incluyendo haber recibido dinero del capo mexicano <a class=\"internal-link\" href=\"https:\/\/www.dw.com\/es\/el-chapo-guzm\u00e1n\/t-19009998\" rel=\"nofollow noopener\" target=\"_blank\">Joaqu\u00edn &#8216;El Chapo&#8217; Guzm\u00e1n<\/a>. Hern\u00e1ndez <a class=\"internal-link\" href=\"https:\/\/www.dw.com\/es\/expresidente-de-honduras-condenado-a-45-a\u00f1os-de-c\u00e1rcel\/a-69486131\" rel=\"nofollow noopener\" target=\"_blank\">purgaba una condena de 45 a\u00f1os de presidio<\/a>.<\/p>\n<p>\u00abEstar\u00e9 concediendo un total y completo indulto al expresidente Juan Orlando Hern\u00e1ndez, quien ha sido tratado, de acuerdo con muchas personas a las que respeto mucho, de forma severa e injusta\u00bb, revel\u00f3 en su red social Truth Social el mandatario, que se presenta como un pol\u00edtico firme en la lucha contra el narcotr\u00e1fico y orden\u00f3 operaciones en el Caribe para frenar el ingreso de droga a su pa\u00eds.<\/p>\n<p>Trump inform\u00f3 del perd\u00f3n en una publicaci\u00f3n en la que, adem\u00e1s, reiter\u00f3 su apoyo al candidato conservador Nasry &#8216;Tito&#8217; Asfura, del Partido Nacional, la misma agrupaci\u00f3n pol\u00edtica de Hern\u00e1ndez, para las elecciones del domingo en Honduras, al prometer que \u00abhabr\u00e1 mucho apoyo\u00bb si dicho pol\u00edtico gana. \u00abVoten por Tito Asfura para presidente, y felicidades a Juan Orlando Hern\u00e1ndez por su pr\u00f3ximo indulto\u00bb, escribi\u00f3.<\/p>\n<p>Irrumpe en el proceso hondure\u00f1o<\/p>\n<p>Hern\u00e1ndez lleg\u00f3 extraditado en abril de 2022 a Estados Unidos, donde en marzo de 2024 fue sentenciado a 45 a\u00f1os de prisi\u00f3n por tres cargos de narcotr\u00e1fico y armas, m\u00e1s cinco a\u00f1os de libertad vigilada. Al exmandatario lo acusaron de haber recibido dinero del &#8216;Chapo&#8217; Guzm\u00e1n para financiar fraudes electorales a cambio de participar en una conspiraci\u00f3n que introdujo m\u00e1s de 500 toneladas de coca\u00edna en el pa\u00eds.<\/p>\n<p>Trump reiter\u00f3 en TruthSocial que la \u00abdemocracia est\u00e1 en juego\u00bb en Honduras, donde advirti\u00f3 de que el gobernante venezolano, Nicol\u00e1s Maduro, y sus \u00abnarcoterroristas\u00bb podr\u00edan \u00abtomar otro pa\u00eds como han tomado Cuba, Nicaragua y Venezuela\u00bb. El presidente consider\u00f3 que Asfura \u00abest\u00e1 luchando contra Maduro\u00bb, adem\u00e1s de alertar de consecuencias para Honduras si no lo eligen el domingo.<\/p>\n<p>\u00abSi Tito Asfura gana la presidencia de Honduras, como Estados Unidos tiene tanta confianza en \u00e9l, sus pol\u00edticas y lo que har\u00e1 para el gran pueblo de Honduras, daremos mucho apoyo. Si no gana, Estados Unidos no dar\u00e1 buen dinero porque un l\u00edder equivocado solo puede traer resultados catastr\u00f3ficos\u00bb, adelant\u00f3.<\/p>\n<p>DZC (EFE, Reuters)<\/p>\n","protected":false},"excerpt":{"rendered":"El presidente de Estados Unidos, Donald Trump, anunci\u00f3 este viernes (28.11.2025) que indultar\u00e1 al exmandatario hondure\u00f1o Juan Orlando&hellip;\n","protected":false},"author":2,"featured_media":261216,"comment_status":"","ping_status":"","sticky":false,"template":"","format":"standard","meta":{"footnotes":""},"categories":[42],"tags":[17,18,13,14,11,61,62,63,64,19,20,9,10,15,16,12,21,22,65,66,67],"class_list":{"0":"post-261215","1":"post","2":"type-post","3":"status-publish","4":"format-standard","5":"has-post-thumbnail","7":"category-internacional","8":"tag-breaking-news","9":"tag-breakingnews","10":"tag-featured-news","11":"tag-featurednews","12":"tag-headlines","13":"tag-internacional","14":"tag-international","15":"tag-international-news","16":"tag-internationalnews","17":"tag-latest-news","18":"tag-latestnews","19":"tag-news","20":"tag-noticias","21":"tag-noticias-destacadas","22":"tag-noticiasdestacadas","23":"tag-titulares","24":"tag-ultimas-noticias","25":"tag-ultimasnoticias","26":"tag-world","27":"tag-world-news","28":"tag-worldnews"},"share_on_mastodon":{"url":"https:\/\/pubeurope.com\/@es\/115630135388656952","error":""},"_links":{"self":[{"href":"https:\/\/www.europesays.com\/es\/wp-json\/wp\/v2\/posts\/261215","targetHints":{"allow":["GET"]}}],"collection":[{"href":"https:\/\/www.europesays.com\/es\/wp-json\/wp\/v2\/posts"}],"about":[{"href":"https:\/\/www.europesays.com\/es\/wp-json\/wp\/v2\/types\/post"}],"author":[{"embeddable":true,"href":"https:\/\/www.europesays.com\/es\/wp-json\/wp\/v2\/users\/2"}],"replies":[{"embeddable":true,"href":"https:\/\/www.europesays.com\/es\/wp-json\/wp\/v2\/comments?post=261215"}],"version-history":[{"count":0,"href":"https:\/\/www.europesays.com\/es\/wp-json\/wp\/v2\/posts\/261215\/revisions"}],"wp:featuredmedia":[{"embeddable":true,"href":"https:\/\/www.europesays.com\/es\/wp-json\/wp\/v2\/media\/261216"}],"wp:attachment":[{"href":"https:\/\/www.europesays.com\/es\/wp-json\/wp\/v2\/media?parent=261215"}],"wp:term":[{"taxonomy":"category","embeddable":true,"href":"https:\/\/www.europesays.com\/es\/wp-json\/wp\/v2\/categories?post=261215"},{"taxonomy":"post_tag","embeddable":true,"href":"https:\/\/www.europesays.com\/es\/wp-json\/wp\/v2\/tags?post=261215"}],"curies":[{"name":"wp","href":"https:\/\/api.w.org\/{rel}","templated":true}]}}