{"id":261219,"date":"2025-11-29T00:24:12","date_gmt":"2025-11-29T00:24:12","guid":{"rendered":"https:\/\/www.europesays.com\/es\/261219\/"},"modified":"2025-11-29T00:24:12","modified_gmt":"2025-11-29T00:24:12","slug":"the-mayor-is-very-simpatico","status":"publish","type":"post","link":"https:\/\/www.europesays.com\/es\/261219\/","title":{"rendered":"The mayor is very simp\u00e1tico"},"content":{"rendered":"<p class=\"c-paragraph\">La expectaci\u00f3n era m\u00e1xima y <a href=\"https:\/\/www.20minutos.es\/tags\/personas\/richard-gere.html\" title=\"Richard Gere\" rel=\"nofollow noopener\" target=\"_blank\">Richard Gere<\/a> no ha decepcionado. El actor estadounidense ha protagonizado este viernes el encendido del \u00e1rbol de Navidad municipal en <a href=\"https:\/\/www.20minutos.es\/tags\/temas\/murcia-1.html\" title=\"Murcia\" rel=\"nofollow noopener\" target=\"_blank\">Murcia<\/a>, en<b> un espect\u00e1culo apabullante de luz y color <\/b>en el que se ha atrevido con el spanglish.<\/p>\n<p class=\"c-paragraph\">Gere ha intervenido justo antes del encendido del \u00e1rbol, que ha corrido a cargo de los ni\u00f1os con c\u00e1ncer tratados por la Fundaci\u00f3n Aladina, que el actor apadrina, y ha tenido en primer lugar palabras de afecto para el alcalde de Murcia, <b>Jos\u00e9 Ballesta.<\/b><\/p>\n<p class=\"c-paragraph\">Gere, que empez\u00f3 diciendo en espa\u00f1ol: \u00ab\u00a1Hola Murcia!\u00bb y \u00ab\u00a1hola chicos y chicas!\u00bb, sigui\u00f3 hablando en ingl\u00e9s con el apoyo de una traductora y en una mezcla entre ambos idiomas dijo que Ballesta es<b> \u00abvery simp\u00e1tico\u00bb.<\/b> \u00abTen\u00e9is un alcalde incre\u00edble, pod\u00e9is estar muy orgullosos de \u00e9l, muy amable, muy cari\u00f1oso y muy simp\u00e1tico\u00bb, dijo en concreto.<\/p>\n<p class=\"c-paragraph\">El protagonista de \u00e9xitos como Oficial y caballero y Chicago\u00a0reflexion\u00f3 sobre la Navidad: \u00abVamos a iluminar y creo que esto es lo que nos recuerda qui\u00e9nes somos realmente, somos criaturas de luz, no somos seres oscuros, <b>no importa lo que digan los malos<\/b>, nacimos seres de luz y siempre seremos seres de luz\u00bb.<\/p>\n<p class=\"c-paragraph\">\u00abEstas celebraciones sirven para que podamos recordar que eso es exactamente lo que somos y<b> cuando la luz emerge se convierte en una<\/b>\u00ab, prosigui\u00f3 el actor de Philadelphia.\u00a0<\/p>\n<p class=\"c-paragraph\">\u00abAs\u00ed que espero que cuando se ilumine este incre\u00edble \u00e1rbol podamos imaginarnos que cada una de nuestras luces singulares se va a unir a las luces de todos los dem\u00e1s y podamos imaginarnos este jard\u00edn extraordinario que podr\u00eda ser este mundo,<b> si trabajamos juntos para que esto suceda<\/b>\u00ab, a\u00f1adi\u00f3.\u00a0<\/p>\n","protected":false},"excerpt":{"rendered":"La expectaci\u00f3n era m\u00e1xima y Richard Gere no ha decepcionado. El actor estadounidense ha protagonizado este viernes el&hellip;\n","protected":false},"author":2,"featured_media":261220,"comment_status":"","ping_status":"","sticky":false,"template":"","format":"standard","meta":{"footnotes":""},"categories":[5],"tags":[17,18,63384,25,24,5604,13,14,12075,11,19,20,9,10,15,16,20521,12074,23,12,21,22],"class_list":{"0":"post-261219","1":"post","2":"type-post","3":"status-publish","4":"format-standard","5":"has-post-thumbnail","7":"category-titulares","8":"tag-breaking-news","9":"tag-breakingnews","10":"tag-encendido","11":"tag-es","12":"tag-espana","13":"tag-espectacular","14":"tag-featured-news","15":"tag-featurednews","16":"tag-gere","17":"tag-headlines","18":"tag-latest-news","19":"tag-latestnews","20":"tag-news","21":"tag-noticias","22":"tag-noticias-destacadas","23":"tag-noticiasdestacadas","24":"tag-protagoniza","25":"tag-richard","26":"tag-spain","27":"tag-titulares","28":"tag-ultimas-noticias","29":"tag-ultimasnoticias"},"share_on_mastodon":{"url":"https:\/\/pubeurope.com\/@es\/115630143125988914","error":""},"_links":{"self":[{"href":"https:\/\/www.europesays.com\/es\/wp-json\/wp\/v2\/posts\/261219","targetHints":{"allow":["GET"]}}],"collection":[{"href":"https:\/\/www.europesays.com\/es\/wp-json\/wp\/v2\/posts"}],"about":[{"href":"https:\/\/www.europesays.com\/es\/wp-json\/wp\/v2\/types\/post"}],"author":[{"embeddable":true,"href":"https:\/\/www.europesays.com\/es\/wp-json\/wp\/v2\/users\/2"}],"replies":[{"embeddable":true,"href":"https:\/\/www.europesays.com\/es\/wp-json\/wp\/v2\/comments?post=261219"}],"version-history":[{"count":0,"href":"https:\/\/www.europesays.com\/es\/wp-json\/wp\/v2\/posts\/261219\/revisions"}],"wp:featuredmedia":[{"embeddable":true,"href":"https:\/\/www.europesays.com\/es\/wp-json\/wp\/v2\/media\/261220"}],"wp:attachment":[{"href":"https:\/\/www.europesays.com\/es\/wp-json\/wp\/v2\/media?parent=261219"}],"wp:term":[{"taxonomy":"category","embeddable":true,"href":"https:\/\/www.europesays.com\/es\/wp-json\/wp\/v2\/categories?post=261219"},{"taxonomy":"post_tag","embeddable":true,"href":"https:\/\/www.europesays.com\/es\/wp-json\/wp\/v2\/tags?post=261219"}],"curies":[{"name":"wp","href":"https:\/\/api.w.org\/{rel}","templated":true}]}}