{"id":261225,"date":"2025-11-29T00:32:12","date_gmt":"2025-11-29T00:32:12","guid":{"rendered":"https:\/\/www.europesays.com\/es\/261225\/"},"modified":"2025-11-29T00:32:12","modified_gmt":"2025-11-29T00:32:12","slug":"el-bilbao-basket-se-protege-de-agentes-externos-que-puedan-desligar-el-club-de-la-ciudad","status":"publish","type":"post","link":"https:\/\/www.europesays.com\/es\/261225\/","title":{"rendered":"El Bilbao Basket se protege de agentes externos que puedan desligar el club de la ciudad"},"content":{"rendered":"<p class=\"\"><b>El Bilbao Basket ha anunciado una novedosa f\u00f3rmula que quiere \u201canclar\u201d la entidad a Bizkaia y evitar tentaciones de alg\u00fan particular o sociedad que tome las riendas del club como un capricho y pueda desligarlo de la provincia.<\/b> La andadura arranc\u00f3 en abril tras la autorizaci\u00f3n del CSD. En junio la mayor\u00eda de los accionistas con participaci\u00f3n relevante renunciaron a su titularidad individual y unieron sus acciones bajo el nombre de <b>Bilbao Basket Sustraitzen, un modelo de propiedad colectiva que nace para proteger el arraigo del club<\/b> y garantizar un futuro ligado al territorio. De momento ha agrupado al 43,77 por ciento del capital social, esto es, 12 personas, pero ha comprometido a otra serie de poseedores de t\u00edtulos para alcanzar un 51 por ciento. La entidad se\u00f1al\u00f3 que esta iniciativa \u201crefleja el tejido socioecon\u00f3mico y social del entorno y que busca asegurar estabilidad, identidad y vocaci\u00f3n de servicio p\u00fablico\u201d.<\/p>\n<p class=\"\">Todo el consejo actual ha comparecido para presentar esta f\u00f3rmula, resaltando que la c\u00fapula del Bilbao Basket no se mueve por los terrenos de la propiedad sino en la gesti\u00f3n. Y quieren blindarse ante las llegadas en muchas sociedades an\u00f3nimas de mecenas que luego imponen su modelo a su antojo o fondos de inversi\u00f3n que los dejan en los huesos. \u201cSustraitzen responde a la necesidad de consolidar un modelo estable, profesional y sostenible, coherente con los valores del territorio. En un contexto internacional marcado por la volatilidad y por modelos de propiedad ef\u00edmeros, esta estructura ofrece seguridad: un marco local, transparente y compartido orientado al bien com\u00fan\u201d, resaltaron. <b>La presidenta Isabel Iturbe ha estado acompa\u00f1ada, por lo tanto, por Carlos del Campo, Asier Guezuraga, \u00d3scar Zabala, Xabier Ca\u00f1o y Pablo Allende. <\/b><\/p>\n<p class=\"\">El acuerdo societario ha sido tutelado por BBK, que ha contribuido a dejar la deuda a cero. El club indic\u00f3 que este pacto fija compromisos de gobernanza compartida, vinculaci\u00f3n legal y estabilidad, y que fue elevado a p\u00fablico ante notario para blindar la continuidad del proyecto frente a modelos especulativos.<b> Las decisiones estrat\u00e9gicas se adoptar\u00e1n de forma colegiada y conforme a principios fundacionales como el arraigo territorial, la sostenibilidad econ\u00f3mica<\/b>, la profesionalizaci\u00f3n de la gesti\u00f3n, la identidad colectiva, el compromiso social y medioambiental, la promoci\u00f3n del talento local y la autonom\u00eda deportiva.<\/p>\n<p class=\"\">La entidad considera que ahora mismo es un caramelo que puede atraer a potenciales accionistas con af\u00e1n de marcar el destino de una entidad que tras las ampliaciones de capital de 2020 y 2023, presenta fondos propios positivos y ha cancelado su deuda hist\u00f3rica. De hecho,<b> va arrojando a\u00f1o a a\u00f1o n\u00fameros positivos y este a\u00f1o se presentar\u00e1 en junta un super\u00e1vit de 400.000 euros. <\/b><\/p>\n<p class=\"\">En lo deportivo, el club destac\u00f3 que el primer equipo mantiene su competitividad en la Liga ACB y ha logrado hitos como el t\u00edtulo de la FIBA Europe Cup.<b> La cantera, con cerca de 300 deportistas en Artxanda, <\/b>se ha ampliado con un proyecto femenino en crecimiento. \u201cBilbao Basket se ha consolidado como referente en la formaci\u00f3n de talento y en la promoci\u00f3n del baloncesto en Bizkaia\u201d, se\u00f1alan los dirigentes.<\/p>\n<p class=\"\">El proyecto cuenta con el apoyo de la Diputaci\u00f3n Foral de Bizkaia, que considera al club un activo estrat\u00e9gico del territorio; el Ayuntamiento de Bilbao, que ha facilitado infraestructuras como Miribilla y la ciudad deportiva de Artxanda; y de BBK, que aporta legitimidad. Adem\u00e1s, Surne, socio estable desde hace m\u00e1s de dos d\u00e9cadas, ha renovado su acuerdo poniendo nombre al equipo por otros cinco a\u00f1os, reflejando una visi\u00f3n compartida de largo plazo.<\/p>\n<p>Noticias relacionadas<a href=\"https:\/\/as.com\/baloncesto\/ponsarnau-es-una-tentacion-mirar-la-clasificacion-pero-me-gusta-invertir-a-largo-plazo-f202511-n\/\" class=\"s_m_w\" title=\"Llega el derbi del Bilbao Basket ante el Baskonia con ganas de mirar a la parte alta de la tabla.\" data-tb-link=\"\" rel=\"nofollow noopener\" target=\"_blank\"><img decoding=\"async\" src=\"https:\/\/www.europesays.com\/es\/wp-content\/uploads\/2025\/11\/3RBWPPIXRJPM5C7EUGWBWELPHA.jpg\" alt=\"Ponsarnau: \u201cEs una tentaci\u00f3n mirar la clasificaci\u00f3n, pero me gusta invertir a largo plazo\u201d\" class=\"\" height=\"9\" width=\"16\"   loading=\"lazy\" data-tb-thumbnail=\"\"\/><\/a><a href=\"https:\/\/as.com\/baloncesto\/bilbao-kutaisi-f202511-n\/\" class=\"s_m_w\" title=\"PAOK, Prievidza eslovaco y Sporting de Portugal, rivales en la segunda fase tras una nueva demolici\u00f3n ante el Kutaisi.\" data-tb-link=\"\" rel=\"nofollow noopener\" target=\"_blank\"><img decoding=\"async\" src=\"https:\/\/www.europesays.com\/es\/wp-content\/uploads\/2025\/11\/AAGDCEFS3NNNVEPWNVRRZIGFH4.jpg\" alt=\"El Surne Bilbao acaba su paseo como l\u00edder\" class=\"\" height=\"9\" width=\"16\"   loading=\"lazy\" data-tb-thumbnail=\"\"\/><\/a><\/p>\n<p class=\"\">El que quiera entrar como accionista fuerte deber\u00e1 seguir algo as\u00ed como un f\u00e9rreo dec\u00e1logo de comportamiento. \u201cTenemos que intentar devolver lo que un d\u00eda recibimos. No hay una posici\u00f3n de ser due\u00f1os sino de pensar que este club pertenece a su afici\u00f3n y al territorio\u201d, insiste Guezuraga. Los viejos mecanismos en los que Gorka Arrinda hac\u00eda y deshac\u00eda como due\u00f1o quedan desmontados. El accionariado est\u00e1 muy atomizado en la actualidad y esos peque\u00f1os propietarios suponen un 40 por ciento. <\/p>\n<p class=\"\"><b>\u00a1Tus opiniones importan!<\/b> Comenta en los art\u00edculos y suscr\u00edbete gratis a nuestra <a href=\"https:\/\/asfan.as.com\/newsletters\/\" target=\"_blank\" rel=\"nofollow noopener\" title=\"https:\/\/asfan.as.com\/newsletters\/\">newsletter<\/a> y a las alertas informativas en la <a href=\"https:\/\/as.com\/aplicacion-de-as-n\/\" target=\"_blank\" rel=\"nofollow noopener\" title=\"https:\/\/as.com\/aplicacion-de-as-n\/\">App<\/a> o el canal de <a href=\"https:\/\/www.whatsapp.com\/channel\/0029VaAasdA7j6g745nz9M10\" target=\"_blank\" rel=\"nofollow noopener\" title=\"https:\/\/www.whatsapp.com\/channel\/0029VaAasdA7j6g745nz9M10\">WhatsApp<\/a>. \u00bfBuscas licenciar contenido? Haz clic <a href=\"https:\/\/profesional.elpais.com\/soluciones-sindicacion?utm_medium=interno&amp;utm_source=crosslinking&amp;utm_campaign=sindicacion_as_pie_articulos\" target=\"_blank\" rel=\"nofollow noopener\" title=\"https:\/\/profesional.elpais.com\/soluciones-sindicacion?utm_medium=interno&amp;utm_source=crosslinking&amp;utm_campaign=sindicacion_as_pie_articulos\">aqu\u00ed<\/a><\/p>\n","protected":false},"excerpt":{"rendered":"El Bilbao Basket ha anunciado una novedosa f\u00f3rmula que quiere \u201canclar\u201d la entidad a Bizkaia y evitar tentaciones&hellip;\n","protected":false},"author":2,"featured_media":261226,"comment_status":"","ping_status":"","sticky":false,"template":"","format":"standard","meta":{"footnotes":""},"categories":[269],"tags":[299,298,168,25,24,23,167],"class_list":{"0":"post-261225","1":"post","2":"type-post","3":"status-publish","4":"format-standard","5":"has-post-thumbnail","7":"category-baloncesto","8":"tag-baloncesto","9":"tag-basketball","10":"tag-deportes","11":"tag-es","12":"tag-espana","13":"tag-spain","14":"tag-sports"},"share_on_mastodon":{"url":"https:\/\/pubeurope.com\/@es\/115630175074470901","error":""},"_links":{"self":[{"href":"https:\/\/www.europesays.com\/es\/wp-json\/wp\/v2\/posts\/261225","targetHints":{"allow":["GET"]}}],"collection":[{"href":"https:\/\/www.europesays.com\/es\/wp-json\/wp\/v2\/posts"}],"about":[{"href":"https:\/\/www.europesays.com\/es\/wp-json\/wp\/v2\/types\/post"}],"author":[{"embeddable":true,"href":"https:\/\/www.europesays.com\/es\/wp-json\/wp\/v2\/users\/2"}],"replies":[{"embeddable":true,"href":"https:\/\/www.europesays.com\/es\/wp-json\/wp\/v2\/comments?post=261225"}],"version-history":[{"count":0,"href":"https:\/\/www.europesays.com\/es\/wp-json\/wp\/v2\/posts\/261225\/revisions"}],"wp:featuredmedia":[{"embeddable":true,"href":"https:\/\/www.europesays.com\/es\/wp-json\/wp\/v2\/media\/261226"}],"wp:attachment":[{"href":"https:\/\/www.europesays.com\/es\/wp-json\/wp\/v2\/media?parent=261225"}],"wp:term":[{"taxonomy":"category","embeddable":true,"href":"https:\/\/www.europesays.com\/es\/wp-json\/wp\/v2\/categories?post=261225"},{"taxonomy":"post_tag","embeddable":true,"href":"https:\/\/www.europesays.com\/es\/wp-json\/wp\/v2\/tags?post=261225"}],"curies":[{"name":"wp","href":"https:\/\/api.w.org\/{rel}","templated":true}]}}