{"id":261227,"date":"2025-11-29T00:33:17","date_gmt":"2025-11-29T00:33:17","guid":{"rendered":"https:\/\/www.europesays.com\/es\/261227\/"},"modified":"2025-11-29T00:33:17","modified_gmt":"2025-11-29T00:33:17","slug":"marc-cardona-inaki-y-adam-arvelo-los-descartes-de-la-ud-las-palmas","status":"publish","type":"post","link":"https:\/\/www.europesays.com\/es\/261227\/","title":{"rendered":"Marc Cardona, I\u00f1aki y Adam Arvelo, los descartes de la UD Las Palmas"},"content":{"rendered":"<p class=\"ft-text ft-helper-closenews\"><strong>Un viaje para la historia sin Marc Cardona<\/strong>. El ariete leridano conforma la principal ausencia en la relaci\u00f3n de 23 convocados de la UD Las Palmas, en la que tampoco figuran el tinerfe\u00f1o Adam Arvelo o el canterano I\u00f1aki. El plantel se ejercit\u00f3 esta ma\u00f1ana en la Ciudad Deportiva de Barranco Seco y vol\u00f3 por la tarde al Aeropuerto de Valencia. <a class=\"ft-link ft-link--decoration\" href=\"https:\/\/www.laprovincia.es\/ud-las-palmas\/2025\/11\/26\/nuevo-reto-indestructible-ud-palmas-124133395.html\" rel=\"nofollow noopener\" target=\"_blank\">El reto es tomar por primera vez el SkyFi Castalia, uno de los templos malditos para la UD en Segunda &#8211;<\/a>junto El Alcoraz, Anduva, Nacional de Andorra y El Plant\u00edo- para seguir invictos de visitante.<strong>\u00a0<\/strong><\/p>\n<p class=\"ft-text\">Ma\u00f1ana, hay una sesi\u00f3n preparatoria en la Ciudad Deportiva del Villarreal y se aguarda en las pr\u00f3ximas horas, la visita de Alberto Moleiro, ex de la UD y una de las estrellas del &#8216;Submarino Amarillo&#8217;<strong>, al cuartel general &#8216;p\u00edo p\u00edo&#8217;. Cabe rese\u00f1ar que Jere Recobita -KO toda la temporada por la rotura del ligamento cruzado de la rodilla-, Sandro Ram\u00edrez -sin fecha de regreso- y Ale Garc\u00eda -rotura muscular en el isquio- est\u00e1n lesionados. <\/strong><\/p>\n<p><img decoding=\"async\" src=\"https:\/\/www.europesays.com\/es\/wp-content\/uploads\/2025\/11\/bc06324c-7c01-4abd-9852-301213e0b463_alta-libre-aspect-ratio_default_0.jpg\" width=\"1200\" height=\"1500\" alt=\"Jes\u00e9, Lukovic y Churripi, esta tarde, en Barranco Seco.\" class=\"ft-helper-img-rd\" loading=\"lazy\"\/><\/p>\n<p class=\"ft-helper-fontColor-quaternary ft-helper-fontSize-body-S ft-helper-spacer-t-xxs\">Jes\u00e9, Lukovic y Churripi, esta tarde, en Barranco Seco.  \/ LA PROVINCIA \/ DLP<\/p>\n<p class=\"ft-text\"><strong>La lista de expedicionarios de Luis Garc\u00eda Fern\u00e1ndez<\/strong>, que esta ma\u00f1ana puso en valor la inteligencia y madurez de Kirian -sin minutos en la \u00faltima contienda ante el Albacete Balompi\u00e9-, la conforman:<\/p>\n<p class=\"ft-text\">Dinko Horkas, Adri Su\u00e1rez, Churripi, Marvin Park, Su\u00e1rez, Viti Rozada, Sergio Barcia, Mika M\u00e1rmol, Valent\u00edn, Enrique Clemente, Herzog, Cristian Guti\u00e9rrez, Enzo Loiodice, Amatucci, Kirian Rodr\u00edguez, Cede\u00f1o, Gil, Fuster, Peji\u00f1o, Jonathan Viera, Mata, Lukovic y Jes\u00e9 Rodr\u00edguez.<\/p>\n<p><img decoding=\"async\" src=\"https:\/\/www.europesays.com\/es\/wp-content\/uploads\/2025\/11\/73c2cae0-399e-4fff-abf8-224fb73e4502_alta-libre-aspect-ratio_default_0.jpg\" width=\"1200\" height=\"1500\" alt=\"Fuster, Churripi y Gil.\" class=\"ft-helper-img-rd\" loading=\"lazy\"\/><\/p>\n<p class=\"ft-helper-fontColor-quaternary ft-helper-fontSize-body-S ft-helper-spacer-t-xxs\">Fuster, Churripi y Gil.  \/ LA PROVINCIA \/ DLP<\/p>\n<p data-close=\"closedContent\" class=\"subscribeHideForDisplay\">Suscr\u00edbete para seguir leyendo<\/p>\n","protected":false},"excerpt":{"rendered":"Un viaje para la historia sin Marc Cardona. El ariete leridano conforma la principal ausencia en la relaci\u00f3n&hellip;\n","protected":false},"author":2,"featured_media":261228,"comment_status":"","ping_status":"","sticky":false,"template":"","format":"standard","meta":{"footnotes":""},"categories":[268],"tags":[65203,21496,168,24058,25,24,280,282,6616,12182,6489,38048,281,23,167,4407,4406],"class_list":{"0":"post-261227","1":"post","2":"type-post","3":"status-publish","4":"format-standard","5":"has-post-thumbnail","7":"category-futbol","8":"tag-cardona","9":"tag-ciudad-deportiva","10":"tag-deportes","11":"tag-dlp","12":"tag-es","13":"tag-espana","14":"tag-football","15":"tag-futbol","16":"tag-inaki","17":"tag-lista","18":"tag-marc","19":"tag-secreta","20":"tag-soccer","21":"tag-spain","22":"tag-sports","23":"tag-ud","24":"tag-ud-las-palmas"},"share_on_mastodon":{"url":"https:\/\/pubeurope.com\/@es\/115630178838255772","error":""},"_links":{"self":[{"href":"https:\/\/www.europesays.com\/es\/wp-json\/wp\/v2\/posts\/261227","targetHints":{"allow":["GET"]}}],"collection":[{"href":"https:\/\/www.europesays.com\/es\/wp-json\/wp\/v2\/posts"}],"about":[{"href":"https:\/\/www.europesays.com\/es\/wp-json\/wp\/v2\/types\/post"}],"author":[{"embeddable":true,"href":"https:\/\/www.europesays.com\/es\/wp-json\/wp\/v2\/users\/2"}],"replies":[{"embeddable":true,"href":"https:\/\/www.europesays.com\/es\/wp-json\/wp\/v2\/comments?post=261227"}],"version-history":[{"count":0,"href":"https:\/\/www.europesays.com\/es\/wp-json\/wp\/v2\/posts\/261227\/revisions"}],"wp:featuredmedia":[{"embeddable":true,"href":"https:\/\/www.europesays.com\/es\/wp-json\/wp\/v2\/media\/261228"}],"wp:attachment":[{"href":"https:\/\/www.europesays.com\/es\/wp-json\/wp\/v2\/media?parent=261227"}],"wp:term":[{"taxonomy":"category","embeddable":true,"href":"https:\/\/www.europesays.com\/es\/wp-json\/wp\/v2\/categories?post=261227"},{"taxonomy":"post_tag","embeddable":true,"href":"https:\/\/www.europesays.com\/es\/wp-json\/wp\/v2\/tags?post=261227"}],"curies":[{"name":"wp","href":"https:\/\/api.w.org\/{rel}","templated":true}]}}