{"id":261229,"date":"2025-11-29T00:34:10","date_gmt":"2025-11-29T00:34:10","guid":{"rendered":"https:\/\/www.europesays.com\/es\/261229\/"},"modified":"2025-11-29T00:34:10","modified_gmt":"2025-11-29T00:34:10","slug":"la-receta-vasca-que-seduce-a-pedroche-para-inspirar-su-vestido-de-las-campanadas","status":"publish","type":"post","link":"https:\/\/www.europesays.com\/es\/261229\/","title":{"rendered":"La receta vasca que seduce a Pedroche para inspirar su vestido de las Campanadas"},"content":{"rendered":"<p class=\"v-mdl-ath__p v-mdl-ath__p--6\">\nViernes, 28 de noviembre 2025, 19:31<\/p>\n<p class=\"v-p\">El vestido de Cristina Pedroche en las Campanadas se ha convertido en el \u00faltimo gran misterio de cada a\u00f1o. Ya es una tradici\u00f3n televisiva descubrir qu\u00e9 rompedor &#8216;look&#8217; elige la presentadora para lucir en la Puerta del Sol junto a su compa\u00f1ero Alberto Chicote. Y, claro, es normal que le salgan pretendientes para inspirar su atrevido estilismo. Uno de los \u00faltimos, la firma detr\u00e1s de una conocida receta vasca. <\/p>\n<p class=\"v-p\">Todo tiene su l\u00f3gica. Resulta que la novia del chef Dabiz Mu\u00f1oz protagoniza la campa\u00f1a de Navidad de &#8216;La gula del norte&#8217;, el conocido producto comercializado por la empresa Angulas Aguinaga, una peque\u00f1a empresa fundada en 1974 en la costa vasca. En su curiosa promoci\u00f3n por estas fechas, los ejecutivos de la compa\u00f1\u00eda proponen a Pedroche llevar un vestido \u00abrompedor\u00bb basado en sus conocidas gulas. Ella no da cr\u00e9dito. <\/p>\n<p class=\"v-p\">Todo comienza con una llamada telef\u00f3nica. \u00ab\u00bfUn vestido de qu\u00e9? Rep\u00edtemelo&#8230; no s\u00e9 si te entiendo, la verdad\u00bb, se extra\u00f1aba la periodista. En la reuni\u00f3n con los directivos de la firma sigue sin convencerle el tema. \u00abEs un concepto fuerte. No es el vestido, es el &#8216;statement&#8217;\u00bb, le seduce un ejecutivo. \u00ab\u00bfSab\u00e9is que los vestidos reivindican algo importante?\u00bb, les recuerda ella. Claro, para ellos la gula lo es. <\/p>\n<p class=\"v-p\">Pedroche busca otras opiniones. La de su amigo y dise\u00f1ador Josie, la de su madre&#8230; \u00ab\u00bfSolo a m\u00ed me parece una locura? Esto es una locura. La gula me encanta con su guindilita, mam\u00e1. Pero en un vestido no lo veo\u00bb, le insiste por tel\u00e9fono. Ya solo ve se\u00f1ales que la invitan a pon\u00e9rselo. En un anuncio por la calle, en la grada de un campo de f\u00fatbol retransmitido en televisi\u00f3n, en un mensaje de la reina Letizia&#8230; Por todos lados. <\/p>\n<p>Reporta un error<\/p>\n","protected":false},"excerpt":{"rendered":"Viernes, 28 de noviembre 2025, 19:31 El vestido de Cristina Pedroche en las Campanadas se ha convertido en&hellip;\n","protected":false},"author":2,"featured_media":261230,"comment_status":"","ping_status":"","sticky":false,"template":"","format":"standard","meta":{"footnotes":""},"categories":[174],"tags":[48603,255,146,147,25,24,947,256,65205,32459,61248,65204,23,11777,13011],"class_list":{"0":"post-261229","1":"post","2":"type-post","3":"status-publish","4":"format-standard","5":"has-post-thumbnail","7":"category-famosos","8":"tag-campanadas","9":"tag-celebrities","10":"tag-entertainment","11":"tag-entretenimiento","12":"tag-es","13":"tag-espana","14":"tag-esperado","15":"tag-famosos","16":"tag-inspirar","17":"tag-pedroche","18":"tag-receta","19":"tag-seduce","20":"tag-spain","21":"tag-vasca","22":"tag-vestido"},"share_on_mastodon":{"url":"https:\/\/pubeurope.com\/@es\/115630182500249065","error":""},"_links":{"self":[{"href":"https:\/\/www.europesays.com\/es\/wp-json\/wp\/v2\/posts\/261229","targetHints":{"allow":["GET"]}}],"collection":[{"href":"https:\/\/www.europesays.com\/es\/wp-json\/wp\/v2\/posts"}],"about":[{"href":"https:\/\/www.europesays.com\/es\/wp-json\/wp\/v2\/types\/post"}],"author":[{"embeddable":true,"href":"https:\/\/www.europesays.com\/es\/wp-json\/wp\/v2\/users\/2"}],"replies":[{"embeddable":true,"href":"https:\/\/www.europesays.com\/es\/wp-json\/wp\/v2\/comments?post=261229"}],"version-history":[{"count":0,"href":"https:\/\/www.europesays.com\/es\/wp-json\/wp\/v2\/posts\/261229\/revisions"}],"wp:featuredmedia":[{"embeddable":true,"href":"https:\/\/www.europesays.com\/es\/wp-json\/wp\/v2\/media\/261230"}],"wp:attachment":[{"href":"https:\/\/www.europesays.com\/es\/wp-json\/wp\/v2\/media?parent=261229"}],"wp:term":[{"taxonomy":"category","embeddable":true,"href":"https:\/\/www.europesays.com\/es\/wp-json\/wp\/v2\/categories?post=261229"},{"taxonomy":"post_tag","embeddable":true,"href":"https:\/\/www.europesays.com\/es\/wp-json\/wp\/v2\/tags?post=261229"}],"curies":[{"name":"wp","href":"https:\/\/api.w.org\/{rel}","templated":true}]}}