{"id":261239,"date":"2025-11-29T00:43:17","date_gmt":"2025-11-29T00:43:17","guid":{"rendered":"https:\/\/www.europesays.com\/es\/261239\/"},"modified":"2025-11-29T00:43:17","modified_gmt":"2025-11-29T00:43:17","slug":"lucy-no-estaba-sola-un-misterioso-pie-de-hace-34-millones-de-anos-complica-la-evolucion-humana-ciencia","status":"publish","type":"post","link":"https:\/\/www.europesays.com\/es\/261239\/","title":{"rendered":"\u2018Lucy\u2019 no estaba sola: un misterioso pie de hace 3,4 millones de a\u00f1os complica la evoluci\u00f3n humana | Ciencia"},"content":{"rendered":"<p class=\"\">Son solo ocho huesos, pero vienen a complicar la ya compleja historia de la <a href=\"https:\/\/elpais.com\/noticias\/evolucion-humana\/\" target=\"_self\" rel=\"nofollow noopener\" title=\"https:\/\/elpais.com\/noticias\/evolucion-humana\/\">evoluci\u00f3n humana<\/a>. En 2009, se descubrieron en el yacimiento de Woranso-Mille (Afar, Etiop\u00eda) fragmentos del pie de un individuo que caminaba ya erguido hace casi 3,4 millones de a\u00f1os. Se cre\u00eda que all\u00ed entonces solo viv\u00edan Australopithecus afarensis, <a href=\"https:\/\/elpais.com\/ciencia\/2024-11-12\/el-legado-de-lucy-la-australopiteca-que-cambio-nuestra-idea-de-la-evolucion-humana-hace-50-anos.html\" target=\"_self\" rel=\"nofollow noopener\" title=\"https:\/\/elpais.com\/ciencia\/2024-11-12\/el-legado-de-lucy-la-australopiteca-que-cambio-nuestra-idea-de-la-evolucion-humana-hace-50-anos.html\">grupo al que pertenec\u00eda Lucy<\/a>, considerado ancestro com\u00fan de los primates erguidos que vinieron despu\u00e9s, incluidos los humanos. Sus descubridores no sab\u00edan a qu\u00e9 especie pertenec\u00eda ese pie, pero estaban seguros de que no era de la especie de la abuela Lucy. Fue tal el escepticismo de los paleoantrop\u00f3logos que el pie qued\u00f3 hu\u00e9rfano hasta ahora. Un trabajo publicado este mi\u00e9rcoles en <a href=\"https:\/\/www.nature.com\/articles\/s41586-025-09714-4\" target=\"_self\" rel=\"nofollow noopener\" title=\"https:\/\/www.nature.com\/articles\/s41586-025-09714-4\">Nature<\/a> y liderado por el mismo que descubriera aquellos ocho huesos, le ha encontrado un due\u00f1o: era otro tipo de australopiteco (Australopithecus deyiremeda). Y convivi\u00f3 con Lucy, y era b\u00edpedo como ella, pero a\u00fan manifestaba querencia por los \u00e1rboles.<\/p>\n<p class=\"\">\u201cEste trabajo se apoya en nuevos hallazgos que asocian claramente el pie con un A. deyiremeda\u201d, dice en una entrevista el director del Instituto de los Or\u00edgenes Humanos y profesor de la Universidad Estatal de Arizona (Estados Unidos), Yohannes Haile-Selassie. Su grupo hall\u00f3 en 2015 gran cantidad de dientes, un maxilar y mand\u00edbulas incompletas de <a href=\"https:\/\/elpais.com\/elpais\/2015\/05\/27\/ciencia\/1432739554_940956.html\" target=\"_self\" rel=\"nofollow noopener\" title=\"https:\/\/elpais.com\/elpais\/2015\/05\/27\/ciencia\/1432739554_940956.html\">una nueva especie de australopiteco que apellidaron deyiremeda<\/a>. En la lengua afar de la regi\u00f3n, significa algo as\u00ed como pariente pr\u00f3ximo. La relevancia de aquel descubrimiento resid\u00eda en que se colaba en la lista de posibles ancestros de todos los humanos. Haile-Selassie estaba convencido de que el pie deb\u00eda ser de uno de esos parientes cercanos, pero no ha podido dibujar la l\u00ednea de puntos hasta este nuevo trabajo.<\/p>\n<p class=\"\">Gracias a la nueva remesa de dientes, en especial una mand\u00edbula casi completa de un individuo joven que conservaba dientes de leche, ahora se ve el pie de 2009 con otros ojos. Entre los paleont\u00f3logos y antrop\u00f3logos hay una especie de ley no escrita: sin un nuevo cr\u00e1neo, cuesta aceptar una nueva especie. Pero, al combinar el pie con lo descubierto en 2015 y los nuevos restos, sus descubridores pueden contar mucho m\u00e1s sobre el A. deyiremeda. Los ocho huesos de la extremidad, en particular unas falanges m\u00e1s alargadas y la porci\u00f3n del dedo gordo que encontraron, que recuerda al de los chimpanc\u00e9s, indican que caminaba sobre dos patas, pero segu\u00eda siendo arbor\u00edcola. Y esto lo refuerza el estudio de su dentadura.<\/p>\n<p><img decoding=\"auto\" class=\"_re lazyload a_m-h\" height=\"272\"  width=\"414\"  src=\"https:\/\/www.europesays.com\/es\/wp-content\/uploads\/2025\/11\/4UDYLMR5ZVDGLFJK3TDO4QLDCQ.jpg\" loading=\"lazy\"\/>En 2015, el hallazgo de dientes y mand\u00edbulas parciales como la de la imagen supuso el descubrimiento de una nueva especie, el &#8216;A. deyiremeda&#8217;.Yohannes Haile-Selassie<\/p>\n<p class=\"\">\u201cLos dientes nos dan mucha informaci\u00f3n\u201d, resume la investigadora de la Universidad de Michigan (Estados Unidos) y coautora del estudio, <a href=\"https:\/\/sites.lsa.umich.edu\/levin-lab\/\" target=\"_self\" rel=\"nofollow noopener\" title=\"https:\/\/sites.lsa.umich.edu\/levin-lab\/\">Naomi Levin<\/a>. La dataci\u00f3n de los restos de A. deyiremeda encontrados en tres lugares distintos, pero todos a pocos kil\u00f3metros de Hadar, donde se hall\u00f3 el esqueleto de Lucy, indica que coincidieron en el tiempo y en el espacio. \u201cSin embargo, la qu\u00edmica de los dientes muestra que estos dos hom\u00ednidos, estrechamente relacionados, ten\u00edan comportamientos diferentes, aunque su desarrollo fuera similar\u201d, contin\u00faa Levin en un correo. <\/p>\n<p class=\"\">El an\u00e1lisis de los is\u00f3topos de carbono presentes en el esmalte desvelan que los afarensis no solo com\u00edan una mayor variedad de alimentos, sino que muchos ya proced\u00edan del suelo, hierba, gram\u00edneas, pastos, etc. Mientras, los dientes de los deyiremeda apuntan a que a\u00fan se alimentaban con hojas y frutos, es decir, \u00e1rbol arriba.<\/p>\n<p class=\"\">Haile-Selassie mantiene que hubo dos especies conviviendo, aunque tuvieran adaptaciones locomotoras diferentes. \u201cAhora podemos afirmar que los A. afarensis y A. deyiremeda eran vecinos, pero hac\u00edan cosas distintas\u201d. Con movilidad y dieta diferenciadas, ambos linajes pudieron coexistir sin tener que competir, es decir, sin tener que matarse entre ellos. En caso contrario, \u201cuna de las dos se habr\u00eda extinguido\u201d, termina Haile-Selassie.<\/p>\n<p><img decoding=\"auto\" class=\"_re lazyload a_m-h\" height=\"300\"  width=\"414\"  src=\"https:\/\/www.europesays.com\/es\/wp-content\/uploads\/2025\/11\/5FX7NGSL3VCERPBQ34UPQIHSQ4.jpeg\" loading=\"lazy\"\/>La mand\u00edbula de un joven, aun con dientes de leche, ha sido clave para saber qu\u00e9 com\u00edan los nuevos australopitecos. En la imagen, a\u00fan por excavar.Stephanie Melillo<\/p>\n<p class=\"\">El ge\u00f3logo Llu\u00eds Gibert, de la Universidad de Barcelona, lleva a\u00f1os acompa\u00f1ando a Haile-Selassie en sus excavaciones en el norte de Etiop\u00eda. Coautor del nuevo trabajo, recuerda que los f\u00f3siles se encuentran dentro de sedimentos y esos sedimentos indican c\u00f3mo era el entorno. \u201cLa evoluci\u00f3n del medio f\u00edsico es lo que condiciona la evoluci\u00f3n humana\u201d, destaca. \u201c\u00c1frica se estaba partiendo en dos\u201d, recuerda Gibert. \u201cEse proceso de ruptura condicion\u00f3 la evoluci\u00f3n del paisaje, pasando de un ambiente de bosques tipo m\u00e1s selv\u00e1tico como en el que viven los gorilas actualmente, a otro tipo sabana\u201d. Es en esa transici\u00f3n, en aquel lugar, donde estar\u00edan las ra\u00edces de la <a href=\"https:\/\/elpais.com\/ciencia\/2020-11-08\/la-evolucion-humana-aparece-escrita-en-la-tierra.html\" target=\"_self\" rel=\"nofollow noopener\" title=\"https:\/\/elpais.com\/ciencia\/2020-11-08\/la-evolucion-humana-aparece-escrita-en-la-tierra.html\">evoluci\u00f3n humana<\/a>. <\/p>\n<p class=\"\">Para saber el papel que tuvo el due\u00f1o de aquel pie en esta evoluci\u00f3n, les falta la cabeza. Lo resume Fred Spoor, del Museo de Historia Natural de Londres, en un comentario que hace al estudio <a href=\"https:\/\/doi.org\/10.1038\/d41586-025-03451-4\" target=\"_self\" rel=\"nofollow noopener\" title=\"https:\/\/doi.org\/10.1038\/d41586-025-03451-4\">tambi\u00e9n publicado en Nature<\/a>. \u201cAtribuir huesos de las extremidades o el tronco a una especie es una cuesti\u00f3n de probabilidad, a menos que formen parte de un esqueleto individual que conserve caracter\u00edsticas diagn\u00f3sticas de la especie, que suelen estar restringidas al cr\u00e1neo\u201d, escribe. <\/p>\n<p class=\"\">M\u00e1s esc\u00e9ptica a\u00fan es Leslea Hlusko, paleobi\u00f3loga del Centro Nacional de Investigaci\u00f3n sobre la Evoluci\u00f3n Humana (Cenieh) y gran experta en la variaci\u00f3n dental de los primeros hom\u00ednidos. Su primera objeci\u00f3n tiene que ver con <a href=\"https:\/\/elpais.com\/ciencia\/2020-10-14\/por-que-el-bipedismo-no-ha-aparecido-mas-veces-en-la-evolucion.html\" target=\"_self\" rel=\"nofollow noopener\" title=\"https:\/\/elpais.com\/ciencia\/2020-10-14\/por-que-el-bipedismo-no-ha-aparecido-mas-veces-en-la-evolucion.html\">el bipedismo<\/a>. \u201cEl dilema radica en la dificultad de interpretar de forma concluyente el \u00e1ngulo del dedo gordo desde la base del pie, utilizando \u00fanicamente el metatarsiano. Se necesita el hueso con el que se articula: el cuneiforme\u201d, sostiene en un correo. Y a\u00fan no han encontrado estos huesos en Woranso-Mille.<\/p>\n<p><img decoding=\"auto\" class=\"_re lazyload a_m-h\" height=\"274\"  width=\"414\"  src=\"https:\/\/www.europesays.com\/es\/wp-content\/uploads\/2025\/11\/AZAC2F3RCNFMTMVI5FK2JY7XQY.jpg\" loading=\"lazy\"\/>Haile-Selassie, en primer plano, con parte del equipo investigador, en el yacimiento de Woranso-Mille. La regi\u00f3n, hoy des\u00e9rtica, ten\u00eda un clima de sabana hace 3,4 millones de a\u00f1osDale Omori<\/p>\n<p class=\"\">\u201cSer\u00eda extraordinario tener dos simios de aspecto casi id\u00e9ntico viviendo uno junto al otro sin cruzarse\u201d, reconoce Hlusko, algo que no se ha visto \u201cen los primates actuales, por lo que soy sumamente esc\u00e9ptica ante todas estas interpretaciones de la extrema diversidad biol\u00f3gica\u201d, a\u00f1ade. Aunque la cient\u00edfica del Cenieh destaca los nuevos hallazgos, recuerda que \u201cla evidencia f\u00f3sil es la \u00fanica informaci\u00f3n que tenemos sobre el aspecto de estos animales y para determinar cu\u00e1ndo y d\u00f3nde vivieron\u201d. Y concluye sobre el nuevo trabajo: \u201cNo nos aporta ninguna nueva perspectiva sobre la biolog\u00eda de nuestros ancestros hace 3,5 millones de a\u00f1os; para ello, a\u00fan necesitamos m\u00e1s f\u00f3siles\u201d. Habr\u00e1 que esperar a que encuentren un cr\u00e1neo de un A. deyiremeda.<\/p>\n","protected":false},"excerpt":{"rendered":"Son solo ocho huesos, pero vienen a complicar la ya compleja historia de la evoluci\u00f3n humana. En 2009,&hellip;\n","protected":false},"author":2,"featured_media":261240,"comment_status":"","ping_status":"","sticky":false,"template":"","format":"standard","meta":{"footnotes":""},"categories":[81],"tags":[5404,22052,9238,21250,119,123,124,25,24,20371,16693,21251,19112,5752,117,121,122,23,118,120],"class_list":{"0":"post-261239","1":"post","2":"type-post","3":"status-publish","4":"format-standard","5":"has-post-thumbnail","7":"category-ciencia-y-tecnologia","8":"tag-africa","9":"tag-africa-oriental","10":"tag-antropologia","11":"tag-australopithecus","12":"tag-ciencia","13":"tag-ciencia-y-tecnologia","14":"tag-cienciaytecnologia","15":"tag-es","16":"tag-espana","17":"tag-etiopia","18":"tag-evolucion-humana","19":"tag-homo-sapiens","20":"tag-lucy","21":"tag-paleontologia","22":"tag-science","23":"tag-science-and-technology","24":"tag-scienceandtechnology","25":"tag-spain","26":"tag-technology","27":"tag-tecnologia"},"share_on_mastodon":{"url":"https:\/\/pubeurope.com\/@es\/115630218418487927","error":""},"_links":{"self":[{"href":"https:\/\/www.europesays.com\/es\/wp-json\/wp\/v2\/posts\/261239","targetHints":{"allow":["GET"]}}],"collection":[{"href":"https:\/\/www.europesays.com\/es\/wp-json\/wp\/v2\/posts"}],"about":[{"href":"https:\/\/www.europesays.com\/es\/wp-json\/wp\/v2\/types\/post"}],"author":[{"embeddable":true,"href":"https:\/\/www.europesays.com\/es\/wp-json\/wp\/v2\/users\/2"}],"replies":[{"embeddable":true,"href":"https:\/\/www.europesays.com\/es\/wp-json\/wp\/v2\/comments?post=261239"}],"version-history":[{"count":0,"href":"https:\/\/www.europesays.com\/es\/wp-json\/wp\/v2\/posts\/261239\/revisions"}],"wp:featuredmedia":[{"embeddable":true,"href":"https:\/\/www.europesays.com\/es\/wp-json\/wp\/v2\/media\/261240"}],"wp:attachment":[{"href":"https:\/\/www.europesays.com\/es\/wp-json\/wp\/v2\/media?parent=261239"}],"wp:term":[{"taxonomy":"category","embeddable":true,"href":"https:\/\/www.europesays.com\/es\/wp-json\/wp\/v2\/categories?post=261239"},{"taxonomy":"post_tag","embeddable":true,"href":"https:\/\/www.europesays.com\/es\/wp-json\/wp\/v2\/tags?post=261239"}],"curies":[{"name":"wp","href":"https:\/\/api.w.org\/{rel}","templated":true}]}}