{"id":261245,"date":"2025-11-29T00:46:19","date_gmt":"2025-11-29T00:46:19","guid":{"rendered":"https:\/\/www.europesays.com\/es\/261245\/"},"modified":"2025-11-29T00:46:19","modified_gmt":"2025-11-29T00:46:19","slug":"el-juez-ordena-24-anos-despues-del-asesinato-de-helena-jubany-el-ingreso-en-prision-del-principal-sospechoso-noticias-de-cataluna","status":"publish","type":"post","link":"https:\/\/www.europesays.com\/es\/261245\/","title":{"rendered":"El juez ordena 24 a\u00f1os despu\u00e9s del asesinato de Helena Jubany el ingreso en prisi\u00f3n del principal sospechoso | Noticias de Catalu\u00f1a"},"content":{"rendered":"<p class=\"\">Los avances cient\u00edficos en los an\u00e1lisis gen\u00e9ticos han permitido, 24 a\u00f1os despu\u00e9s, que un investigado ingrese en prisi\u00f3n por el asesinato de Helena Jubany. Se trata de Santi Laiglesia, un antiguo compa\u00f1ero del grupo excursionista de Sabadell que frecuentaba la v\u00edctima, y principal sospechoso del crimen. Hace tres meses, la polic\u00eda cient\u00edfica determin\u00f3 que hab\u00eda restos de ADN de Laiglesia en la ropa que llevaba puesta Helena Jubany el d\u00eda que muri\u00f3. El 2 de diciembr<a href=\"https:\/\/elpais.com\/espana\/2020-08-09\/los-cinco-misterios-del-asesinato-de-helena-jubany.html\" target=\"_self\" rel=\"nofollow noopener\" title=\"https:\/\/elpais.com\/espana\/2020-08-09\/los-cinco-misterios-del-asesinato-de-helena-jubany.html\">e se cumple 24 a\u00f1os del asesinato de la mujer, d<\/a>e 27 a\u00f1os, que fue encontrada en un patio interior de un edificio de Sabadell. <\/p>\n<p class=\"\">La medida ha sido adoptada por el juzgado de primera instancia n\u00famero 2 de Sabadell, donde estaba citado Laiglesia este viernes a las nueve y media. El hombre se ha negado a declarar ante el juez, y tanto la Fiscal\u00eda como la acusaci\u00f3n particular, que ejerce la familia de la v\u00edctima, ha solicitado su ingreso en prisi\u00f3n preventiva por el riesgo de fuga. El juzgado ha ordenado que su encarcelamiento, comunicado y sin fianza, por el delito de homicidio consumado por el que se le investiga. <\/p>\n<p class=\"\">El juzgado incide en que el hallazgo de ADN es un nuevo indicio, que sumado al resto, \u201cincriminan de forma tangible al investigado\u201d con el crimen. Por ello, considera que existe un riesgo de fuga: \u201cA mayor gravedad de los hechos y de la pena, m\u00e1s intensa cabe presumir la tentaci\u00f3n de huida\u201d. Y aunque admite que Laiglesia ha estado siempre a disposici\u00f3n del juzgado desde que se reabri\u00f3 la causa, considera que \u201cesa pauta de conducta puede cambiar pr\u00f3ximamente con el salto cualitativo que ha supuesto disponer de nuevos indicios, s\u00f3lidos y objetivos, acerca de su participaci\u00f3n en la muerte violenta de Helena Jubany\u201d. <\/p>\n<p class=\"\">En cuanto al arraigo de Laiglesia, la magistrada asegura que \u201cse desconoce\u201d. \u201cEn el d\u00eda de hoy, no solo no se han aportado documentos acreditativos de su situaci\u00f3n familiar o laboral, sino que tampoco se han efectuado alegaciones al respecto\u201d. \u00danicamente se ha se\u00f1alado \u201cque es funcionario de la Generalitat de Catalu\u00f1a\u201d, algo que la juez considera que presupone unas \u201cposibilidades econ\u00f3micas\u201d que pueden suponer \u201cun elemento que juega a su favor y le puede facilitar la huida y asentamiento en otro pa\u00eds, incluso fuera de la Uni\u00f3n Europea\u201d. <\/p>\n<p class=\"\">Jubany era una joven periodista que ejerc\u00eda de bibliotecaria en Sentmenat cuando fue hallada muerta, en el patio interior de un edificio de Sabadell en 2001. Su cuerpo se encontr\u00f3 desnudo, y su ropa estaba en la azotea del edificio desde el que cay\u00f3. La autopsia<a href=\"https:\/\/elpais.com\/espana\/catalunya\/2025-09-02\/la-fiscalia-pide-que-declare-el-principal-sospechoso-del-crimen-de-helena-jubany-24-anos-despues.html\" target=\"_self\" rel=\"nofollow noopener\" title=\"https:\/\/elpais.com\/espana\/catalunya\/2025-09-02\/la-fiscalia-pide-que-declare-el-principal-sospechoso-del-crimen-de-helena-jubany-24-anos-despues.html\"> determin\u00f3 que no pod\u00eda tratarse de un suicidio<\/a> por la manera en que estaba el cuerpo, y porque la v\u00edctima ten\u00eda en sangre 35 veces la dosis normal de un somn\u00edfero, benzodiacepina, por lo que se concluy\u00f3 que estaba inconsciente antes de caer. <\/p>\n<p class=\"\">La investigaci\u00f3n inicial apunt\u00f3 a la Uni\u00f3n Excursionista de Sabadell a la que hab\u00eda pertenecido Jubany. Primero, porque en el edificio en el que la tiraron viv\u00eda Montserrat Careta, una de las personas que tambi\u00e9n formaba parte del grupo. Y los agentes enseguida lo relacionaron con unos mensajes an\u00f3nimos amenazantes que hab\u00eda recibido la joven unas semanas antes. En el an\u00e1lisis de estos, la polic\u00eda concluy\u00f3 que pod\u00edan haber sido escritos por Careta, que fue encarcelada preventivamente, y en ese periodo se suicid\u00f3 en prisi\u00f3n<a href=\"https:\/\/elpais.com\/diario\/2002\/10\/04\/espana\/1033682420_850215.html\" target=\"_self\" rel=\"nofollow noopener\" title=\"https:\/\/elpais.com\/diario\/2002\/10\/04\/espana\/1033682420_850215.html\">. La mujer dej\u00f3 escrito en una carta que era<\/a> inocente del crimen. El caso sigui\u00f3 vivo unos a\u00f1os m\u00e1s y en 2005 finalmente se archiv\u00f3 provisionalmente por falta de pruebas s\u00f3lidas. <\/p>\n<p class=\"\">La pareja de Careta en aquel momento era precisamente el ahora investigado Santi Laiglesia. Un episodio del programa Crims, emitido en 2020, centr\u00f3 de nuevo todas las miradas en Laiglesia cuando uno de los investigadores de la Polic\u00eda Nacional acus\u00f3 directamente a Laiglesia de estar detr\u00e1s del crimen. Desde entonces, la causa recibi\u00f3 un nuevo empuje, con m\u00e1s <a href=\"https:\/\/elpais.com\/espana\/catalunya\/2020-08-03\/un-juez-de-sabadell-reabre-la-investigacion-de-la-muerte-en-2001-de-helena-jubany.html\" target=\"_self\" rel=\"nofollow noopener\" title=\"https:\/\/elpais.com\/espana\/catalunya\/2020-08-03\/un-juez-de-sabadell-reabre-la-investigacion-de-la-muerte-en-2001-de-helena-jubany.html\">testigos, y se abrieron de nuevo diligencias.<\/a> En el auto la magistrada repasa los distintos indicios, m\u00e1s all\u00e1 del ADN, que apuntan al hombre ahora encarcelado: que pernoctase noches en casa de su pareja, que pudiese haberla ayudado a subir el cuerpo a la azotea de Jubany, ya que ella sola no podr\u00eda haberlo cargado, que podr\u00eda haber participado en la redacci\u00f3n de los mensajes an\u00f3nimos y que dio explicaciones contradictorias sobre d\u00f3nde estaban cuando muri\u00f3 Jubany. <\/p>\n<p class=\"\">En ese proceso, tambi\u00e9n se encuentra investigado Xavier Jim\u00e9nez, como una de las personas que podr\u00eda estar detr\u00e1s del env\u00edo de los mensajes an\u00f3nimos a Jubany. Jim\u00e9nez tambi\u00e9n formaba parte de la Uni\u00f3n de Excursionistas de Sabadell. <\/p>\n","protected":false},"excerpt":{"rendered":"Los avances cient\u00edficos en los an\u00e1lisis gen\u00e9ticos han permitido, 24 a\u00f1os despu\u00e9s, que un investigado ingrese en prisi\u00f3n&hellip;\n","protected":false},"author":2,"featured_media":261246,"comment_status":"","ping_status":"","sticky":false,"template":"","format":"standard","meta":{"footnotes":""},"categories":[8],"tags":[17,18,65210,1980,7232,25,24,13,14,11,2129,2158,19,20,3291,9,10,15,16,15703,23,12,21,22],"class_list":{"0":"post-261245","1":"post","2":"type-post","3":"status-publish","4":"format-standard","5":"has-post-thumbnail","7":"category-espana","8":"tag-breaking-news","9":"tag-breakingnews","10":"tag-casos-sin-resolver","11":"tag-cataluna","12":"tag-delitos","13":"tag-es","14":"tag-espana","15":"tag-featured-news","16":"tag-featurednews","17":"tag-headlines","18":"tag-homicidios","19":"tag-justicia","20":"tag-latest-news","21":"tag-latestnews","22":"tag-mossos-desquadra","23":"tag-news","24":"tag-noticias","25":"tag-noticias-destacadas","26":"tag-noticiasdestacadas","27":"tag-sabadell-barcelona","28":"tag-spain","29":"tag-titulares","30":"tag-ultimas-noticias","31":"tag-ultimasnoticias"},"share_on_mastodon":{"url":"https:\/\/pubeurope.com\/@es\/115630229924021611","error":""},"_links":{"self":[{"href":"https:\/\/www.europesays.com\/es\/wp-json\/wp\/v2\/posts\/261245","targetHints":{"allow":["GET"]}}],"collection":[{"href":"https:\/\/www.europesays.com\/es\/wp-json\/wp\/v2\/posts"}],"about":[{"href":"https:\/\/www.europesays.com\/es\/wp-json\/wp\/v2\/types\/post"}],"author":[{"embeddable":true,"href":"https:\/\/www.europesays.com\/es\/wp-json\/wp\/v2\/users\/2"}],"replies":[{"embeddable":true,"href":"https:\/\/www.europesays.com\/es\/wp-json\/wp\/v2\/comments?post=261245"}],"version-history":[{"count":0,"href":"https:\/\/www.europesays.com\/es\/wp-json\/wp\/v2\/posts\/261245\/revisions"}],"wp:featuredmedia":[{"embeddable":true,"href":"https:\/\/www.europesays.com\/es\/wp-json\/wp\/v2\/media\/261246"}],"wp:attachment":[{"href":"https:\/\/www.europesays.com\/es\/wp-json\/wp\/v2\/media?parent=261245"}],"wp:term":[{"taxonomy":"category","embeddable":true,"href":"https:\/\/www.europesays.com\/es\/wp-json\/wp\/v2\/categories?post=261245"},{"taxonomy":"post_tag","embeddable":true,"href":"https:\/\/www.europesays.com\/es\/wp-json\/wp\/v2\/tags?post=261245"}],"curies":[{"name":"wp","href":"https:\/\/api.w.org\/{rel}","templated":true}]}}