{"id":261247,"date":"2025-11-29T00:47:16","date_gmt":"2025-11-29T00:47:16","guid":{"rendered":"https:\/\/www.europesays.com\/es\/261247\/"},"modified":"2025-11-29T00:47:16","modified_gmt":"2025-11-29T00:47:16","slug":"la-baliza-esta-mal-hecha-es-una-cagada-se-ven-mas-los-4-intermitentes-de-tu-coche-me-parece-que-va-a-haber-accidentes","status":"publish","type":"post","link":"https:\/\/www.europesays.com\/es\/261247\/","title":{"rendered":"La baliza est\u00e1 mal hecha. Es una cagada. Se ven m\u00e1s los 4 intermitentes de tu coche. Me parece que va a haber accidentes"},"content":{"rendered":"<p data-gtm-element-container=\"modulo-texto-link\" class=\"paragraph\">Estos \u00faltimos d\u00edas en redes, una de las pol\u00e9micas ha sido la que ha envuelto al mec\u00e1nico y creador de contenido, <strong>\u00c1ngel Gait\u00e1n<\/strong>, que sac\u00f3 a la venta una <strong>baliza V16<\/strong>, de las que ser\u00e1n obligatorias el 1 de enero del 2026. Duramente criticado tanto por el precio de esta como por su producci\u00f3n, Gait\u00e1n sal\u00eda al paso recientemente con un v\u00eddeo en el que no dejaba t\u00edtere con cabeza.<\/p>\n<p data-gtm-element-container=\"modulo-texto-link\" class=\"paragraph\">\u00abEst\u00e1 Espa\u00f1a llena de analfabetos. El que me vuelva a criticar por vender la baliza, fabricada en Espa\u00f1a por personas con discapacidad, porque diga me voy a hacer de oro se puede ir, de mi parte, a tomar por c***. <strong>Llevo vendiendo la baliza dos a\u00f1os y llevo hablando de ella desde que empez\u00f3<\/strong>\u00ab, se quejaba Gait\u00e1n en el v\u00eddeo.<\/p>\n<p>                <img loading=\"lazy\" decoding=\"async\" data-full-src=\"https:\/\/www.mundodeportivo.com\/uploads\/2025\/11\/28\/6929803c6ab77.jpeg\" alt=\"Horizontal\" width=\"449\" height=\"299\" src=\"https:\/\/www.europesays.com\/es\/wp-content\/uploads\/2025\/11\/6929803c6ab77.jpeg\" class=\"lazy\"\/><\/p>\n<p class=\"caption-title \">Imagen de uno de los modelos de la baliza que a partir de 2026 ser\u00e1 obligatoria en Espa\u00f1a para todos los veh\u00edculos.<\/p>\n<p>                    Salvador Sas \/ EFE<\/p>\n<p data-gtm-element-container=\"modulo-texto-link\" class=\"paragraph\">\u00abNo, es mejor comprarla en China, fabricarla en China por empresas Chinas y que se lo lleven todo los chinos. La baliza es obligatoria, te guste o no. A m\u00ed no me gusta, <strong>me parece que est\u00e1 mal hecha, una cagada, vergonzoso. Me parece que va a haber accidentes.<\/strong> La gente no lo est\u00e1 entendiendo bien. No hay que retirar el tri\u00e1ngulo\u00bb, aseguraba el mec\u00e1nico.<\/p>\n<p data-gtm-element-container=\"modulo-texto-link\" class=\"paragraph\"><strong>\u00abAhora bien, es obligatoria<\/strong>. Son 30 millones de coches los que van a circular por Espa\u00f1a. Hay mucha pol\u00e9mica con esto. Y no es que me sume, es que yo ya estaba en este asunto. <strong>No sale nadie. Yo he hecho varias manifestaciones y no hab\u00e9is venido ninguno, personajes<\/strong>. Cuando hice la manifestaci\u00f3n por la subida del gasoil, \u00bfqui\u00e9n fue a Atocha? Yo\u00bb, protestaba Gait\u00e1n.<\/p>\n<p>    Lee tambi\u00e9n<\/p>\n<p data-gtm-element-container=\"modulo-texto-link\" class=\"paragraph\">\u00abSon 9 millones de personas que me siguen en redes sociales. \u00bfQui\u00e9n vino? No viene nadie. Este fin de semana pitaban en la puerta del Supremo. Para eso s\u00ed sal\u00eds. O para Palestina. Pero <strong>no sal\u00eds a protestar porque suban los impuestos a los aut\u00f3nomos<\/strong>. Y no sal\u00eds a protestar porque no lleg\u00e1is a final de mes y no pod\u00e9is ni comprar en el supermercado, porque cada d\u00eda est\u00e1 m\u00e1s caro\u00bb, se quejaba.<\/p>\n<p data-gtm-element-container=\"modulo-texto-link\" class=\"paragraph\">\u00abLa \u00fanica manera de luchar contra esta mierda es aprendiendo a votar correctamente, y poniendo a gente capacitada en los puestos que corresponda.\u00a0La baliza se ve menos que los 4 intermitentes de tu coch<strong>e<\/strong>. Y que, cuando le das al bot\u00f3n, en lugar de venir el 112, porque no lo avisa, lo subes a una nube, que eso ya lo traen los coches modernos. Si estoy de acuerdo\u00bb, confirmaba el creador de contenido.<\/p>\n<p>                <img loading=\"lazy\" decoding=\"async\" data-full-src=\"https:\/\/www.mundodeportivo.com\/uploads\/2025\/05\/27\/68360525e1425.jpeg\" alt=\"\u00c1ngel Gait\u00e1n, experto mec\u00e1nico, en un v\u00eddeo de YouTube\" width=\"449\" height=\"253\" src=\"https:\/\/www.europesays.com\/es\/wp-content\/uploads\/2025\/11\/68360525e1425.r_d.947-652.jpeg\" class=\"lazy\"\/><\/p>\n<p class=\"caption-title \">\u00c1ngel Gait\u00e1n, experto mec\u00e1nico, en un v\u00eddeo de YouTube<\/p>\n<p>                    Captura podcast Webpositer\/YouTube<\/p>\n<p data-gtm-element-container=\"modulo-texto-link\" class=\"paragraph\">\u00abDentro de todas las balizas que hay, que hay un mill\u00f3n, dentro del negocio, he dicho <strong>&#8216;vamos a fabricarla en Espa\u00f1a, damos curro a los espa\u00f1oles y hacemos algo bonito<\/strong>, un recuerdo que la gente tenga dentro del coche y que no nos multen&#8217;. Y que se vea el coche en la carretera por lo menos por la noche, porque por el d\u00eda no se ve ni la m\u00eda, ni la tuya ni la de nadie\u00bb, denunciaba.<\/p>\n","protected":false},"excerpt":{"rendered":"Estos \u00faltimos d\u00edas en redes, una de las pol\u00e9micas ha sido la que ha envuelto al mec\u00e1nico y&hellip;\n","protected":false},"author":2,"featured_media":261248,"comment_status":"","ping_status":"","sticky":false,"template":"","format":"standard","meta":{"footnotes":""},"categories":[5],"tags":[17,18,25,24,13,14,11,19,20,9,10,15,16,23,12,21,22],"class_list":{"0":"post-261247","1":"post","2":"type-post","3":"status-publish","4":"format-standard","5":"has-post-thumbnail","7":"category-titulares","8":"tag-breaking-news","9":"tag-breakingnews","10":"tag-es","11":"tag-espana","12":"tag-featured-news","13":"tag-featurednews","14":"tag-headlines","15":"tag-latest-news","16":"tag-latestnews","17":"tag-news","18":"tag-noticias","19":"tag-noticias-destacadas","20":"tag-noticiasdestacadas","21":"tag-spain","22":"tag-titulares","23":"tag-ultimas-noticias","24":"tag-ultimasnoticias"},"share_on_mastodon":{"url":"https:\/\/pubeurope.com\/@es\/115630234065071868","error":""},"_links":{"self":[{"href":"https:\/\/www.europesays.com\/es\/wp-json\/wp\/v2\/posts\/261247","targetHints":{"allow":["GET"]}}],"collection":[{"href":"https:\/\/www.europesays.com\/es\/wp-json\/wp\/v2\/posts"}],"about":[{"href":"https:\/\/www.europesays.com\/es\/wp-json\/wp\/v2\/types\/post"}],"author":[{"embeddable":true,"href":"https:\/\/www.europesays.com\/es\/wp-json\/wp\/v2\/users\/2"}],"replies":[{"embeddable":true,"href":"https:\/\/www.europesays.com\/es\/wp-json\/wp\/v2\/comments?post=261247"}],"version-history":[{"count":0,"href":"https:\/\/www.europesays.com\/es\/wp-json\/wp\/v2\/posts\/261247\/revisions"}],"wp:featuredmedia":[{"embeddable":true,"href":"https:\/\/www.europesays.com\/es\/wp-json\/wp\/v2\/media\/261248"}],"wp:attachment":[{"href":"https:\/\/www.europesays.com\/es\/wp-json\/wp\/v2\/media?parent=261247"}],"wp:term":[{"taxonomy":"category","embeddable":true,"href":"https:\/\/www.europesays.com\/es\/wp-json\/wp\/v2\/categories?post=261247"},{"taxonomy":"post_tag","embeddable":true,"href":"https:\/\/www.europesays.com\/es\/wp-json\/wp\/v2\/tags?post=261247"}],"curies":[{"name":"wp","href":"https:\/\/api.w.org\/{rel}","templated":true}]}}