{"id":261249,"date":"2025-11-29T00:51:10","date_gmt":"2025-11-29T00:51:10","guid":{"rendered":"https:\/\/www.europesays.com\/es\/261249\/"},"modified":"2025-11-29T00:51:10","modified_gmt":"2025-11-29T00:51:10","slug":"nigorra-pocas-actividades-reparten-tanta-riqueza-como-el-golf-expansion","status":"publish","type":"post","link":"https:\/\/www.europesays.com\/es\/261249\/","title":{"rendered":"Nigorra: &quot;Pocas actividades reparten tanta riqueza como el golf&quot; &#8211; Expansi\u00f3n"},"content":{"rendered":"<ol>\n<li><a href=\"https:\/\/news.google.com\/rss\/articles\/CBMimAFBVV95cUxQTU9vd0RRUkVnR0JzUlBCVHgyUFpKbW53YW5LcUhJM003cWlLZW16TlJ4OEhoZHh0M1dtQ052WXlJWDU0dDB3Qk1lc0lfT2NYREJBdVJWSDY3ME9xbXN5dkNKdFNCLVVMTG9TVFZYNnpjRDZ2aGc5ZWY2MEgyZjZJaGU4ZkpmVlFpWG4tT2wteWhJT1RENE5xNw?oc=5\" target=\"_blank\" rel=\"nofollow noopener\">Nigorra: \u00abPocas actividades reparten tanta riqueza como el golf\u00bb<\/a>&nbsp;&nbsp;Expansi\u00f3n<\/li>\n<li><a href=\"https:\/\/news.google.com\/rss\/articles\/CBMi8gFBVV95cUxOeGQ2elJFRm5EM0lsUURwekZtRDBRYjJUYVlVektmdm5vckZueFY1czlwcGlLUGpsZnJzTXhic3NBNWxGc0dMTjFHNnJkQWlhUHcwbVBZSkJQb085ckxtSWlOa0pSWDVJZ2s3eWZkdng1SWRFckF6enFxM3otSDdsR2NmSjVGaXBRalBldlByZXN3VXZOcXRZem9nOHRQN3RUSS03WnVMZHVVT29JaTd6YU5fRWJiSWxVQlAxd0VJRExlaF90eldKNEFjMmZFbEVYZWVzZ0U4T3kxV3ZfNDYydjh2WWx5Z2tIbFhrMmRIVjA4UQ?oc=5\" target=\"_blank\" rel=\"nofollow noopener\">Onda Cero celebra este fin de semana la XXII Final Nacional del Circuito de Golf en La Manga<\/a>&nbsp;&nbsp;Atresmedia<\/li>\n<li><a href=\"https:\/\/news.google.com\/rss\/articles\/CBMixwFBVV95cUxOck5IQkU5dEI5VUNLdXhRcmd5dk1qM2FLRkNQU0tUeVB6VjRWR1hVMlNpWnk4N19fQlN3Tm9rZkpMQ01wbEtUR2VqZGh2NDNwemNlVFlBLXZicWNmQWF4bkxPa1lDOERxY3RvOGFVcXREbGVWdG4xZi01ZzRvZjlReWw3NlFMQUFYSVNyMVNwaS1EVkV0RC1RbUNGb2NQTEwxLTNmNmhyR3hwMVNtTG1zZWZ5VWgzU2FoUW51N0VsRUVsWjZ3RG5V?oc=5\" target=\"_blank\" rel=\"nofollow noopener\">\u00abUno de los sectores tur\u00edsticos m\u00e1s s\u00f3lidos, competitivos y desestacionalizadores del pa\u00eds\u00bb<\/a>&nbsp;&nbsp;La Verdad<\/li>\n<li><a href=\"https:\/\/news.google.com\/rss\/articles\/CBMigAFBVV95cUxPNFIzOGR2TnFHZ0pyYkFpZ2QyazdOSzJDRkdEVW9YaW5lbUNvRDN4TVM2aWdkZ2RDM1hLR2dSNFhnVmV2a19iMjhCRTF2d0VPSERYbXVPckg0T2pGdXpyaWk4R0Z2U29hd1hNUnpxd05DZWUxbXU5QXNnS0daRTg3ZA?oc=5\" target=\"_blank\" rel=\"nofollow noopener\">Cien golfistas compiten en la Final Nacional de Golf Onda Cero este s\u00e1bado en La Manga Club<\/a>&nbsp;&nbsp;Ayuntamiento de Cartagena<\/li>\n<li><a href=\"https:\/\/news.google.com\/rss\/articles\/CBMi_gFBVV95cUxPZ29takVnWjJmdEEtTS1NdVlRLUxvc3l4Yl9zUGdYMGhpekxLdzV1OW5jYld5dHhxdVZhZzVSaF9EakdiN09rVnhSQ0RlaE9TR2xHb3V0RE1FWFdnUndEY3NrWEZqVTNORXFNYmg4U1RjbkdETUdRTEdUZVZBcS0tRnNLeU9rWTlPVkN0dk9Id0xma19QbXRZUHowU3NwbXZsY3M5M1ZpQmpwTmhDVDRvT1kyUUU5d2xpdF9sX2hxTUh1Qmt5bmtkQkcyTjZacGk0bGhBZXlJOS14Ynhfd2haTy05VXFKTTBHMEEzdmNzNnMxTFBHbEpVLXNvWEpvQdIB_gFBVV95cUxPVmw3RmpScl9DUmE0b1E3OGROOXByOHVPcTJPNEpVVTY3dENjZm1aNnJoMkI5LVp0bXlfZFlvLUpqbEo1a0tqbTZUQ1NwS3V4UnFRMmJpc2RZN3UzZnRLZ3V0dEs1b1pIUHBkbTRSa04zVWNWckRyLXZnUXRBVm5TdnNvQXlIRTNFb0RXbWxIOVdETldyekxGRElsbnp3Z051SkN2WExxZUEwQmZ0VDA2X25hcWRaNTZsa1pwSy1rajJSbTdaUGdXa0FvM1QtanlZQTBVcV9NbHdlTnEzaC1ZZ085Q1VNcTJnNGdPVm1VaTNBU1ozQy1FWnJvcUpMZw?oc=5\" target=\"_blank\" rel=\"nofollow noopener\">Onda Cero re\u00fane a cien golfistas en La Manga Club para la XXII Final Nacional de su Circuito de Golf<\/a>&nbsp;&nbsp;Onda Cero<\/li>\n<\/ol>\n","protected":false},"excerpt":{"rendered":"Nigorra: \u00abPocas actividades reparten tanta riqueza como el golf\u00bb&nbsp;&nbsp;Expansi\u00f3n Onda Cero celebra este fin de semana la XXII&hellip;\n","protected":false},"author":2,"featured_media":261250,"comment_status":"","ping_status":"","sticky":false,"template":"","format":"standard","meta":{"footnotes":""},"categories":[275],"tags":[168,1564,42352,25,24,329,24594,23,167],"class_list":{"0":"post-261249","1":"post","2":"type-post","3":"status-publish","4":"format-standard","5":"has-post-thumbnail","7":"category-golf","8":"tag-deportes","9":"tag-directivos","10":"tag-directivos-deporte-negocio","11":"tag-es","12":"tag-espana","13":"tag-golf","14":"tag-nea","15":"tag-spain","16":"tag-sports"},"share_on_mastodon":{"url":"https:\/\/pubeurope.com\/@es\/115630249254417259","error":""},"_links":{"self":[{"href":"https:\/\/www.europesays.com\/es\/wp-json\/wp\/v2\/posts\/261249","targetHints":{"allow":["GET"]}}],"collection":[{"href":"https:\/\/www.europesays.com\/es\/wp-json\/wp\/v2\/posts"}],"about":[{"href":"https:\/\/www.europesays.com\/es\/wp-json\/wp\/v2\/types\/post"}],"author":[{"embeddable":true,"href":"https:\/\/www.europesays.com\/es\/wp-json\/wp\/v2\/users\/2"}],"replies":[{"embeddable":true,"href":"https:\/\/www.europesays.com\/es\/wp-json\/wp\/v2\/comments?post=261249"}],"version-history":[{"count":0,"href":"https:\/\/www.europesays.com\/es\/wp-json\/wp\/v2\/posts\/261249\/revisions"}],"wp:featuredmedia":[{"embeddable":true,"href":"https:\/\/www.europesays.com\/es\/wp-json\/wp\/v2\/media\/261250"}],"wp:attachment":[{"href":"https:\/\/www.europesays.com\/es\/wp-json\/wp\/v2\/media?parent=261249"}],"wp:term":[{"taxonomy":"category","embeddable":true,"href":"https:\/\/www.europesays.com\/es\/wp-json\/wp\/v2\/categories?post=261249"},{"taxonomy":"post_tag","embeddable":true,"href":"https:\/\/www.europesays.com\/es\/wp-json\/wp\/v2\/tags?post=261249"}],"curies":[{"name":"wp","href":"https:\/\/api.w.org\/{rel}","templated":true}]}}