{"id":261251,"date":"2025-11-29T00:55:09","date_gmt":"2025-11-29T00:55:09","guid":{"rendered":"https:\/\/www.europesays.com\/es\/261251\/"},"modified":"2025-11-29T00:55:09","modified_gmt":"2025-11-29T00:55:09","slug":"se-cumplen-41-anos-de-la-19a-copa-de-espana-de-baloncesto","status":"publish","type":"post","link":"https:\/\/www.europesays.com\/es\/261251\/","title":{"rendered":"Se cumplen 41 a\u00f1os de la 19\u00aa Copa de Espa\u00f1a de baloncesto"},"content":{"rendered":"<p>Se cumplen 41 a\u00f1os de la 19\u00aa\u00a0<b>Copa de Espa\u00f1a<\/b>\u00a0de baloncesto conquistada por el\u00a0<b>Real Madrid<\/b>. El 28 de noviembre de 1984, nuestro equipo venci\u00f3 al Joventut en una final disputada en Badalona. El conjunto madridista\u00a0domin\u00f3 la primera parte y logr\u00f3 una ventaja de 18 puntos al descanso (47-29). Los nuestros gestionaron la diferencia en la segunda mitad y se llevaron el t\u00edtulo tras vencer a los catalanes por 90-76.<\/p>\n<p><b>Fernando Mart\u00edn<\/b>, con 24 puntos, e\u00a0<b>Iturriaga\u00a0<\/b>y\u00a0<b>Jackson<\/b>, con 20, fueron los mejores del partido. El\u00a0<b>Real Madrid<\/b>, dirigido por\u00a0<b>Lolo Sainz<\/b>,\u00a0sumaba as\u00ed su decimonoveno t\u00edtulo copero en una temporada en la que tambi\u00e9n levant\u00f3 la\u00a0<b>Liga\u00a0<\/b>y la\u00a0<b>Supercopa de Espa\u00f1a<\/b>.<\/p>\n","protected":false},"excerpt":{"rendered":"Se cumplen 41 a\u00f1os de la 19\u00aa\u00a0Copa de Espa\u00f1a\u00a0de baloncesto conquistada por el\u00a0Real Madrid. El 28 de noviembre&hellip;\n","protected":false},"author":2,"featured_media":261252,"comment_status":"","ping_status":"","sticky":false,"template":"","format":"standard","meta":{"footnotes":""},"categories":[269],"tags":[299,298,168,25,24,23,167],"class_list":{"0":"post-261251","1":"post","2":"type-post","3":"status-publish","4":"format-standard","5":"has-post-thumbnail","7":"category-baloncesto","8":"tag-baloncesto","9":"tag-basketball","10":"tag-deportes","11":"tag-es","12":"tag-espana","13":"tag-spain","14":"tag-sports"},"share_on_mastodon":{"url":"https:\/\/pubeurope.com\/@es\/115630265186681200","error":""},"_links":{"self":[{"href":"https:\/\/www.europesays.com\/es\/wp-json\/wp\/v2\/posts\/261251","targetHints":{"allow":["GET"]}}],"collection":[{"href":"https:\/\/www.europesays.com\/es\/wp-json\/wp\/v2\/posts"}],"about":[{"href":"https:\/\/www.europesays.com\/es\/wp-json\/wp\/v2\/types\/post"}],"author":[{"embeddable":true,"href":"https:\/\/www.europesays.com\/es\/wp-json\/wp\/v2\/users\/2"}],"replies":[{"embeddable":true,"href":"https:\/\/www.europesays.com\/es\/wp-json\/wp\/v2\/comments?post=261251"}],"version-history":[{"count":0,"href":"https:\/\/www.europesays.com\/es\/wp-json\/wp\/v2\/posts\/261251\/revisions"}],"wp:featuredmedia":[{"embeddable":true,"href":"https:\/\/www.europesays.com\/es\/wp-json\/wp\/v2\/media\/261252"}],"wp:attachment":[{"href":"https:\/\/www.europesays.com\/es\/wp-json\/wp\/v2\/media?parent=261251"}],"wp:term":[{"taxonomy":"category","embeddable":true,"href":"https:\/\/www.europesays.com\/es\/wp-json\/wp\/v2\/categories?post=261251"},{"taxonomy":"post_tag","embeddable":true,"href":"https:\/\/www.europesays.com\/es\/wp-json\/wp\/v2\/tags?post=261251"}],"curies":[{"name":"wp","href":"https:\/\/api.w.org\/{rel}","templated":true}]}}