{"id":261255,"date":"2025-11-29T00:57:10","date_gmt":"2025-11-29T00:57:10","guid":{"rendered":"https:\/\/www.europesays.com\/es\/261255\/"},"modified":"2025-11-29T00:57:10","modified_gmt":"2025-11-29T00:57:10","slug":"alimentacion-gimnasio-y-200-000-euros","status":"publish","type":"post","link":"https:\/\/www.europesays.com\/es\/261255\/","title":{"rendered":"alimentaci\u00f3n, gimnasio y 200.000 euros"},"content":{"rendered":"<p>El cambio f\u00edsico de<strong> Josep Mar\u00eda Mainat<\/strong>, que ha sorprendido a todo el mundo, es fruto de un proceso de transformaci\u00f3n que \u00e9l mismo ha abordado con una determinaci\u00f3n que llama la atenci\u00f3n, especialmente teniendo en cuenta que est\u00e1 a punto de cumplir <strong>80 a\u00f1os<\/strong>.<\/p>\n<p><strong>Sus primeras im\u00e1genes<\/strong> se hicieron p\u00fablicas en mayo, cuando modific\u00f3 su foto de perfil en X y provoc\u00f3 un aluvi\u00f3n de comentarios de incredulidad, al punto de que muchos se preguntaban si hab\u00eda pasado por un avanzado programa de edici\u00f3n. Con la iron\u00eda que le acompa\u00f1a desde sus tiempos al frente de la televisi\u00f3n, respondi\u00f3 diciendo que lo \u00fanico retocado era \u00e9l mismo, dando pie a un debate que sigue abierto sobre hasta qu\u00e9 punto su cambio se basa en <strong>procedimientos m\u00e9dicos<\/strong>, h\u00e1bitos personales o tratamientos de vanguardia que no est\u00e1n al alcance de cualquiera.<\/p>\n<blockquote class=\"twitter-tweet\">\n<p dir=\"ltr\" lang=\"ca\">Nova foto de perfil.<br \/>O sigui, de cara, per\u00f2 de perfil!\u2026<br \/>Tu ja m\u2019entens! <a href=\"https:\/\/t.co\/EY7r0aJSfA\" rel=\"nofollow\">pic.twitter.com\/EY7r0aJSfA<\/a><\/p>\n<p>\u2014 Josep M. Mainat (@MainatJM) <a href=\"https:\/\/twitter.com\/MainatJM\/status\/1959680912578253112?ref_src=twsrc%5Etfw\" rel=\"nofollow noopener\" target=\"_blank\">August 24, 2025<\/a><\/p>\n<\/blockquote>\n<p>Tras la difusi\u00f3n de aquella fotograf\u00eda, comenzaron a conocerse detalles acerca del itinerario que ha seguid<a href=\"https:\/\/okdiario.com\/noticias\/josep-maria-mainat\/\" rel=\"nofollow noopener\" target=\"_blank\">o Jos\u00e9 Mar\u00eda Mainat<\/a> para rejuvenecer su imagen, un plan que combina intervenciones est\u00e9ticas, programas de suplementaci\u00f3n y rutinas diarias dise\u00f1adas con precisi\u00f3n.<\/p>\n<p>En varios espacios televisivos se ha explicado que el ex productor ha pasado por revisiones hormonales espec\u00edficas, ha recurrido a asesoramiento profesional para modificar su alimentaci\u00f3n y se ha introducido en el \u00e1mbito de <strong>la llamada \u00abmedicina de la longevidad\u00bb<\/strong>, una disciplina en plena expansi\u00f3n y que trabaja con protocolos inspirados en estudios cient\u00edficos recientes<strong>. La especialista Mariana Xada<\/strong>, invitada en el programa Vamos a Ver, fue una de las voces m\u00e1s contundentes al advertir que, aunque algunas de estas pr\u00e1cticas tienen base cient\u00edfica, otras requieren controles estrictos y una adecuada justificaci\u00f3n m\u00e9dica para evitar efectos adversos que pueden pasar inadvertidos al principio.<\/p>\n<p>El cambio f\u00edsico de Mainat<\/p>\n<p>El productor reapareci\u00f3 p\u00fablicamente en julio, cuando<a href=\"https:\/\/okdiario.com\/trailer\/muere-78-anos-toni-cruz-ex-miembro-trinca-productor-tv-15101743\" rel=\"nofollow noopener\" target=\"_blank\"> asisti\u00f3 al funeral de Toni Cruz, su socio y amigo<\/a>, con quien fund\u00f3 Gestmusic en los a\u00f1os ochenta y con quien comparti\u00f3 \u00e9xitos como Operaci\u00f3n Triunfo. Su aspecto en ese acto fue uno de los temas m\u00e1s comentados, ya que no solo luc\u00eda m\u00e1s delgado sino que tambi\u00e9n mostraba <strong>un notable cambio facial, una dentadura renovada<\/strong> y un cabello m\u00e1s frondoso gracias a un implante capilar reciente.<\/p>\n<p>Adem\u00e1s, explic\u00f3 que hab\u00eda incorporado entrenamientos diarios, sesiones de musculaci\u00f3n tres veces por semana, ba\u00f1os fr\u00edos que<strong> estimulan la circulaci\u00f3n<\/strong> y una serie de suplementos que, seg\u00fan dijo, cuentan con respaldo cient\u00edfico. <strong>Todo ello demuestra un compromiso casi obsesivo<\/strong> con la idea de mantenerse joven, algo que, en su caso, parece haber alcanzado niveles in\u00e9ditos.<\/p>\n<p>Mainat ha recurrido a la testosterona<\/p>\n<p><img loading=\"lazy\" decoding=\"async\" class=\"size-medium wp-image-15842701\" alt=\"\" width=\"620\" height=\"349\"  src=\"https:\/\/www.europesays.com\/es\/wp-content\/uploads\/2025\/11\/josep-maria-mainat-1-620x349.jpg\" \/> Josep Mar\u00eda Mainat en un programa. (Foto: Atresmedia)<\/p>\n<p><strong>La parte m\u00e1s controvertida de su transformaci\u00f3n<\/strong> es el uso de tratamientos hormonales que, seg\u00fan ha trascendido, incluyen inyecciones de testosterona y hormona del crecimiento, sustancias que en Espa\u00f1a est\u00e1n altamente reguladas y que solo se administran en condiciones m\u00e9dicas concretas. <strong>Mainat<\/strong> ha reconocido esta parte del proceso y ha afirmado que forma parte de un programa de longevidad cuyo objetivo final es alcanzar <strong>los 120 a\u00f1os<\/strong> con un aspecto lo m\u00e1s juvenil posible, un prop\u00f3sito que ha generado opiniones divididas entre m\u00e9dicos y espectadores.<\/p>\n<p><strong>Su discurso se alinea con tendencias de envejecimiento saludable<\/strong> que tienen gran \u00e9xito en Estados Unidos, donde cl\u00ednicas especializadas ofrecen estos servicios como parte de un pack que mezcla medicina, bienestar y est\u00e9tica avanzada.<\/p>\n<p>\u00bfC\u00faanto cuesta este proceso?<\/p>\n<p>En Vamos a Ver, la presentadora<a href=\"https:\/\/okdiario.com\/sociedad\/patricia-pardo-explota-cuenta-toda-verdad-relacion-christian-galvez-mala-espana-15503721\" rel=\"nofollow noopener\" target=\"_blank\"> Patricia Pardo<\/a> explic\u00f3 que el coste del proceso que est\u00e1 siguiendo Mainat asciende ya a los<strong> 200.000 euros<\/strong>, una cifra que ilustra el nivel de complejidad del tratamiento y el tipo de recursos necesarios para llevarlo a cabo con garant\u00edas. La doctora Xada matiz\u00f3 que parte de las decisiones del productor son acertadas, pero insisti\u00f3 en que las hormonas solo deben usarse cuando est\u00e1n indicadas y con an\u00e1lisis frecuentes que permitan ajustar dosis o suspenderlas si aparecen riesgos.<\/p>\n<p><strong>La experta<\/strong> tambi\u00e9n record\u00f3 que la hormona del crecimiento rara vez se administra a adultos en Espa\u00f1a, salvo en casos muy concretos, lo que indica que <strong>Jos\u00e9 Mar\u00eda podr\u00eda estar recurriendo a centros extranjeros<\/strong> donde las regulaciones son distintas y donde este tipo de terapias se ofertan con m\u00e1s facilidad. Respecto a <strong>la testosterona<\/strong>, explic\u00f3 que s\u00ed se emplea con mayor frecuencia, pero siempre bajo controles estrictos porque puede alterar par\u00e1metros cardiovasculares y metab\u00f3licos si no est\u00e1 correctamente indicada.<\/p>\n<p>Todo lo que hemos contado ha reabierto el debate sobre los l\u00edmites de<strong> la medicina antienvejecimiento<\/strong>, un campo que genera altas expectativas entre quienes buscan prolongar su <strong>juventud<\/strong>, pero que, como en el caso de Mainat, tambi\u00e9n plantea interrogantes \u00e9ticos, sanitarios y sociales sobre hasta d\u00f3nde es aconsejable llegar para ganar tiempo al reloj biol\u00f3gico.<\/p>\n<p>\t\t\t\t\t<script async src=\"https:\/\/platform.twitter.com\/widgets.js\" charset=\"utf-8\"><\/script><\/p>\n","protected":false},"excerpt":{"rendered":"El cambio f\u00edsico de Josep Mar\u00eda Mainat, que ha sorprendido a todo el mundo, es fruto de un&hellip;\n","protected":false},"author":2,"featured_media":261256,"comment_status":"","ping_status":"","sticky":false,"template":"","format":"standard","meta":{"footnotes":""},"categories":[174],"tags":[255,146,147,25,24,256,23],"class_list":{"0":"post-261255","1":"post","2":"type-post","3":"status-publish","4":"format-standard","5":"has-post-thumbnail","7":"category-famosos","8":"tag-celebrities","9":"tag-entertainment","10":"tag-entretenimiento","11":"tag-es","12":"tag-espana","13":"tag-famosos","14":"tag-spain"},"share_on_mastodon":{"url":"https:\/\/pubeurope.com\/@es\/115630273136344874","error":""},"_links":{"self":[{"href":"https:\/\/www.europesays.com\/es\/wp-json\/wp\/v2\/posts\/261255","targetHints":{"allow":["GET"]}}],"collection":[{"href":"https:\/\/www.europesays.com\/es\/wp-json\/wp\/v2\/posts"}],"about":[{"href":"https:\/\/www.europesays.com\/es\/wp-json\/wp\/v2\/types\/post"}],"author":[{"embeddable":true,"href":"https:\/\/www.europesays.com\/es\/wp-json\/wp\/v2\/users\/2"}],"replies":[{"embeddable":true,"href":"https:\/\/www.europesays.com\/es\/wp-json\/wp\/v2\/comments?post=261255"}],"version-history":[{"count":0,"href":"https:\/\/www.europesays.com\/es\/wp-json\/wp\/v2\/posts\/261255\/revisions"}],"wp:featuredmedia":[{"embeddable":true,"href":"https:\/\/www.europesays.com\/es\/wp-json\/wp\/v2\/media\/261256"}],"wp:attachment":[{"href":"https:\/\/www.europesays.com\/es\/wp-json\/wp\/v2\/media?parent=261255"}],"wp:term":[{"taxonomy":"category","embeddable":true,"href":"https:\/\/www.europesays.com\/es\/wp-json\/wp\/v2\/categories?post=261255"},{"taxonomy":"post_tag","embeddable":true,"href":"https:\/\/www.europesays.com\/es\/wp-json\/wp\/v2\/tags?post=261255"}],"curies":[{"name":"wp","href":"https:\/\/api.w.org\/{rel}","templated":true}]}}