{"id":261257,"date":"2025-11-29T00:58:07","date_gmt":"2025-11-29T00:58:07","guid":{"rendered":"https:\/\/www.europesays.com\/es\/261257\/"},"modified":"2025-11-29T00:58:07","modified_gmt":"2025-11-29T00:58:07","slug":"un-riesgo-de-catastrofe-sin-el-debate-necesario","status":"publish","type":"post","link":"https:\/\/www.europesays.com\/es\/261257\/","title":{"rendered":"un riesgo de cat\u00e1strofe sin el debate necesario"},"content":{"rendered":"<p class=\"article-text\">\n        Dec\u00eda Llu\u00eds Permanyer, el cronista contempor\u00e1neo m\u00e1s influyente de Barcelona, que uno sab\u00eda que estaba en esta ciudad cuando, al entrar con desconocidos en un ascensor, en lugar de hablar del tiempo emerg\u00eda un debate sobre la \u00faltima controversia arquitect\u00f3nica. El asunto que hoy encender\u00eda la conversaci\u00f3n ser\u00eda la ampliaci\u00f3n del antiguo <a href=\"https:\/\/www.eldiario.es\/catalunya\/cultura\/fondo-inversor-stoneweg-compra-antiguo-cine-comedia-futuro-museo-carmen-thyssen_1_11864069.html\" target=\"_blank\" data-mrf-recirculation=\"links-noticia\" class=\"link\" rel=\"nofollow noopener\">Cine Comedia para acoger el Museo Carmen Thyssen<\/a>, un proyecto que ha movilizado a arquitectos, urbanistas, historiadores, entidades vecinales y a buena parte del sector cultural, y cuya transformaci\u00f3n el cronista tild\u00f3 de \u201ccatastr\u00f3fica\u201d <a href=\"https:\/\/www.eldiario.es\/catalunya\/muere-lluis-permanyer-cronista-barcelona_1_12707855.html\" target=\"_blank\" data-mrf-recirculation=\"links-noticia\" class=\"link\" rel=\"nofollow noopener\">semanas antes de morir<\/a>.\n    <\/p>\n<p class=\"article-text\">\n        El conflicto ha ganado intensidad. El Col\u00b7legi d&#8217;Arquitectes de Catalunya (COAC) ha pedido al alcalde, Jaume Collboni, suspender la tramitaci\u00f3n urban\u00edstica actualmente en exposici\u00f3n p\u00fablica y replantear el proyecto mediante un proceso participativo acompa\u00f1ado de un concurso de ideas.\n    <\/p>\n","protected":false},"excerpt":{"rendered":"Dec\u00eda Llu\u00eds Permanyer, el cronista contempor\u00e1neo m\u00e1s influyente de Barcelona, que uno sab\u00eda que estaba en esta ciudad&hellip;\n","protected":false},"author":2,"featured_media":261258,"comment_status":"","ping_status":"","sticky":false,"template":"","format":"standard","meta":{"footnotes":""},"categories":[173],"tags":[517,229,233,231,230,210,1980,232,234,95,146,147,25,24,1982,10,1981,952,23],"class_list":{"0":"post-261257","1":"post","2":"type-post","3":"status-publish","4":"format-standard","5":"has-post-thumbnail","7":"category-arte-y-diseno","8":"tag-actualidad","9":"tag-arte","10":"tag-arte-y-diseno","11":"tag-arts","12":"tag-arts-and-design","13":"tag-barcelona","14":"tag-cataluna","15":"tag-design","16":"tag-diseno","17":"tag-economia","18":"tag-entertainment","19":"tag-entretenimiento","20":"tag-es","21":"tag-espana","22":"tag-ignacio-escolar","23":"tag-noticias","24":"tag-periodismo-independiente","25":"tag-politica","26":"tag-spain"},"share_on_mastodon":{"url":"https:\/\/pubeurope.com\/@es\/115630276825572832","error":""},"_links":{"self":[{"href":"https:\/\/www.europesays.com\/es\/wp-json\/wp\/v2\/posts\/261257","targetHints":{"allow":["GET"]}}],"collection":[{"href":"https:\/\/www.europesays.com\/es\/wp-json\/wp\/v2\/posts"}],"about":[{"href":"https:\/\/www.europesays.com\/es\/wp-json\/wp\/v2\/types\/post"}],"author":[{"embeddable":true,"href":"https:\/\/www.europesays.com\/es\/wp-json\/wp\/v2\/users\/2"}],"replies":[{"embeddable":true,"href":"https:\/\/www.europesays.com\/es\/wp-json\/wp\/v2\/comments?post=261257"}],"version-history":[{"count":0,"href":"https:\/\/www.europesays.com\/es\/wp-json\/wp\/v2\/posts\/261257\/revisions"}],"wp:featuredmedia":[{"embeddable":true,"href":"https:\/\/www.europesays.com\/es\/wp-json\/wp\/v2\/media\/261258"}],"wp:attachment":[{"href":"https:\/\/www.europesays.com\/es\/wp-json\/wp\/v2\/media?parent=261257"}],"wp:term":[{"taxonomy":"category","embeddable":true,"href":"https:\/\/www.europesays.com\/es\/wp-json\/wp\/v2\/categories?post=261257"},{"taxonomy":"post_tag","embeddable":true,"href":"https:\/\/www.europesays.com\/es\/wp-json\/wp\/v2\/tags?post=261257"}],"curies":[{"name":"wp","href":"https:\/\/api.w.org\/{rel}","templated":true}]}}