{"id":261259,"date":"2025-11-29T01:00:14","date_gmt":"2025-11-29T01:00:14","guid":{"rendered":"https:\/\/www.europesays.com\/es\/261259\/"},"modified":"2025-11-29T01:00:14","modified_gmt":"2025-11-29T01:00:14","slug":"la-version-de-daughters-de-este-talent-pone-la-piel-de-gallina-en-la-voz","status":"publish","type":"post","link":"https:\/\/www.europesays.com\/es\/261259\/","title":{"rendered":"La versi\u00f3n de \u2018Daughters\u2019 de este talent pone la piel de gallina en La Voz"},"content":{"rendered":"<p>Tras conquistar al p\u00fablico en el Asalto Final, <b>Jake Miagra<\/b> regresa al escenario de <b>La Voz<\/b> para demostrar por qu\u00e9 es una de las voces m\u00e1s potentes del equipo de <b>Mika<\/b>.<\/p>\n<p>En la primera semifinal, el talent cant\u00f3 <b>\u2018Daughters\u2019<\/b>, de <b>John Mayer<\/b>, una elecci\u00f3n que le permiti\u00f3 volver a mostrar su particular timbre y esa sensibilidad tan caracter\u00edstica que lo diferencia. \u00abNo tiene miedo de contar su historia\u00bb, ha comentado Mika, el coach ha alabado la capacidad que tiene el talent y su prometedor futuro.<\/p>\n<p>La actuaci\u00f3n de <b>Jake <\/b>destac\u00f3 por su originalidad y su capacidad para reinterpretar cada canci\u00f3n a su manera, el talent ha puesto en pie a todo el p\u00fablico y a los coaches, sobre todo a Mika quien se ha quedado en shock. Su voz volvi\u00f3 a conquistar al p\u00fablico y a los coaches&#8230; \u00a1As\u00ed ha sido su actuaci\u00f3n!<\/p>\n<p>   <img decoding=\"async\" title=\"Pablo L\u00f3pez\" alt=\"Pablo L\u00f3pez\" width=\"480\" height=\"270\" src=\"https:\/\/www.europesays.com\/es\/wp-content\/uploads\/2025\/11\/1764378014_784_pablo-lopez_70.jpg\" loading=\"lazy\" class=\"lazy\"\/><\/p>\n","protected":false},"excerpt":{"rendered":"Tras conquistar al p\u00fablico en el Asalto Final, Jake Miagra regresa al escenario de La Voz para demostrar&hellip;\n","protected":false},"author":2,"featured_media":261260,"comment_status":"","ping_status":"","sticky":false,"template":"","format":"standard","meta":{"footnotes":""},"categories":[171],"tags":[146,147,25,24,23,214],"class_list":{"0":"post-261259","1":"post","2":"type-post","3":"status-publish","4":"format-standard","5":"has-post-thumbnail","7":"category-tv","8":"tag-entertainment","9":"tag-entretenimiento","10":"tag-es","11":"tag-espana","12":"tag-spain","13":"tag-tv"},"share_on_mastodon":{"url":"https:\/\/pubeurope.com\/@es\/115630285134964515","error":""},"_links":{"self":[{"href":"https:\/\/www.europesays.com\/es\/wp-json\/wp\/v2\/posts\/261259","targetHints":{"allow":["GET"]}}],"collection":[{"href":"https:\/\/www.europesays.com\/es\/wp-json\/wp\/v2\/posts"}],"about":[{"href":"https:\/\/www.europesays.com\/es\/wp-json\/wp\/v2\/types\/post"}],"author":[{"embeddable":true,"href":"https:\/\/www.europesays.com\/es\/wp-json\/wp\/v2\/users\/2"}],"replies":[{"embeddable":true,"href":"https:\/\/www.europesays.com\/es\/wp-json\/wp\/v2\/comments?post=261259"}],"version-history":[{"count":0,"href":"https:\/\/www.europesays.com\/es\/wp-json\/wp\/v2\/posts\/261259\/revisions"}],"wp:featuredmedia":[{"embeddable":true,"href":"https:\/\/www.europesays.com\/es\/wp-json\/wp\/v2\/media\/261260"}],"wp:attachment":[{"href":"https:\/\/www.europesays.com\/es\/wp-json\/wp\/v2\/media?parent=261259"}],"wp:term":[{"taxonomy":"category","embeddable":true,"href":"https:\/\/www.europesays.com\/es\/wp-json\/wp\/v2\/categories?post=261259"},{"taxonomy":"post_tag","embeddable":true,"href":"https:\/\/www.europesays.com\/es\/wp-json\/wp\/v2\/tags?post=261259"}],"curies":[{"name":"wp","href":"https:\/\/api.w.org\/{rel}","templated":true}]}}