{"id":26126,"date":"2025-08-05T00:13:08","date_gmt":"2025-08-05T00:13:08","guid":{"rendered":"https:\/\/www.europesays.com\/es\/26126\/"},"modified":"2025-08-05T00:13:08","modified_gmt":"2025-08-05T00:13:08","slug":"marta-sanchez-espectacular-a-sus-50-anos-con-un-banador-de-rayas-que-tipazo-tienes","status":"publish","type":"post","link":"https:\/\/www.europesays.com\/es\/26126\/","title":{"rendered":"Marta S\u00e1nchez, espectacular a sus 50 a\u00f1os con un ba\u00f1ador de rayas: \u00abQu\u00e9 tipazo tienes\u00bb"},"content":{"rendered":"<p class=\"c-paragraph\">El verano de Marta S\u00e1nchez est\u00e1 siendo espectacular. A principios de julio, se fue con su hija, Paula Cabanas, a Ibiza para celebrar la nota que la joven consigui\u00f3 en su trabajo de fin de grado de la carrera de\u00a0Comunicaci\u00f3n y Estilismo e Imagen de Moda en el Instituto Internacional de dise\u00f1o, y ahora<b> la cantante est\u00e1 disfrutando de unas vacaciones en Mallorca junto con sus amigos.<\/b><\/p>\n<p class=\"c-paragraph\">En esta visita de la compositora espa\u00f1ola por la isla <b>se la ha podido ver muy contenta y despreocupada,<\/b> disfrutando de una tarde en barco con su entorno m\u00e1s cercano. En este viaje por el Mediterr\u00e1neo, Marta <b>ha utilizado un ba\u00f1ador a rayas de la marca Dossae Formentera<\/b>, una firma espa\u00f1ola inspirada en la isla de Formentera que utiliza materiales ecol\u00f3gicos.<\/p>\n<p>El ba\u00f1ador m\u00e1s &#8216;chic&#8217; de Marta S\u00e1nchez en Mallorca<\/p>\n<p class=\"c-paragraph\">Marta ha subido a sus redes sociales una recopilaci\u00f3n de fotos disfrutando de una tarde en el mar Mediterr\u00e1neo y<b> ense\u00f1ando que, a sus 59 a\u00f1os, todav\u00eda se mantiene muy en forma<\/b>. En las im\u00e1genes se ve a la vocalista con un ba\u00f1ador entero de cuerpo de tiro alto con estampado de rayas, un dise\u00f1o que adem\u00e1s de aportar m\u00e1s cobertura, crea la ilusi\u00f3n de una cintura m\u00e1s estrecha.<\/p>\n<p class=\"c-paragraph\">El ba\u00f1ador que luce Marta S\u00e1nchez<b> es de la marca espa\u00f1ola llamada Dossae Formentera<\/b>. Se trata de un<b> dise\u00f1o bicolor<\/b>, con la parte de arriba negra y la de abajo a rayas verticales en blanco y negro. Con tirantes estrechos, la espalda abierta hasta la cintura y con una braguita de tiro alto, <b>consigue un estilo elegante y original.<\/b> Esta prenda de ba\u00f1o se puede encontrar en la tienda online de la firma por un precio de 130\u202f\u20ac.<\/p>\n<p class=\"c-paragraph\">La vocalista ha demostrado una vez m\u00e1s que para ella<b> la edad solo es un n\u00famero<\/b> y que lo importante de verdad es sentirse c\u00f3modo en la piel de uno mismo. Sus seguidores saben la confianza que tiene Marta y han enloquecido con este dise\u00f1o de ba\u00f1o, apto para mujeres de cualquier edad. En los comentarios de su publicaci\u00f3n de Instagram se pueden leer mensajes como: \u00bbQu\u00e9 bien te conservas\u00bb, \u00bbDivina, siempre tan espectacular, \u00bb Guapa\u00bb o \u00abQu\u00e9 tipazo tienes\u00bb.\u00a0<\/p>\n","protected":false},"excerpt":{"rendered":"El verano de Marta S\u00e1nchez est\u00e1 siendo espectacular. A principios de julio, se fue con su hija, Paula&hellip;\n","protected":false},"author":2,"featured_media":26127,"comment_status":"","ping_status":"","sticky":false,"template":"","format":"standard","meta":{"footnotes":""},"categories":[174],"tags":[1721,988,255,146,147,25,24,5604,256,14494,199,23],"class_list":{"0":"post-26126","1":"post","2":"type-post","3":"status-publish","4":"format-standard","5":"has-post-thumbnail","7":"category-famosos","8":"tag-1721","9":"tag-anos","10":"tag-celebrities","11":"tag-entertainment","12":"tag-entretenimiento","13":"tag-es","14":"tag-espana","15":"tag-espectacular","16":"tag-famosos","17":"tag-marta","18":"tag-sanchez","19":"tag-spain"},"share_on_mastodon":{"url":"","error":""},"_links":{"self":[{"href":"https:\/\/www.europesays.com\/es\/wp-json\/wp\/v2\/posts\/26126","targetHints":{"allow":["GET"]}}],"collection":[{"href":"https:\/\/www.europesays.com\/es\/wp-json\/wp\/v2\/posts"}],"about":[{"href":"https:\/\/www.europesays.com\/es\/wp-json\/wp\/v2\/types\/post"}],"author":[{"embeddable":true,"href":"https:\/\/www.europesays.com\/es\/wp-json\/wp\/v2\/users\/2"}],"replies":[{"embeddable":true,"href":"https:\/\/www.europesays.com\/es\/wp-json\/wp\/v2\/comments?post=26126"}],"version-history":[{"count":0,"href":"https:\/\/www.europesays.com\/es\/wp-json\/wp\/v2\/posts\/26126\/revisions"}],"wp:featuredmedia":[{"embeddable":true,"href":"https:\/\/www.europesays.com\/es\/wp-json\/wp\/v2\/media\/26127"}],"wp:attachment":[{"href":"https:\/\/www.europesays.com\/es\/wp-json\/wp\/v2\/media?parent=26126"}],"wp:term":[{"taxonomy":"category","embeddable":true,"href":"https:\/\/www.europesays.com\/es\/wp-json\/wp\/v2\/categories?post=26126"},{"taxonomy":"post_tag","embeddable":true,"href":"https:\/\/www.europesays.com\/es\/wp-json\/wp\/v2\/tags?post=26126"}],"curies":[{"name":"wp","href":"https:\/\/api.w.org\/{rel}","templated":true}]}}