{"id":261263,"date":"2025-11-29T01:03:20","date_gmt":"2025-11-29T01:03:20","guid":{"rendered":"https:\/\/www.europesays.com\/es\/261263\/"},"modified":"2025-11-29T01:03:20","modified_gmt":"2025-11-29T01:03:20","slug":"un-diciembre-lleno-de-magia-con-el-calendario-de-adviento-malaguista-malaga-cf","status":"publish","type":"post","link":"https:\/\/www.europesays.com\/es\/261263\/","title":{"rendered":"Un diciembre lleno de magia con el Calendario de Adviento Malaguista | M\u00e1laga CF"},"content":{"rendered":"<p style=\"text-align: justify;\">Solo diciembre sabe envolver los d\u00edas con esa mezcla de ilusi\u00f3n y magia que anticipa la Navidad. Inspirado en ese sentimiento, el M\u00e1laga Club de F\u00fatbol presenta el Calendario de Adviento Malaguista, una cuenta atr\u00e1s llena de sorpresas blanquiazules.\u00a0<\/p>\n<p style=\"text-align: justify;\">A partir del 1 de diciembre, nuestras redes sociales ir\u00e1n desvelando, d\u00eda a d\u00eda, los 24 regalos que componen esta iniciativa tan especial. Cada jornada traer\u00e1 un obsequio diferente: equipaciones oficiales, entradas, experiencias y otros premios de la mano de patrocinadores como Famadesa y 101TV.<\/p>\n<p style=\"text-align: justify;\">Para participar, ser\u00e1 necesario estar registrado en la web oficial y completar el formulario espec\u00edfico del regalo del d\u00eda. No existe un registro global: cada premio tiene su propio formulario, pudiendo participar en todas las propuestas diarias del calendario.<br \/>Los ganadores ser\u00e1n contactados v\u00eda correo electr\u00f3nico al d\u00eda siguiente de la publicaci\u00f3n del regalo. En caso de que el premio requiera env\u00edo f\u00edsico, este estar\u00e1 limitado a territorio peninsular y Baleares.<\/p>\n<p style=\"text-align: justify;\">Veinticuatro d\u00edas para compartir la magia de estas fechas y seguir construyendo, junto a nuestra afici\u00f3n, una Navidad muy blanquiazul.<\/p>\n","protected":false},"excerpt":{"rendered":"Solo diciembre sabe envolver los d\u00edas con esa mezcla de ilusi\u00f3n y magia que anticipa la Navidad. Inspirado&hellip;\n","protected":false},"author":2,"featured_media":261264,"comment_status":"","ping_status":"","sticky":false,"template":"","format":"standard","meta":{"footnotes":""},"categories":[93],"tags":[168,25,24,23,167],"class_list":{"0":"post-261263","1":"post","2":"type-post","3":"status-publish","4":"format-standard","5":"has-post-thumbnail","7":"category-deportes","8":"tag-deportes","9":"tag-es","10":"tag-espana","11":"tag-spain","12":"tag-sports"},"share_on_mastodon":{"url":"https:\/\/pubeurope.com\/@es\/115630296495208764","error":""},"_links":{"self":[{"href":"https:\/\/www.europesays.com\/es\/wp-json\/wp\/v2\/posts\/261263","targetHints":{"allow":["GET"]}}],"collection":[{"href":"https:\/\/www.europesays.com\/es\/wp-json\/wp\/v2\/posts"}],"about":[{"href":"https:\/\/www.europesays.com\/es\/wp-json\/wp\/v2\/types\/post"}],"author":[{"embeddable":true,"href":"https:\/\/www.europesays.com\/es\/wp-json\/wp\/v2\/users\/2"}],"replies":[{"embeddable":true,"href":"https:\/\/www.europesays.com\/es\/wp-json\/wp\/v2\/comments?post=261263"}],"version-history":[{"count":0,"href":"https:\/\/www.europesays.com\/es\/wp-json\/wp\/v2\/posts\/261263\/revisions"}],"wp:featuredmedia":[{"embeddable":true,"href":"https:\/\/www.europesays.com\/es\/wp-json\/wp\/v2\/media\/261264"}],"wp:attachment":[{"href":"https:\/\/www.europesays.com\/es\/wp-json\/wp\/v2\/media?parent=261263"}],"wp:term":[{"taxonomy":"category","embeddable":true,"href":"https:\/\/www.europesays.com\/es\/wp-json\/wp\/v2\/categories?post=261263"},{"taxonomy":"post_tag","embeddable":true,"href":"https:\/\/www.europesays.com\/es\/wp-json\/wp\/v2\/tags?post=261263"}],"curies":[{"name":"wp","href":"https:\/\/api.w.org\/{rel}","templated":true}]}}