{"id":261265,"date":"2025-11-29T01:05:15","date_gmt":"2025-11-29T01:05:15","guid":{"rendered":"https:\/\/www.europesays.com\/es\/261265\/"},"modified":"2025-11-29T01:05:15","modified_gmt":"2025-11-29T01:05:15","slug":"sira-martinez-hija-de-luis-enrique-emociona-con-su-mensaje-a-su-hermana-xana-en-el-dia-que-habria-cumplido-16-anos","status":"publish","type":"post","link":"https:\/\/www.europesays.com\/es\/261265\/","title":{"rendered":"Sira Mart\u00ednez, hija de Luis Enrique, emociona con su mensaje a su hermana Xana en el d\u00eda que habr\u00eda cumplido 16 a\u00f1os"},"content":{"rendered":"<p style=\"\">La peque\u00f1a Xana falleci\u00f3 el 29 de agosto de 2019 <strong>con tan solo 9 a\u00f1os a causa de un osteosarcoma<\/strong> y no pasa un d\u00eda en el que los suyos no se acuerden de ella. Y menos en cuando llega un d\u00eda tan se\u00f1alado  &#8230; como aquel en el que la hija peque\u00f1a del entrenador de f\u00fatbol<a href=\"https:\/\/www.abc.es\/gente\/gossip\/abci-hija-luis-enrique-sorprende-todos-revelando-identidad-novio-redes-202201181411_noticia.html\" target=\"_self\" data-voc-vtm-id=\"in-text-traffic\" title=\" Luis Enrique\" data-mrf-link=\"www.abc.es\" rel=\"nofollow noopener\"> Luis Enrique<\/a> hubiera cumplido 16 a\u00f1os. <strong>As\u00ed lo ha rese\u00f1ado en sus redes sociales<\/strong> su hermana, la amazona e influencer <a href=\"https:\/\/www.abc.es\/gente\/desvelan-nueva-pareja-sira-martinez-hija-luis-20240415184536-nt.html\" target=\"_self\" data-voc-vtm-id=\"in-text-traffic\" title=\"Sira Mart\u00ednez\" data-mrf-link=\"www.abc.es\" rel=\"nofollow noopener\">Sira Mart\u00ednez<\/a>, con un mensaje que <strong>ha mocionado a todos<\/strong>.<\/p>\n<p class=\"voc-p\" style=\"\">En esta fecha tan especial, <a href=\"https:\/\/www.abc.es\/gente\/abci-sira-martinez-hija-influencer-luis-enrique-202110141134_noticia.html\" target=\"_self\" data-voc-vtm-id=\"in-text-traffic\" title=\"Sira Mart\u00ednez\" data-mrf-link=\"www.abc.es\" rel=\"nofollow noopener\">Sira Mart\u00ednez<\/a> ha felicitado as\u00ed a su hermana en sus redes sociales: \u00ab<strong>Feliz cumple, princesaaaaaa, te quiero<\/strong>\u00bb. As\u00ed ha compartido su recuerdo por su hermana junto a <strong>un amplio carrusel de foto<\/strong>s. Y, por supuesto, el post ha generado infinidad de mensajes de usuarios, incluidos rostros populares, que han transmitido su afecto a la creadora de contenido.<\/p>\n<p class=\"voc-p\" style=\"\">La muerte de Xana provoc\u00f3 <strong>un vuelco en la vida de toda la familia<\/strong> y as\u00ed lo ha visibilizado cada uno de sus miembros. \u00abTe echaremos mucho de menos, pero <strong>te recordaremos cada d\u00eda de nuestras vidas<\/strong>\u00bb, dijo el exseleccionador espa\u00f1ol.<\/p>\n<p>\nUn precioso carrusel de fotos\n<\/p>\n<p class=\"voc-p\" style=\"\">Sira Mart\u00ednez no solo ha escrito el emocionado mensaje, sino que lo ha acompa\u00f1ado con un carrusel de im\u00e1genes para incluir siete fotograf\u00edas en las que la peque\u00f1a Xana aparece <strong>practicando la h\u00edpica<\/strong>, una afici\u00f3n que compart\u00eda con Sira, una destacada amazona ya con numerosos logros en su carrera deportiva. En las im\u00e1genes, la hermana peque\u00f1a sonr\u00ede mientras <strong>abraza delicadamente a un pony<\/strong> vestida de amazona. En otra incluso aparece junto al pony y uno de sus mu\u00f1ecos favoritos, un loro de peluche.<\/p>\n<p class=\"voc-p\" style=\"\">Por supuesto, la publicaci\u00f3n ha generado cientos de likes y comentarios, con amigos y seguidores tan populares como <strong>Carles Puyol, Elena Galera, Beatriz Espejel, Sandra Garal o Alba Silva<\/strong>, quienes llenaron el Instagram de corazones.<\/p>\n<p class=\"voc-p\" style=\"\">Como se ha mencionado, la propia familia quiso visibilizar la tr\u00e1gica muerte de Xana y el propio Luis Enrique habl\u00f3 de ello sin ning\u00fan filtro en el documental &#8216;No ten\u00e9is ni **** idea&#8217;, donde dijo: \u00ab<strong>Mi madre no pod\u00eda tener fotos de ella en casa<\/strong>. Le dije que ten\u00eda que poner a Xana porque Xana est\u00e1 viva. En el plano f\u00edsico no est\u00e1, pero en el plano espiritual s\u00ed, porque cada d\u00eda hablamos de ella, nos re\u00edmos y la recordamos&#8230;\u00bb.<\/p>\n<p class=\"voc-title\">\u00abCada d\u00eda hablamos de ella, nos re\u00edmos y la recordamos&#8230;\u00bb<\/p>\n<p class=\"voc-article-position__name\">Luis Enrique<\/p>\n<p class=\"voc-article-position__employ\">Entrenador de f\u00fatbol<\/p>\n<p class=\"voc-p\" style=\"\">Para ellos, pronunciarse de esa manera fue <strong>una especie de terapia<\/strong> para superar el fallecimiento de la peque\u00f1a tras luchar durante cinco intensos meses contra un osteosarcoma en los hospitales Sant Joan de Deu y Sant Pau, de Barcelona. Se fue en casa y rodeada de todos sus seres queridos.<\/p>\n<p>\n\u00abFue muy duro\u00bb\n<\/p>\n<p class=\"voc-p\" style=\"\">\u00abCuando ya estaba muy fastidiada, aceptaba que su madre llorara porque nos dec\u00eda cosas duras, muy duras, y Elena se descompon\u00eda y yo me pon\u00eda a llorar, pero ella no entend\u00eda que yo llorara y me ped\u00eda que no lo hiciera. Decir adi\u00f3s a Xana fue muy duro y a la vez muy emotivo y muy cercano, ya que muri\u00f3 en nuestra casa, rodeada de su familia, de sus primas, de sus padres, de sus abuelos. Xana era una verdulera, graciosa, simp\u00e1tica, muy abierta, muy espont\u00e1nea, una payasa, muy competitiva, muy valiente&#8230; \u00a1Un volc\u00e1n! Y guapa\u00bb, dir\u00eda el actual entrenador del Paris Saint-Germain, el principal dominador del f\u00fatbol europeo en estos momentos.<\/p>\n","protected":false},"excerpt":{"rendered":"La peque\u00f1a Xana falleci\u00f3 el 29 de agosto de 2019 con tan solo 9 a\u00f1os a causa de&hellip;\n","protected":false},"author":2,"featured_media":261266,"comment_status":"","ping_status":"","sticky":false,"template":"","format":"standard","meta":{"footnotes":""},"categories":[91],"tags":[988,58479,978,14733,12096,146,147,25,24,11317,3983,7820,825,8079,155,23,65211],"class_list":{"0":"post-261265","1":"post","2":"type-post","3":"status-publish","4":"format-standard","5":"has-post-thumbnail","7":"category-entretenimiento","8":"tag-anos","9":"tag-cumplido","10":"tag-dia","11":"tag-emociona","12":"tag-enrique","13":"tag-entertainment","14":"tag-entretenimiento","15":"tag-es","16":"tag-espana","17":"tag-hermana","18":"tag-hija","19":"tag-luis","20":"tag-martinez","21":"tag-mensaje","22":"tag-sira","23":"tag-spain","24":"tag-xana"},"share_on_mastodon":{"url":"https:\/\/pubeurope.com\/@es\/115630304376977218","error":""},"_links":{"self":[{"href":"https:\/\/www.europesays.com\/es\/wp-json\/wp\/v2\/posts\/261265","targetHints":{"allow":["GET"]}}],"collection":[{"href":"https:\/\/www.europesays.com\/es\/wp-json\/wp\/v2\/posts"}],"about":[{"href":"https:\/\/www.europesays.com\/es\/wp-json\/wp\/v2\/types\/post"}],"author":[{"embeddable":true,"href":"https:\/\/www.europesays.com\/es\/wp-json\/wp\/v2\/users\/2"}],"replies":[{"embeddable":true,"href":"https:\/\/www.europesays.com\/es\/wp-json\/wp\/v2\/comments?post=261265"}],"version-history":[{"count":0,"href":"https:\/\/www.europesays.com\/es\/wp-json\/wp\/v2\/posts\/261265\/revisions"}],"wp:featuredmedia":[{"embeddable":true,"href":"https:\/\/www.europesays.com\/es\/wp-json\/wp\/v2\/media\/261266"}],"wp:attachment":[{"href":"https:\/\/www.europesays.com\/es\/wp-json\/wp\/v2\/media?parent=261265"}],"wp:term":[{"taxonomy":"category","embeddable":true,"href":"https:\/\/www.europesays.com\/es\/wp-json\/wp\/v2\/categories?post=261265"},{"taxonomy":"post_tag","embeddable":true,"href":"https:\/\/www.europesays.com\/es\/wp-json\/wp\/v2\/tags?post=261265"}],"curies":[{"name":"wp","href":"https:\/\/api.w.org\/{rel}","templated":true}]}}