{"id":261267,"date":"2025-11-29T01:07:16","date_gmt":"2025-11-29T01:07:16","guid":{"rendered":"https:\/\/www.europesays.com\/es\/261267\/"},"modified":"2025-11-29T01:07:16","modified_gmt":"2025-11-29T01:07:16","slug":"mapfre-impulsa-el-peso-de-la-tecnologia-y-del-dato-en-el-negocio-y-simplifica-su-estructura-corporativa","status":"publish","type":"post","link":"https:\/\/www.europesays.com\/es\/261267\/","title":{"rendered":"MAPFRE impulsa el peso de la tecnolog\u00eda y del dato en el negocio, y simplifica su estructura corporativa"},"content":{"rendered":"<p style=\"text-align: left;\">MAPFRE ha decidido elevar el car\u00e1cter estrat\u00e9gico de la tecnolog\u00eda en el negocio. Para ello, el pr\u00f3ximo 31 de diciembre, se suprime el \u00c1rea Corporativa de Transformaci\u00f3n de la Operaci\u00f3n, que inclu\u00eda la direcci\u00f3n de Tecnolog\u00eda, y se nombra a <strong>Vanessa Escriv\u00e1 Garc\u00eda<\/strong> <strong>directora general del \u00c1rea Corporativa de Tecnolog\u00eda y del Dato<\/strong>. Esta \u00e1rea incorporar\u00e1, tambi\u00e9n a partir del 1 de enero, a la direcci\u00f3n corporativa del Dato, dirigida por Maribel Solanas, Group Chief Data Officer de MAPFRE, as\u00ed como toda la estrategia de Inteligencia Artificial del Grupo. El objetivo de esta integraci\u00f3n es potenciar a\u00fan m\u00e1s el valor del dato tambi\u00e9n como activo estrat\u00e9gico del grupo. Esta \u00e1rea depender\u00e1 directamente del presidente y del CEO de la compa\u00f1\u00eda.<\/p>\n<p style=\"text-align: left;\">\u201cEn cualquier actividad, pero especialmente en el \u00e1mbito asegurador que manejamos datos y prestamos servicio a m\u00e1s de 30 millones de clientes, la tecnolog\u00eda es determinante como herramienta facilitadora para alcanzar los objetivos estrat\u00e9gicos del grupo\u201d se\u00f1ala <strong>Antonio Huertas, <\/strong>\u201cven\u00edamos dando pasos enormes en la transformaci\u00f3n de MAPFRE, gracias al impulso y liderazgo estrat\u00e9gico de Jos\u00e9 Antonio Arias, \u00a0ahora queremos acelerar a\u00fan m\u00e1s el impacto de la tecnolog\u00eda en el negocio y la incorporaci\u00f3n de la IA a nuestras actividades, que cada vez son m\u00e1s digitales, aunque siempre pilotadas por personas\u201d.<\/p>\n<p style=\"text-align: left;\">La supresi\u00f3n del \u00e1rea corporativa de Transformaci\u00f3n de la Operaci\u00f3n, que ha cumplido sobradamente con los objetivos previstos desde su creaci\u00f3n, supone adem\u00e1s una simplificaci\u00f3n de la estructura corporativa que mejorar\u00e1 la eficiencia. Las funciones de esta \u00e1rea, excepto tecnolog\u00eda, ser\u00e1n supervisadas directamente por el vicepresidente primero, Jose Manuel Inchausti.<\/p>\n<p style=\"text-align: left;\">Como consecuencia de esta reorganizaci\u00f3n, el actual director del \u00c1rea, <strong>Jos\u00e9 Antonio Arias<\/strong> se convertir\u00e1 a partir del 1 de enero en el director corporativo <strong>de Inmuebles y Medios<\/strong>, funciones que se integran, en dependencia del director general financiero del grupo, Jose Luis Jim\u00e9nez Guajardo-Fajardo. Jos\u00e9 Antonio Arias, asume ahora esta direcci\u00f3n de gran importancia estrat\u00e9gica para el grupo, en la que su madurez directiva y experiencia ser\u00e1n muy importantes.<\/p>\n<p style=\"text-align: left;\">Los cambios tambi\u00e9n afectan al Consejo Asesor de Tecnolog\u00eda, Innovaci\u00f3n y Transformaci\u00f3n (CATIT), el \u00f3rgano consultivo creado en 2020 y formado por expertos independientes que asesoran a los \u00f3rganos de gobierno de MAPFRE sobre decisiones en materia de tecnolog\u00eda, innovaci\u00f3n y transformaci\u00f3n. Vanessa Escriv\u00e1 se incorpora como vocal al CATIT, mientras que Leire Jimenez Ayesa, sumar\u00e1 a su condici\u00f3n de vocal de este Consejo Asesor la de Secretaria del CATIT.<\/p>\n<p style=\"text-align: left;\"><strong>Comit\u00e9 Ejecutivo<\/strong><strong>\u00a0<\/strong><\/p>\n<p style=\"text-align: left;\">El Comit\u00e9 Ejecutivo de MAPFRE se renueva con la incorporaci\u00f3n de <strong>Ra\u00fal Costilla Prieto<\/strong>, director general de Negocio, y de la nueva directora general de Tecnolog\u00eda y Dato, <strong>Vanessa Escriv\u00e1<\/strong>.<\/p>\n<p style=\"text-align: left;\"><strong>Otros nombramientos relevantes<\/strong><strong>\u00a0<\/strong><\/p>\n<p style=\"text-align: left;\"><strong>Jos\u00e9 Antonio Ledesma<\/strong>, actual director corporativo de Medios, se incorporar\u00e1 el pr\u00f3ximo 30 de marzo a la Direcci\u00f3n Corporativa de Seguridad como director de Control de Seguridad, un puesto de nueva creaci\u00f3n requerido por la mayor complejidad normativa que afecta a la actividad aseguradora.<\/p>\n<p style=\"text-align: left;\"><strong>Jos\u00e9 Luis Bernal<\/strong>, actual Chief Digital, Data and Innovation Officer de MAPFRE USA, se incorporar\u00e1 el pr\u00f3ximo 1 de enero como experto para fortalecer los proyectos de transformaci\u00f3n del Grupo y elevar su impacto en el negocio. Actuar\u00e1 bajo la dependencia directa del director general del \u00e1rea corporativa de Personas, Estrategia y Sostenibilidad, Alfredo Castelo.<\/p>\n<p style=\"text-align: left;\"><strong>Nombramientos en el Consejo de Administraci\u00f3n<\/strong><strong>\u00a0<\/strong><\/p>\n<p style=\"text-align: left;\">El Consejo ha aprobado que <strong>Mar\u00eda de los \u00c1ngeles Santamar\u00eda<\/strong> se incorpore como vocal a dos de sus Comisiones: A la Comisi\u00f3n de Riesgos, Sostenibilidad y Cumplimiento, en sustituci\u00f3n de Ana Isabel Fern\u00e1ndez \u00c1lvarez; y a la Comisi\u00f3n de Nombramientos y Retribuciones, en sustituci\u00f3n de Mar\u00eda del Pilar Perales Viscasillas.<\/p>\n","protected":false},"excerpt":{"rendered":"MAPFRE ha decidido elevar el car\u00e1cter estrat\u00e9gico de la tecnolog\u00eda en el negocio. Para ello, el pr\u00f3ximo 31&hellip;\n","protected":false},"author":2,"featured_media":261268,"comment_status":"","ping_status":"","sticky":false,"template":"","format":"standard","meta":{"footnotes":""},"categories":[80],"tags":[82,95,94,25,24,23],"class_list":{"0":"post-261267","1":"post","2":"type-post","3":"status-publish","4":"format-standard","5":"has-post-thumbnail","7":"category-economia","8":"tag-business","9":"tag-economia","10":"tag-economy","11":"tag-es","12":"tag-espana","13":"tag-spain"},"share_on_mastodon":{"url":"https:\/\/pubeurope.com\/@es\/115630312409189249","error":""},"_links":{"self":[{"href":"https:\/\/www.europesays.com\/es\/wp-json\/wp\/v2\/posts\/261267","targetHints":{"allow":["GET"]}}],"collection":[{"href":"https:\/\/www.europesays.com\/es\/wp-json\/wp\/v2\/posts"}],"about":[{"href":"https:\/\/www.europesays.com\/es\/wp-json\/wp\/v2\/types\/post"}],"author":[{"embeddable":true,"href":"https:\/\/www.europesays.com\/es\/wp-json\/wp\/v2\/users\/2"}],"replies":[{"embeddable":true,"href":"https:\/\/www.europesays.com\/es\/wp-json\/wp\/v2\/comments?post=261267"}],"version-history":[{"count":0,"href":"https:\/\/www.europesays.com\/es\/wp-json\/wp\/v2\/posts\/261267\/revisions"}],"wp:featuredmedia":[{"embeddable":true,"href":"https:\/\/www.europesays.com\/es\/wp-json\/wp\/v2\/media\/261268"}],"wp:attachment":[{"href":"https:\/\/www.europesays.com\/es\/wp-json\/wp\/v2\/media?parent=261267"}],"wp:term":[{"taxonomy":"category","embeddable":true,"href":"https:\/\/www.europesays.com\/es\/wp-json\/wp\/v2\/categories?post=261267"},{"taxonomy":"post_tag","embeddable":true,"href":"https:\/\/www.europesays.com\/es\/wp-json\/wp\/v2\/tags?post=261267"}],"curies":[{"name":"wp","href":"https:\/\/api.w.org\/{rel}","templated":true}]}}