{"id":261269,"date":"2025-11-29T01:08:13","date_gmt":"2025-11-29T01:08:13","guid":{"rendered":"https:\/\/www.europesays.com\/es\/261269\/"},"modified":"2025-11-29T01:08:13","modified_gmt":"2025-11-29T01:08:13","slug":"supervivientes-del-horror-en-hong-kong-no-nos-queda-nada","status":"publish","type":"post","link":"https:\/\/www.europesays.com\/es\/261269\/","title":{"rendered":"Supervivientes del horror en Hong Kong: \u00abNo nos queda nada\u00bb"},"content":{"rendered":"<p style=\"\"><a href=\"https:\/\/www.abc.es\/internacional\/asciende-muertos-incendio-complejo-rascacielos-hong-kong-20251126232919-nt.html\" target=\"_self\" data-voc-vtm-id=\"in-text-traffic\" title=\"El incendio\" data-mrf-link=\"www.abc.es\" rel=\"nofollow noopener\">El incendio<\/a> que desde hace dos d\u00edas asola el complejo de rascacielos de Wang Fuk por fin se extingui\u00f3 ayer, convertido ya en una de las cat\u00e1strofes m\u00e1s devastadoras en la historia moderna de <a href=\"https:\/\/www.abc.es\/internacional\/1800-hogares-infierno-corrupcion-causo-terrible-incendio-20251127200920-nt.html\" target=\"_self\" data-voc-vtm-id=\"in-text-traffic\" title=\"Hong Kong\" data-mrf-link=\"www.abc.es\" rel=\"nofollow noopener\">Hong Kong<\/a>. Sus tr\u00e1gicas dimensiones est\u00e1n todav\u00eda por dilucidar  &#8230; con exactitud. La cifra oficial de fallecidos se elevaba anoche a 128, aunque se teme que estas sigan aumentando a medida que avanzan las labores de rescate.<\/p>\n<p class=\"voc-p\" style=\"\">Unas 200 personas permanecen en paradero desconocido y fuentes policiales han alertado a ABC de que dentro de los bloques podr\u00eda haber hasta \u00abun centenar\u00bb de cad\u00e1veres. \u00abHasta ahora los bomberos solo han despejado los escombros, no han recogido los cuerpos porque <a href=\"https:\/\/www.abc.es\/internacional\/cuatro-muertos-incendio-urbanizacion-hong-kong-20251126105545-nt.html\" target=\"_self\" data-voc-vtm-id=\"in-text-traffic\" title=\"su prioridad era buscar supervivientes\" data-mrf-link=\"www.abc.es\" rel=\"nofollow noopener\">su prioridad era buscar supervivientes<\/a>. Lo que hac\u00edan era fotografiar los rostros reconocibles y apuntar el piso donde los encontraban\u00bb, explican a este medio agentes involucrados en la operaci\u00f3n.<\/p>\n<p class=\"voc-p\" style=\"\">Dichas im\u00e1genes, \u00aben su mayor\u00eda ancianos y ni\u00f1os\u00bb, acaban colgadas en una gran pared en el interior del <a href=\"https:\/\/www.abc.es\/internacional\/incendio-complejo-rascacielos-hong-kong-imagenes-20251126203228-ga.html\" target=\"_self\" data-voc-vtm-id=\"in-text-traffic\" title=\"centro comunitario Kwong Fuk\" data-mrf-link=\"www.abc.es\" rel=\"nofollow noopener\">centro comunitario Kwong Fuk<\/a>, un espacio a la vuelta de la esquina donde acuden familiares de los desaparecidos, en busca de respuestas definitivas tanto o m\u00e1s dolorosas que la incertidumbre.<\/p>\n<p class=\"voc-p\" style=\"\">Con las llamas ya apagadas y la seguridad de la zona garantizada, los bomberos y la Polic\u00eda iniciaron por la tarde una batida de arriba abajo por los edificios, con el prop\u00f3sito de retirar los cuerpos que aguardan en su interior. Una operaci\u00f3n que se prev\u00e9 larga y podr\u00eda durar hasta dos d\u00edas, dado que el complejo est\u00e1 compuesto de ocho bloques -siete de los cuales ardieron- de 31 plantas cada uno para un total de 1.900 viviendas, reducidas en su mayor\u00eda a cenizas.<\/p>\n<p class=\"voc-title\">\u00abMuchos de nuestros vecinos y amigos han fallecido, a nosotros no nos queda nada\u00bb, afirman dos de los supervivientes<\/p>\n<p class=\"voc-p\" style=\"\">As\u00ed, quien mantiene la vida ha perdido todo lo dem\u00e1s. Kenneth Tse y su mujer estaban en sus respectivos puestos de trabajo cuando vieron en redes sociales las primeras im\u00e1genes del desastre y reconocieron con horror la fachada de su edificio. \u00abNo sabemos expresar lo que sentimos, muchos de nuestros vecinos y amigos han fallecido, a nosotros no nos queda nada\u00bb, musitan mientras sujetan una bolsa repleta de pa\u00f1ales para su hijo de tres a\u00f1os. \u00abDe momento nos estamos quedando en casa de unos familiares\u00bb.<\/p>\n<p><img decoding=\"async\" loading=\"lazy\" src=\"https:\/\/www.europesays.com\/es\/wp-content\/uploads\/2025\/11\/cadaveres-U74606348847ZwL-760x510@diario_abc.jpg\" class=\"voc-img\" width=\"760\" height=\"510\" alt=\"Bomberos trasladan cad\u00e1veres para su identificaci\u00f3n\" data-voc-vtm-id=\"in-text-traffic\"\/><\/p>\n<p>Bomberos trasladan cad\u00e1veres para su identificaci\u00f3n<\/p>\n<p>AFP<\/p>\n<p class=\"voc-p\" style=\"\">Las posesiones de Maple y su marido, un matrimonio de sexagenarios, han quedado reducidas a una maleta de mano que arrastra con gesto de amargura. Tambi\u00e9n ellos estaban fuera de casa cuando empez\u00f3 el incendio, y tambi\u00e9n ellos han sabido de la muerte de muchos de sus vecinos. Por eso ella se confiesa, pese a todo, \u00abafortunada\u00bb. La mayor\u00eda de los objetos que contiene la maleta, adem\u00e1s, ni siquiera son suyos, sino art\u00edculos de primera necesidad obtenidos en la Escuela Secundaria Iglesia de Cristo en China Fung Leung Kit, la cual estos d\u00edas sirve como refugio para los desplazados que no tienen otro lugar donde ir.<\/p>\n<p class=\"voc-p\" style=\"\">Solo el apabullante despliegue de solidaridad alivia el sufrimiento. La explanada adyacente contiene tal cantidad de productos que unos cartones trazan un improvisado mapa, como si se tratara de un centro comercial sin lucro alguno. Cientos de voluntarios zigzaguean a toda velocidad portando rebosantes cajas de cart\u00f3n. \u00abHe venido esta ma\u00f1ana dispuesto a ayudar. He llevado unas bolsas al refugio, pero al llegar me han dicho que no necesitaban m\u00e1s cosas\u00bb, cuenta Alvin, un treinta\u00f1ero criado en el barrio. \u00abEs un episodio muy triste, deber\u00edan investigar y llegar al fondo de la cuesti\u00f3n\u00bb.<\/p>\n<p class=\"voc-p\" style=\"\">Las autoridades, entretanto, avanzan en su investigaci\u00f3n criminal y ayer arrestaron a otras ocho personas vinculadas con el proyecto de renovaci\u00f3n del complejo, valorado en 330 millones de d\u00f3lares hongkoneses (36 millones de euros). Estos se unen a la detenci\u00f3n el jueves de tres responsables de la empresa que ejecutaba las obras, acusados de homicidio imprudente por emplear materiales no homologados.<\/p>\n<p>\nNegligencias en la reforma\n<\/p>\n<p class=\"voc-p\" style=\"\">Las pruebas preliminares muestran que la red del andamiaje cumpl\u00eda con los est\u00e1ndares legales, seg\u00fan ha revelado el secretario de Seguridad Chris Tang. No as\u00ed las planchas de poliestireno aplicadas en las ventanas, altamente inflamables, que provocaron la r\u00e1pida expansi\u00f3n de las llamas y la ruptura de los cristales, lo que introdujo el aire ardiente en el interior de las viviendas. El origen espec\u00edfico del fuego todav\u00eda no se ha esclarecido.<\/p>\n<p class=\"voc-p\" style=\"\">Todo ello apunta a pr\u00e1cticas negligentes por parte de la firma encargada de la renovaci\u00f3n, Prestige Construction and Engineering. Esta hab\u00eda recibido hasta diecis\u00e9is inspecciones del departamento de Construcci\u00f3n, organismo oficial que lleg\u00f3 a reportar tres violaciones del protocolo antiincendios en las obras de Wang Fuk, la \u00faltima de ellas el pasado 20 de noviembre. La empresa ya hab\u00eda sido sancionada en a\u00f1os recientes por pr\u00e1cticas il\u00edcitas en otras construcciones.<\/p>\n<p class=\"voc-p\" style=\"\">Las circunstancias trazan, pues, la silueta de una cat\u00e1strofe evitable, pero en Wang Fuk tanto dolor no deja espacio -todav\u00eda- a la indignaci\u00f3n. \u00abNo estoy pensando en la corrupci\u00f3n, estoy muy conmovido por este despliegue\u00bb, asegura con ojos llorosos Nelson. \u00abMis padres viv\u00edan en una de las torres pero estaban fuera de casa cuando el incendio empez\u00f3. Vi las noticias y acud\u00ed de inmediato a recogerles. Ahora se est\u00e1n quedando en mi casa\u00bb, rememora el hombre, trabajador en la Universidad de la Ciudad de Hong Kong, quien, emocionado, acaba por echarse en brazos del reportero en busca de consuelo.<\/p>\n<p class=\"voc-p\" style=\"\">En la explanada, centenares de paseantes y curiosos contemplan, incr\u00e9dulos, el negro espectro de los siete bloques calcinados. Entre la ch\u00e1chara y el traj\u00edn se oye alg\u00fan sollozo. En una esquina, unos ancianos juegan al ajedrez chino. Les contempla un ni\u00f1o que come una chocolatina mientras su cuidadora descansa inmersa en su tel\u00e9fono m\u00f3vil. La vida, por definici\u00f3n, sigue.<\/p>\n","protected":false},"excerpt":{"rendered":"El incendio que desde hace dos d\u00edas asola el complejo de rascacielos de Wang Fuk por fin se&hellip;\n","protected":false},"author":2,"featured_media":261270,"comment_status":"","ping_status":"","sticky":false,"template":"","format":"standard","meta":{"footnotes":""},"categories":[42],"tags":[17,18,13,14,11,25440,10437,61,62,63,64,7123,19,20,9,10,15,16,3041,3947,12,21,22,65,66,67],"class_list":{"0":"post-261269","1":"post","2":"type-post","3":"status-publish","4":"format-standard","5":"has-post-thumbnail","7":"category-internacional","8":"tag-breaking-news","9":"tag-breakingnews","10":"tag-featured-news","11":"tag-featurednews","12":"tag-headlines","13":"tag-hong","14":"tag-horror","15":"tag-internacional","16":"tag-international","17":"tag-international-news","18":"tag-internationalnews","19":"tag-kong","20":"tag-latest-news","21":"tag-latestnews","22":"tag-news","23":"tag-noticias","24":"tag-noticias-destacadas","25":"tag-noticiasdestacadas","26":"tag-queda","27":"tag-supervivientes","28":"tag-titulares","29":"tag-ultimas-noticias","30":"tag-ultimasnoticias","31":"tag-world","32":"tag-world-news","33":"tag-worldnews"},"share_on_mastodon":{"url":"https:\/\/pubeurope.com\/@es\/115630316727241441","error":""},"_links":{"self":[{"href":"https:\/\/www.europesays.com\/es\/wp-json\/wp\/v2\/posts\/261269","targetHints":{"allow":["GET"]}}],"collection":[{"href":"https:\/\/www.europesays.com\/es\/wp-json\/wp\/v2\/posts"}],"about":[{"href":"https:\/\/www.europesays.com\/es\/wp-json\/wp\/v2\/types\/post"}],"author":[{"embeddable":true,"href":"https:\/\/www.europesays.com\/es\/wp-json\/wp\/v2\/users\/2"}],"replies":[{"embeddable":true,"href":"https:\/\/www.europesays.com\/es\/wp-json\/wp\/v2\/comments?post=261269"}],"version-history":[{"count":0,"href":"https:\/\/www.europesays.com\/es\/wp-json\/wp\/v2\/posts\/261269\/revisions"}],"wp:featuredmedia":[{"embeddable":true,"href":"https:\/\/www.europesays.com\/es\/wp-json\/wp\/v2\/media\/261270"}],"wp:attachment":[{"href":"https:\/\/www.europesays.com\/es\/wp-json\/wp\/v2\/media?parent=261269"}],"wp:term":[{"taxonomy":"category","embeddable":true,"href":"https:\/\/www.europesays.com\/es\/wp-json\/wp\/v2\/categories?post=261269"},{"taxonomy":"post_tag","embeddable":true,"href":"https:\/\/www.europesays.com\/es\/wp-json\/wp\/v2\/tags?post=261269"}],"curies":[{"name":"wp","href":"https:\/\/api.w.org\/{rel}","templated":true}]}}