{"id":261271,"date":"2025-11-29T01:09:10","date_gmt":"2025-11-29T01:09:10","guid":{"rendered":"https:\/\/www.europesays.com\/es\/261271\/"},"modified":"2025-11-29T01:09:10","modified_gmt":"2025-11-29T01:09:10","slug":"el-tsjc-levanta-la-suspension-del-decreto-que-margina-el-castellano-en-las-aulas-la-generalitat-podra-exigir-el-c2-de-catalan-a-los-nuevos-profesores-y-aplicar-sanciones-el-mundo","status":"publish","type":"post","link":"https:\/\/www.europesays.com\/es\/261271\/","title":{"rendered":"El TSJC levanta la suspensi\u00f3n del decreto que margina el castellano en las aulas: la Generalitat podr\u00e1 exigir el C2 de catal\u00e1n a los nuevos profesores y aplicar sanciones &#8211; El Mundo"},"content":{"rendered":"<ol>\n<li><a href=\"https:\/\/news.google.com\/rss\/articles\/CBMifEFVX3lxTE91cGZfN2x0bnEtZDJuWDVrbzZiZkhVa0VCRTFlZWlWck5kZmNuVnFXYmg5OG55QTV0RWZIRXVMZGFSdTdIMlJ1ZTd3SC10MVEyRFBPNF9PUDdSTUt5SFd0TXpJNVdQN1dDUDZuR3dVYTB6eGk1aXlFWTdXSjjSAXxBVV95cUxPc0ZnX3BxRk5abE9SUmdZdGFhaXhZTGpjU2hENldSQ2ZZRWFKbk5xU2ppMEZRb0xnR1otZGctRjdRUUJGU0pYeVlpaUNUWGNUMmJjbUw0anFIcS1DMmYtLWxFYnFnY0dyMElvbFBYZi03Wm1WaVNIU3NpTi1q?oc=5\" target=\"_blank\" rel=\"nofollow noopener\">El TSJC levanta la suspensi\u00f3n del decreto que margina el castellano en las aulas: la Generalitat podr\u00e1 exigir el C2 de catal\u00e1n a los nuevos profesores y aplicar sanciones<\/a>&nbsp;&nbsp;El Mundo<\/li>\n<li><a href=\"https:\/\/news.google.com\/rss\/articles\/CBMi0gFBVV95cUxPV1Z4THJXZ2JNN184OTVJNndBOVJabG9YcmlUNmpWY3dkeWFqdHpvVDNqejB6cUhDYjFhWDM0bFJnMGFsaFFuTW5FZ2kzRHRiZG1vOS1SWnlySkg1bldZMjB3c2VzaXJsOElkQ3A2QW9GTm41Y0Y2bkFsc3Q0bFNuY0N6RFl1ZTFBTXpzZVJURFVicEZ3U29RRFhub2dpRU9NZ2NqQlp4dXBDY29vMklQRVRoN1lkTFk0WDVQNHdySTVPX183ZDdWcHkta25obUV0TGc?oc=5\" target=\"_blank\" rel=\"nofollow noopener\">Educaci\u00f3n podr\u00e1 exigir el C2 de catal\u00e1n a los nuevos profesores y en las oposiciones<\/a>&nbsp;&nbsp;EL PA\u00cdS<\/li>\n<li><a href=\"https:\/\/news.google.com\/rss\/articles\/CBMiogFBVV95cUxQelI5cW9SWnVabENxUzZHY0VEOGpLTkZ0SGlBbFR1SnptdWR2QS1XU3hneXd4aDlncEUzUlFJVlp0eVVaWjlHU2VsX3RReDhjNTRBRk82MTd5a1FEUHNRYjNrTnJHN3JreWVhNjJPYXJLMkNaNVdWOWI2aHFubnZDUHZUNjRKSGh0eHFXS3ptcDNiQ21QWkxNM3F4WGtnb0VKM2c?oc=5\" target=\"_blank\" rel=\"nofollow noopener\">\u00d2scar Escuder<\/a>&nbsp;&nbsp;Cr\u00f3nica Global<\/li>\n<li><a href=\"https:\/\/news.google.com\/rss\/articles\/CBMitAFBVV95cUxOQm9MMGF6MER4ZngzTUZZQXh2YjN0YVBValhaMGY0Y0gzSm5UZFpyNWVTc2NYVXFtM2pCbGRESVFuWWhBc0hqTFp6MzhiM1JUTFJtSUVZZ2ktVjMzVjFrcGtKSnJsV3JYakFPSWtCVENjU3pFRl9JZjJkT0QzbjlyMjM5NzZHV3p6WURwVVVUb0Nkb1RYRko5UXJlWXBGU2pyVWVKcHE4MGlJM0ZtT1JPVy1wWHnSAbQBQVVfeXFMTUVVVHMxdG5jTnhYTlV4a1VON3IteUJtQVJFaU4zN3J1SDRCaDROZFVBeVF1SkFwQ21RVjRpcFBaRjk1c1BCcGV0X2FsUHZhYzVBZ2ZQSXQ5OURCeTNHcC1oREh0Ylo4cnJNRF9XWU02Qmtvb05FU0tRZXNLY1FRMXR1dDBUY2JNMF9pQm9hVEdlcS1NRE9mT3VxMGEta3lsSmhjZTA4b2Y2dGRTbmI0WUZtVGNO?oc=5\" target=\"_blank\" rel=\"nofollow noopener\">El TSJC levanta las medidas cautelares del decreto de r\u00e9gimen ling\u00fc\u00edstico del sistema educativo catal\u00e1n<\/a>&nbsp;&nbsp;El Peri\u00f3dico<\/li>\n<li><a href=\"https:\/\/news.google.com\/rss\/articles\/CBMi8gFBVV95cUxPMGpjUGRTMGFFYzA2MkVnTWs1QjBxbkhyWTdKeEV6Rk8xWVAwMG5kdjlDQXZOelVUdkFtTy1oX0d4b21pMFVxdXRJWWVRdHlzSTVNaE11cTR3V3p5MDVRaF8taExUeUhGeG9HTEdibkZnelQxSVJhY2YtdTg1VFNMcTdUWjFSblVtU3kwLXZqc2pOd01vUHNfLVpZM0o1aHo2RmFJZE1vRWloTE1hTmQ4djlNTXpnTGFKM3dRMzQwWTRnR1BJb3FqamlRYllNRHpvUFFtYjlINFNKelJOczNqRi1MZkRnSmdDUVNySmZaLURfUQ?oc=5\" target=\"_blank\" rel=\"nofollow noopener\">Nuevo correctivo de la Justicia a la inmersi\u00f3n en Catalu\u00f1a: \u00abConvierte al castellano en una lengua de segundo orden\u00bb<\/a>&nbsp;&nbsp;Vozp\u00f3puli<\/li>\n<\/ol>\n","protected":false},"excerpt":{"rendered":"El TSJC levanta la suspensi\u00f3n del decreto que margina el castellano en las aulas: la Generalitat podr\u00e1 exigir&hellip;\n","protected":false},"author":2,"featured_media":261272,"comment_status":"","ping_status":"","sticky":false,"template":"","format":"standard","meta":{"footnotes":""},"categories":[8],"tags":[17,18,1980,25,24,13,14,11,19,20,9,10,15,16,23,12,21,22],"class_list":{"0":"post-261271","1":"post","2":"type-post","3":"status-publish","4":"format-standard","5":"has-post-thumbnail","7":"category-espana","8":"tag-breaking-news","9":"tag-breakingnews","10":"tag-cataluna","11":"tag-es","12":"tag-espana","13":"tag-featured-news","14":"tag-featurednews","15":"tag-headlines","16":"tag-latest-news","17":"tag-latestnews","18":"tag-news","19":"tag-noticias","20":"tag-noticias-destacadas","21":"tag-noticiasdestacadas","22":"tag-spain","23":"tag-titulares","24":"tag-ultimas-noticias","25":"tag-ultimasnoticias"},"share_on_mastodon":{"url":"https:\/\/pubeurope.com\/@es\/115630320107590225","error":""},"_links":{"self":[{"href":"https:\/\/www.europesays.com\/es\/wp-json\/wp\/v2\/posts\/261271","targetHints":{"allow":["GET"]}}],"collection":[{"href":"https:\/\/www.europesays.com\/es\/wp-json\/wp\/v2\/posts"}],"about":[{"href":"https:\/\/www.europesays.com\/es\/wp-json\/wp\/v2\/types\/post"}],"author":[{"embeddable":true,"href":"https:\/\/www.europesays.com\/es\/wp-json\/wp\/v2\/users\/2"}],"replies":[{"embeddable":true,"href":"https:\/\/www.europesays.com\/es\/wp-json\/wp\/v2\/comments?post=261271"}],"version-history":[{"count":0,"href":"https:\/\/www.europesays.com\/es\/wp-json\/wp\/v2\/posts\/261271\/revisions"}],"wp:featuredmedia":[{"embeddable":true,"href":"https:\/\/www.europesays.com\/es\/wp-json\/wp\/v2\/media\/261272"}],"wp:attachment":[{"href":"https:\/\/www.europesays.com\/es\/wp-json\/wp\/v2\/media?parent=261271"}],"wp:term":[{"taxonomy":"category","embeddable":true,"href":"https:\/\/www.europesays.com\/es\/wp-json\/wp\/v2\/categories?post=261271"},{"taxonomy":"post_tag","embeddable":true,"href":"https:\/\/www.europesays.com\/es\/wp-json\/wp\/v2\/tags?post=261271"}],"curies":[{"name":"wp","href":"https:\/\/api.w.org\/{rel}","templated":true}]}}