{"id":261273,"date":"2025-11-29T01:10:39","date_gmt":"2025-11-29T01:10:39","guid":{"rendered":"https:\/\/www.europesays.com\/es\/261273\/"},"modified":"2025-11-29T01:10:39","modified_gmt":"2025-11-29T01:10:39","slug":"la-jueza-de-la-dana-ve-altamente-improbable-que-vilaplana-no-escuchara-lo-que-mazon-hablaba-al-telefono-en-el-reservado-de-el-ventorro","status":"publish","type":"post","link":"https:\/\/www.europesays.com\/es\/261273\/","title":{"rendered":"La jueza de la dana ve \u00abaltamente improbable\u00bb que Vilaplana no escuchara lo que Maz\u00f3n hablaba al tel\u00e9fono en el reservado de El Ventorro"},"content":{"rendered":"<p class=\"article-text\">\n        La jueza de la dana considera \u201caltamente improbable\u201d que la comunicadora Maribel Vilaplana no escuchara las conversaciones que Carlos Maz\u00f3n mantuvo junto a ella en el reservado del restaurante El Ventorro, en el que comieron durante varias horas la fat\u00eddica tarde de la dana del 29 de octubre de 2024, en la que murieron 229 personas. As\u00ed lo expresa la jueza Nuria Ruiz Tobarra en un auto dictado este viernes.\n    <\/p>\n<p>    <a href=\"https:\/\/www.eldiario.es\/comunitat-valenciana\/dueno-ventorro-aporta-fotos-reservado-factura-comida-mazon-vilaplana-82-5-euros-cabeza_1_12799150.html\" data-mrf-recirculation=\"saber-mas\" data-dl-event=\"saber-mas\" rel=\"nofollow noopener\" target=\"_blank\"><\/p>\n<p class=\"know-more__title\">El due\u00f1o de El Ventorro entrega a la jueza las fotos del reservado y la factura de la comida de Maz\u00f3n y Vilaplana: 82,5 euros por cabeza<\/p>\n<p>            <img decoding=\"async\" class=\"lazy\" loading=\"lazy\" data-src=\"https:\/\/static.eldiario.es\/clip\/dec6f5ca-23b4-4311-b093-94e87279d626_16-9-aspect-ratio_default_0.jpg\" src=\"data:image\/svg+xml,%3Csvg xmlns=\" http:=\"\" viewbox=\"0 0 880 495\" alt=\"El due\u00f1o de El Ventorro entrega a la jueza las fotos del reservado y la factura de la comida de Maz\u00f3n y Vilaplana: 82,5 euros por cabeza\"\/><\/p>\n<p>                        <\/a><\/p>\n<p class=\"article-text\">\n        \u201cCiertamente las dimensiones del reservado del ventorro convierten en altamente improbable que no se escuchar\u00e1n las conversaciones o comentarios a no ser que la testigo permaneciera completamente abstra\u00edda de lo que suced\u00eda a su alrededor\u201d, reza el auto.\n    <\/p>\n<p class=\"article-text\">\n        Sin embargo, en la misma resoluci\u00f3n, la jueza descarta que Vilaplana vuelva a prestar declaraci\u00f3n como testigo. Afirma que \u201cno ha lugar en el presente momento a una nueva declaraci\u00f3n de la testigo Mar\u00eda Isabel Vilaplana, sin perjuicio de lo que pueda resolverse una vez se practiquen las testificales a las que se refiere el razonamiento jur\u00eddico primero, o manifestara la testigo su voluntad de declarar nuevamente\u201d.\n    <\/p>\n<p class=\"article-text\">\n        Adem\u00e1s, la instructora tambi\u00e9n rechaza que se abra una pieza sobre falso testimonio tras la declaraci\u00f3n de Vilaplana, tal como ped\u00eda la acusaci\u00f3n popular que ejerce Ciudadanos. \u201cEllo sin perjuicio de la libertad de las partes de argumentar y valorar sobre el contenido, veracidad y credibilidad del testimonio de la sra. Mar\u00eda Isabel Vilaplana y de cualquier otro prestado por un testigo en el presente procedimiento\u201d, apostilla.\n    <\/p>\n<p>    Ofrecimiento a Pradas<\/p>\n<p class=\"article-text\">\n        Por otro lado, la jueza ha ofrecido a la exconsellera Salom\u00e9 Pradas volver a declarar en el marco de la causa tras el anuncio de su entrevista en el programa &#8216;Salvados&#8217; de La Sexta que se emite este domingo. La acusaci\u00f3n popular que ejerce Podemos <a href=\"https:\/\/www.eldiario.es\/comunitat-valenciana\/pide-jueza-dana-requiera-entrevista-salvados-exconsellera-pradas-proximo-domingo_1_12802649.html\" target=\"_blank\" data-mrf-recirculation=\"links-noticia\" class=\"link\" rel=\"nofollow noopener\">hab\u00eda pedido que se incorporara<\/a> la entrevista en bruto a Pradas. La magistrada, en un auto dictado este viernes, considera que se trata de una \u201caproximaci\u00f3n parcial de las manifestaciones\u201d que la investigada \u201cpueda haber efectuado al programa\u201d. En su \u00fanica declaraci\u00f3n como investigada, el pasado 11 de abril, \u201cen uso de su derecho constitucional y legal\u201d, solo contest\u00f3 a las preguntas de su letrado, recuerda la magistrada.\n    <\/p>\n<p class=\"article-text\">\n        Pradas responder\u00e1 el lunes al requerimiento de la jueza defendiendo que ya cont\u00f3 \u201ctoda la verdad sobre lo sucedido\u201d, aunque ofreci\u00e9ndose a declarar de nuevo si su defensa \u201cconsidera que en alg\u00fan momento es aconsejable\u201d, seg\u00fan fuentes cercanas a la exconsellera. \u201cEn estos momentos no se est\u00e1 valorando que vuelva a declarar pr\u00f3ximamente porque todav\u00eda quedan muchas diligencias importantes por practicar\u201d, asegura.\n    <\/p>\n<p class=\"article-text\">\n        El auto de la instructora indica que el \u201crespeto m\u00e1ximo a sus garant\u00edas como investigada exige que la incorporaci\u00f3n al procedimiento de la entrevista solo pueda efectuarse en el caso de que la sra. Salom\u00e9 Pradas exprese su voluntad de hacer uso de su derecho a declarar, de conformidad con lo dispuesto en el art. 400 de la Lecrim; facultad, que no ha ejercido desde su declaraci\u00f3n inicial\u201d, explica la resoluci\u00f3n.\n    <\/p>\n<p class=\"article-text\">\n        Las declaraciones en un medio de comunicaci\u00f3n \u201cno pueden equipararse a aquellas que se realizan por los investigados\u201d en sede judicial, argumenta la instructora.\n    <\/p>\n<p class=\"article-text\">\n        \u201cNo se trata de manifestaciones espont\u00e1neas, no solo por el hecho de que el periodista en su labor de investigaci\u00f3n hace preguntas a la entrevistada, sino tambi\u00e9n y fundamentalmente porque cualquier declaraci\u00f3n, al objeto de tener efecto en el proceso, ha de efectuarse con la oportuna asistencia letrada y en el seno de este procedimiento\u201d, abunda la resoluci\u00f3n, que plantea a la defensa de Pradas la posibilidad de declarar por segunda vez si as\u00ed lo pidiera.\n    <\/p>\n<p>    <a href=\"https:\/\/www.eldiario.es\/comunitat-valenciana\/juzgado-dana-certifica-coche-vilaplana-entro-14-38-parking-salio-19-51-ventorro_1_12799379.html\" data-mrf-recirculation=\"saber-mas-abajo\" data-dl-event=\"saber-mas-abajo\" rel=\"nofollow noopener\" target=\"_blank\"><\/p>\n<p class=\"know-more__title\">El juzgado de la dana certifica que el coche de Vilaplana entr\u00f3 a las 14.38 en el parking y sali\u00f3 a las 19.51 tras El Ventorro<\/p>\n<p>            <img decoding=\"async\" class=\"lazy\" loading=\"lazy\" data-src=\"https:\/\/static.eldiario.es\/clip\/977926dc-bc67-41e4-86bc-3fcb499632e8_16-9-aspect-ratio_default_0.jpg\" src=\"data:image\/svg+xml,%3Csvg xmlns=\" http:=\"\" viewbox=\"0 0 880 495\" alt=\"El juzgado de la dana certifica que el coche de Vilaplana entr\u00f3 a las 14.38 en el parking y sali\u00f3 a las 19.51 tras El Ventorro\"\/><\/p>\n<p>                        <\/a><\/p>\n<p class=\"article-text\">\n        En ese caso, se solicitar\u00eda a Atresmedia el bruto de la entrevista en &#8216;Salvados&#8217;, tal como solicitaba la acusaci\u00f3n popular de Podemos. La resoluci\u00f3n da un plazo de un d\u00eda para que la defensa de Pradas manifieste si tiene la voluntad de declarar una vez se emita el programa.\n    <\/p>\n","protected":false},"excerpt":{"rendered":"La jueza de la dana considera \u201caltamente improbable\u201d que la comunicadora Maribel Vilaplana no escuchara las conversaciones que&hellip;\n","protected":false},"author":2,"featured_media":261274,"comment_status":"","ping_status":"","sticky":false,"template":"","format":"standard","meta":{"footnotes":""},"categories":[5],"tags":[517,2206,1705,17,18,3965,242,25,24,13,14,11,1667,19,20,9,10,15,16,1925,23,12,21,22,235],"class_list":{"0":"post-261273","1":"post","2":"type-post","3":"status-publish","4":"format-standard","5":"has-post-thumbnail","7":"category-titulares","8":"tag-actualidad","9":"tag-alicante","10":"tag-analisis","11":"tag-breaking-news","12":"tag-breakingnews","13":"tag-castellon","14":"tag-comunidad-valenciana","15":"tag-es","16":"tag-espana","17":"tag-featured-news","18":"tag-featurednews","19":"tag-headlines","20":"tag-informacion","21":"tag-latest-news","22":"tag-latestnews","23":"tag-news","24":"tag-noticias","25":"tag-noticias-destacadas","26":"tag-noticiasdestacadas","27":"tag-opinion","28":"tag-spain","29":"tag-titulares","30":"tag-ultimas-noticias","31":"tag-ultimasnoticias","32":"tag-valencia"},"share_on_mastodon":{"url":"https:\/\/pubeurope.com\/@es\/115630324040266122","error":""},"_links":{"self":[{"href":"https:\/\/www.europesays.com\/es\/wp-json\/wp\/v2\/posts\/261273","targetHints":{"allow":["GET"]}}],"collection":[{"href":"https:\/\/www.europesays.com\/es\/wp-json\/wp\/v2\/posts"}],"about":[{"href":"https:\/\/www.europesays.com\/es\/wp-json\/wp\/v2\/types\/post"}],"author":[{"embeddable":true,"href":"https:\/\/www.europesays.com\/es\/wp-json\/wp\/v2\/users\/2"}],"replies":[{"embeddable":true,"href":"https:\/\/www.europesays.com\/es\/wp-json\/wp\/v2\/comments?post=261273"}],"version-history":[{"count":0,"href":"https:\/\/www.europesays.com\/es\/wp-json\/wp\/v2\/posts\/261273\/revisions"}],"wp:featuredmedia":[{"embeddable":true,"href":"https:\/\/www.europesays.com\/es\/wp-json\/wp\/v2\/media\/261274"}],"wp:attachment":[{"href":"https:\/\/www.europesays.com\/es\/wp-json\/wp\/v2\/media?parent=261273"}],"wp:term":[{"taxonomy":"category","embeddable":true,"href":"https:\/\/www.europesays.com\/es\/wp-json\/wp\/v2\/categories?post=261273"},{"taxonomy":"post_tag","embeddable":true,"href":"https:\/\/www.europesays.com\/es\/wp-json\/wp\/v2\/tags?post=261273"}],"curies":[{"name":"wp","href":"https:\/\/api.w.org\/{rel}","templated":true}]}}