{"id":261277,"date":"2025-11-29T01:18:09","date_gmt":"2025-11-29T01:18:09","guid":{"rendered":"https:\/\/www.europesays.com\/es\/261277\/"},"modified":"2025-11-29T01:18:09","modified_gmt":"2025-11-29T01:18:09","slug":"comoda-victoria-del-casademont-u22-con-otra-exhibicion-de-lucas-langarita","status":"publish","type":"post","link":"https:\/\/www.europesays.com\/es\/261277\/","title":{"rendered":"C\u00f3moda victoria del Casademont U22 con otra exhibici\u00f3n de Lucas Langarita"},"content":{"rendered":"<p class=\"paragraph\">Con toda probabilidad<b> Lucas Langarita volver\u00e1 a ser el mejor jugador de  la jornada de la Liga U22,<\/b> despu\u00e9s de la exhibici\u00f3n ofensiva que brind\u00f3 este viernes en la Alahur\u00edn de la Torre. El escolta aragon\u00e9s acab\u00f3 el duelo con <b>31 puntos y 8 triples convertidos de 16 intentos. <\/b>Cogi\u00f3 tres rebotes y dio cuatro pases de canasta en apenas 26minutos en cancha. Su actuaci\u00f3n contribuy\u00f3 a la victoria de su equipo frente al Unicaja de M\u00e1laga por 78-91, <b>en un duelo que pareci\u00f3 sentenciado en el primer cuarto, en el que los aragoneses ya cosecharon una c\u00f3moda ventaja con un parcial 13-29. <\/b>El resto de cuartos tambi\u00e9n fueron de color rojillo salvo el \u00faltimo en el que los de Jorge Serna bajaron el pist\u00f3n y el resultado acab\u00f3 siendo no demasiado abultado.<\/p>\n<p class=\"paragraph\">En las filas andaluzas el jugador m\u00e1s destacado fue <b>Wilmer Mej\u00eda<\/b>, que apenas lleva dos semanas en el  equipo pero ha firmado dos actuaciones muy a tener en cuenta. Hace siete d\u00edas anot\u00f3  31 puntos y ayer, frente a su p\u00fablico, hizo 19, con un 6\/11 en tiros de dos. El m\u00e1s valorado, no obstante, fue su compa\u00f1ero <b>Butajevas<\/b>, gracias a su inmaculado 6\/6 en tiros de dos y sus 6 rebotes.<\/p>\n<p class=\"paragraph\">A pesar de que Unicaja es colista de la liga, la de ayer es <a href=\"\">la segunda victoria a domicilio del Casademont U22 tras el gran partido disputado el pasado viernes en Valencia, <\/a>donde ganaron por un contundente 102-118. La pr\u00f3xima cita ser\u00e1 tambi\u00e9n un desplazamiento, el viernes 5, a la cancha del Joventut.<\/p>\n<p>Ficha t\u00e9cnica<\/p>\n<p class=\"paragraph\"><b>Unicaja 78:<\/b> Wilmer Mej\u00eda (19 puntos), Javier Valero (17), Art\u00fcras Butajevas  (12), Miguel Mart\u00ednez (11), Jos\u00e9 Miguel  Cazorla (7), Alfonso Rodr\u00edguez (6), Roy Ikponmwosa (4), Alonso de la Iglesia (2), Antonio Mart\u00ednez (0), Manuel Trujillo (0), Lucas Fern\u00e1ndez (0).<\/p>\n<p class=\"paragraph\"><b>Casademont 91: <\/b>Langarita (31), Matija Lukic (15), Traor\u00e9 (10), Savkov (9), Cativiela (8), Carlos Alias (6), Alejandro Moreno (5), Rodr\u00edguez (4), Soumalia (3), Valero (0), Prieto (0), Auciello (0).<\/p>\n<p class=\"paragraph\"><b>Parciales:<\/b> 13-29, 15-21, 21-23, 29-18.<\/p>\n","protected":false},"excerpt":{"rendered":"Con toda probabilidad Lucas Langarita volver\u00e1 a ser el mejor jugador de la jornada de la Liga U22,&hellip;\n","protected":false},"author":2,"featured_media":261278,"comment_status":"","ping_status":"","sticky":false,"template":"","format":"standard","meta":{"footnotes":""},"categories":[269],"tags":[299,298,65212,22338,168,25,24,608,41477,23,167,1261],"class_list":{"0":"post-261277","1":"post","2":"type-post","3":"status-publish","4":"format-standard","5":"has-post-thumbnail","7":"category-baloncesto","8":"tag-baloncesto","9":"tag-basketball","10":"tag-casaedmont","11":"tag-comoda","12":"tag-deportes","13":"tag-es","14":"tag-espana","15":"tag-exhibicion","16":"tag-langarita","17":"tag-spain","18":"tag-sports","19":"tag-victoria"},"share_on_mastodon":{"url":"https:\/\/pubeurope.com\/@es\/115630355583618948","error":""},"_links":{"self":[{"href":"https:\/\/www.europesays.com\/es\/wp-json\/wp\/v2\/posts\/261277","targetHints":{"allow":["GET"]}}],"collection":[{"href":"https:\/\/www.europesays.com\/es\/wp-json\/wp\/v2\/posts"}],"about":[{"href":"https:\/\/www.europesays.com\/es\/wp-json\/wp\/v2\/types\/post"}],"author":[{"embeddable":true,"href":"https:\/\/www.europesays.com\/es\/wp-json\/wp\/v2\/users\/2"}],"replies":[{"embeddable":true,"href":"https:\/\/www.europesays.com\/es\/wp-json\/wp\/v2\/comments?post=261277"}],"version-history":[{"count":0,"href":"https:\/\/www.europesays.com\/es\/wp-json\/wp\/v2\/posts\/261277\/revisions"}],"wp:featuredmedia":[{"embeddable":true,"href":"https:\/\/www.europesays.com\/es\/wp-json\/wp\/v2\/media\/261278"}],"wp:attachment":[{"href":"https:\/\/www.europesays.com\/es\/wp-json\/wp\/v2\/media?parent=261277"}],"wp:term":[{"taxonomy":"category","embeddable":true,"href":"https:\/\/www.europesays.com\/es\/wp-json\/wp\/v2\/categories?post=261277"},{"taxonomy":"post_tag","embeddable":true,"href":"https:\/\/www.europesays.com\/es\/wp-json\/wp\/v2\/tags?post=261277"}],"curies":[{"name":"wp","href":"https:\/\/api.w.org\/{rel}","templated":true}]}}