{"id":261279,"date":"2025-11-29T01:19:13","date_gmt":"2025-11-29T01:19:13","guid":{"rendered":"https:\/\/www.europesays.com\/es\/261279\/"},"modified":"2025-11-29T01:19:13","modified_gmt":"2025-11-29T01:19:13","slug":"ya-hay-entradas-vip-para-el-barca-eintracht-y-para-el-publico-la-proxima-semana","status":"publish","type":"post","link":"https:\/\/www.europesays.com\/es\/261279\/","title":{"rendered":"Ya hay entradas VIP para el Bar\u00e7a-Eintracht y para el p\u00fablico, la pr\u00f3xima semana"},"content":{"rendered":"<p>                        Las localidades premium para el partido del 9 de diciembre en el Spotify Camp Nou cuestan 600 y 1.500 euros\u00a0\n<\/p>\n<p><img src=\"https:\/\/www.mundodeportivo.com\/files\/image_449_220\/files\/fp\/uploads\/2025\/11\/19\/691df3c3c63b7.r_d.2766-2069-880.jpeg\" data-full-src=\"https:\/\/www.europesays.com\/es\/wp-content\/uploads\/2025\/11\/691df3c3c63b7.jpeg\" alt=\"Los aficionados del Eintracht Frankfurt poblaron las gradas del Spotify Camp Nou en el partido ante el Bar\u00e7a de la Europa League 2021-22\" width=\"449\" height=\"220\" class=\"nolazy\" decoding=\"async\" fetchpriority=\"high\"\/><\/p>\n<p class=\"caption-title \">Los aficionados del Eintracht Frankfurt poblaron las gradas del Spotify Camp Nou en el partido ante el Bar\u00e7a de la Europa League 2021-22<\/p>\n<p>Pere Punt\u00ed (MD)<\/p>\n<p>                <img loading=\"lazy\" decoding=\"async\" width=\"60\" height=\"60\" alt=\"Ya hay entradas VIP para el Bar\u00e7a-Eintracht y para el p\u00fablico, la pr\u00f3xima semana\" title=\"\" src=\"\/files\/image_60_60\/uploads\/2021\/07\/26\/60fef04fa8076.png\" class=\"lazy\"\/><\/p>\n<p>\n                        Actualizado a  28\/11\/2025 20:47 CET\n                    <\/p>\n<p data-gtm-element-container=\"modulo-texto-link\" class=\"paragraph\">El <strong>FC Barcelona <\/strong>no pondr\u00e1 a la venta hasta la pr\u00f3xima semana  las entradas para el partido de la sexta jornada de la &#8216;fase liga\u2019 de la <strong>Champions League <\/strong>que disputar\u00e1 contra el <strong>Eintracht Frankfurt <\/strong>el martes 9 de diciembre (21 h.\/Movistar Liga de Campeones) en el <strong>Spotify Camp Nou<\/strong>. S\u00ed est\u00e1n disponibles en la web del club azulgrana las localidades <strong>VIP<\/strong> al precio de 600 euros en <strong>Tribuna <\/strong>y de 1.500 para estar en el <strong>Palco presidencial.\u00a0<\/strong><\/p>\n<p data-gtm-element-container=\"modulo-texto-link\" class=\"paragraph\">Para evitar una invasi\u00f3n de hinchas alemanes como ocurri\u00f3 en 2022 en la vuelta de cuartos de final de la<strong> Europa League<\/strong> con 30.000 aficionados con camisetas blancas repartidos por las gradas, el club activar\u00e1 el protocolo de partido de alto riesgo que puso en pr\u00e1ctica por vez primera con el <strong>Bar\u00e7a-Manchester United<\/strong> de la <strong>Europa League <\/strong>en febrero de 2023. No se abrir\u00e1n las taquillas f\u00edsicas en el <strong>Spotify Camp Nou <\/strong>y no se podr\u00e1n comprar entradas desde Alemania con un control de las IP\u2019s. En los accesos se verificar\u00e1 la de identificaci\u00f3n para los tickets, que ser\u00e1n nominativos.\u00a0<\/p>\n<p>    Lee tambi\u00e9n<\/p>\n<p data-gtm-element-container=\"modulo-texto-link\" class=\"paragraph\">El <strong>Eintracht <\/strong>s\u00ed recibir\u00e1 de forma oficial en torno a 2.270 entradas, el equivalente al 5% del aforo oficial de 45.401 con el que el coliseo azulgrana volver\u00e1 a albergar partidos de la <strong>Champions League <\/strong>tres a\u00f1os despu\u00e9s. El \u00faltimo se remonta al 26 de octubre de 2022 ante el <strong>Bayern M\u00fanich <\/strong>(0-3), que supuso el adi\u00f3s del <strong>Bar\u00e7a <\/strong>en la fase de grupos.<\/p>\n<p>\n        Mostrar comentarios\n    <\/p>\n<p>{\u00aballowComment\u00bb:\u00bballowed\u00bb,\u00bbarticleId\u00bb:\u00bbarticle-1002577781&#8243;,\u00bburl\u00bb:\u00bbhttps:\\\/\\\/www.mundodeportivo.com\\\/futbol\\\/fc-barcelona\\\/20251128\\\/1002577781\\\/hay-entradas-vip-barca-eintracht-publico-proxima-semana.html\u00bb,\u00bblivefyre-url\u00bb:\u00bbarticle-1002577781&#8243;}<\/p>\n<p>Cargando siguiente contenido&#8230;\n                <\/p>\n","protected":false},"excerpt":{"rendered":"Las localidades premium para el partido del 9 de diciembre en el Spotify Camp Nou cuestan 600 y&hellip;\n","protected":false},"author":2,"featured_media":261280,"comment_status":"","ping_status":"","sticky":false,"template":"","format":"standard","meta":{"footnotes":""},"categories":[268],"tags":[168,25,24,280,282,281,23,167],"class_list":{"0":"post-261279","1":"post","2":"type-post","3":"status-publish","4":"format-standard","5":"has-post-thumbnail","7":"category-futbol","8":"tag-deportes","9":"tag-es","10":"tag-espana","11":"tag-football","12":"tag-futbol","13":"tag-soccer","14":"tag-spain","15":"tag-sports"},"share_on_mastodon":{"url":"https:\/\/pubeurope.com\/@es\/115630360223094660","error":""},"_links":{"self":[{"href":"https:\/\/www.europesays.com\/es\/wp-json\/wp\/v2\/posts\/261279","targetHints":{"allow":["GET"]}}],"collection":[{"href":"https:\/\/www.europesays.com\/es\/wp-json\/wp\/v2\/posts"}],"about":[{"href":"https:\/\/www.europesays.com\/es\/wp-json\/wp\/v2\/types\/post"}],"author":[{"embeddable":true,"href":"https:\/\/www.europesays.com\/es\/wp-json\/wp\/v2\/users\/2"}],"replies":[{"embeddable":true,"href":"https:\/\/www.europesays.com\/es\/wp-json\/wp\/v2\/comments?post=261279"}],"version-history":[{"count":0,"href":"https:\/\/www.europesays.com\/es\/wp-json\/wp\/v2\/posts\/261279\/revisions"}],"wp:featuredmedia":[{"embeddable":true,"href":"https:\/\/www.europesays.com\/es\/wp-json\/wp\/v2\/media\/261280"}],"wp:attachment":[{"href":"https:\/\/www.europesays.com\/es\/wp-json\/wp\/v2\/media?parent=261279"}],"wp:term":[{"taxonomy":"category","embeddable":true,"href":"https:\/\/www.europesays.com\/es\/wp-json\/wp\/v2\/categories?post=261279"},{"taxonomy":"post_tag","embeddable":true,"href":"https:\/\/www.europesays.com\/es\/wp-json\/wp\/v2\/tags?post=261279"}],"curies":[{"name":"wp","href":"https:\/\/api.w.org\/{rel}","templated":true}]}}