{"id":261281,"date":"2025-11-29T01:20:25","date_gmt":"2025-11-29T01:20:25","guid":{"rendered":"https:\/\/www.europesays.com\/es\/261281\/"},"modified":"2025-11-29T01:20:25","modified_gmt":"2025-11-29T01:20:25","slug":"el-ultimo-cambio-fisico-de-dave-bautista-a-los-56-anos-ha-sido-muy-duro","status":"publish","type":"post","link":"https:\/\/www.europesays.com\/es\/261281\/","title":{"rendered":"El \u00faltimo cambio f\u00edsico de Dave Bautista a los 56 a\u00f1os: \u201cHa sido muy duro\u201d"},"content":{"rendered":"<p class=\"\"><b>Dave Bautista<\/b> fue toda una estrella en el mundo del wrestling, y con el paso de los a\u00f1os su trabajo ha cambiado dr\u00e1sticamente, pas\u00e1ndose al mundo de la interpretaci\u00f3n y convirti\u00e9ndose en uno de los actores m\u00e1s reputados de Hollywood.<\/p>\n<p class=\"\">\u00c9l mismo ha hablado en repetidas ocasiones del trabajo que quiere llevar a cabo en esta industria, aportando no solo su f\u00edsico, sino tambi\u00e9n su lado m\u00e1s personal y sentimental, conquistando a la cr\u00edtica de ambas formas.<\/p>\n<p class=\"\">El propio Bautista sorprendi\u00f3 a todos el pasado mes de septiembre durante la presentaci\u00f3n de su pel\u00edcula \u2018Killer\u2019s Game\u2019, cuando <b>apareci\u00f3 visiblemente cambiado y mucho m\u00e1s delgado<\/b>.<\/p>\n<p class=\"\">Entonces, parec\u00eda que hab\u00eda perdido el tono muscular del que tanto se aprovech\u00f3 en a\u00f1os anteriores, pero ahora, de cara a su nuevo proyecto, el reboot de \u2018<b>Highlander<\/b>\u2019, ha vuelto a cambiar dr\u00e1sticamente.<\/p>\n<p>Vuelve a ganar m\u00fasculo<\/p>\n<p class=\"\">El estadounidense ha tenido que cambiar su f\u00edsico y ganar m\u00e1s m\u00fasculo de nuevo, y se ha convertido en todo un desaf\u00edo para \u00e9l, como ha confesado a \u2018Collider\u2019: \u201cHe estado entrenando desde entonces, con un par de semanas en California. As\u00ed que he estado entrenando bastante. Y es muy duro\u201d.<\/p>\n<p class=\"\">\u201cNo solo ten\u00eda la parte f\u00edsica, el <b>entrenamiento de acrobacias, el entrenamiento de lucha con espadas, el entrenamiento de lucha&#8230; Pero Chad [Stahelski] tambi\u00e9n me ha pedido que gane unos kilos<\/b>, as\u00ed que adem\u00e1s de eso<b> tambi\u00e9n he estado haciendo entrenamiento con pesas. Ha sido muy duro<\/b>\u201d, ha a\u00f1adido el int\u00e9rprete sobre sus entrenamientos y las exigencias del director.<\/p>\n<p>Noticias relacionadas<a href=\"https:\/\/as.com\/tikitakas\/famosos\/el-secreto-de-la-transformacion-fisica-de-dave-bautista-para-perder-volumen-y-peso-n\/?noti=tikitakas_mod_port\" class=\"s_m_w\" title=\"El actor ha pasado de llevar una vida de \u201cexcesos\u201d a cambiar radicalmente su f\u00edsico gracias a una dieta y un entrenamiento concreto.\" data-tb-link=\"\" rel=\"nofollow noopener\" target=\"_blank\"><img decoding=\"async\" src=\"https:\/\/www.europesays.com\/es\/wp-content\/uploads\/2025\/11\/ZQV7MGJEVJDN5HYUJXWMNRLASA.jpg\" alt=\"El secreto de la transformaci\u00f3n f\u00edsica de Dave Bautista para perder volumen y peso\" class=\"\" height=\"9\" width=\"16\"   loading=\"lazy\" data-tb-thumbnail=\"\"\/><\/a><a href=\"https:\/\/as.com\/tikitakas\/la-imagen-de-dave-bautista-irreconocible-en-su-juventud-no-me-importo-n\/?noti=tikitakas_mod_port\" class=\"s_m_w\" title=\"El actor estadounidense ha compartido una imagen de su pasado con una larga melena oscura y con su cuerpo sin tatuajes.\" data-tb-link=\"\" rel=\"nofollow noopener\" target=\"_blank\"><img decoding=\"async\" src=\"https:\/\/www.europesays.com\/es\/wp-content\/uploads\/2025\/11\/C4PWIXVESRCP5MRSCGMF5SS7BI.webp\" alt=\"La imagen de Dave Bautista irreconocible en su juventud: \u201cNo me import\u00f3\u201d\" class=\"\" height=\"9\" width=\"16\"   loading=\"lazy\" data-tb-thumbnail=\"\"\/><\/a><\/p>\n<p class=\"\">Adem\u00e1s, no ha dudado en alabar a <b>Henry Cavill<\/b>, con quien coincide en este mismo proyecto: \u201cA\u00fan no hemos empezado a rodar, pero puedo decirte que Henry es, sin duda, uno de los actores m\u00e1s trabajadores con los que he trabajado en mi vida. Lo digo porque le he visto entrenar. <b>Le he visto entrenar porque es muy duro, t\u00edo<\/b>. <b>Es como el entrenamiento de un atleta profesional<\/b>. Lo digo desde mi experiencia de 20 a\u00f1os en la lucha libre profesional y, antes de eso, en la lucha libre amateur. S\u00e9 lo que es trabajar duro en el gimnasio, hacer ejercicio y entrenar para los deportes profesionales. S\u00e9 lo que es. <b>S\u00e9 lo duro que es.<\/b> <b>He pasado por un campamento de entrenamiento<\/b>\u201d.<\/p>\n<p class=\"\"><b>\u00a1Tus opiniones importan!<\/b> Comenta en los art\u00edculos y suscr\u00edbete gratis a nuestra <a href=\"https:\/\/asfan.as.com\/newsletters\/\" target=\"_blank\" rel=\"nofollow noopener\" title=\"https:\/\/asfan.as.com\/newsletters\/\">newsletter<\/a> y a las alertas informativas en la <a href=\"https:\/\/as.com\/aplicacion-de-as-n\/\" target=\"_blank\" rel=\"nofollow noopener\" title=\"https:\/\/as.com\/aplicacion-de-as-n\/\">App<\/a> o el canal de <a href=\"https:\/\/www.whatsapp.com\/channel\/0029VaAasdA7j6g745nz9M10\" target=\"_blank\" rel=\"nofollow noopener\" title=\"https:\/\/www.whatsapp.com\/channel\/0029VaAasdA7j6g745nz9M10\">WhatsApp<\/a>. \u00bfBuscas licenciar contenido? Haz clic <a href=\"https:\/\/profesional.elpais.com\/soluciones-sindicacion?utm_medium=interno&amp;utm_source=crosslinking&amp;utm_campaign=sindicacion_as_pie_articulos\" target=\"_blank\" rel=\"nofollow noopener\" title=\"https:\/\/profesional.elpais.com\/soluciones-sindicacion?utm_medium=interno&amp;utm_source=crosslinking&amp;utm_campaign=sindicacion_as_pie_articulos\">aqu\u00ed<\/a><\/p>\n","protected":false},"excerpt":{"rendered":"Dave Bautista fue toda una estrella en el mundo del wrestling, y con el paso de los a\u00f1os&hellip;\n","protected":false},"author":2,"featured_media":261282,"comment_status":"","ping_status":"","sticky":false,"template":"","format":"standard","meta":{"footnotes":""},"categories":[174],"tags":[255,146,147,25,24,256,23],"class_list":{"0":"post-261281","1":"post","2":"type-post","3":"status-publish","4":"format-standard","5":"has-post-thumbnail","7":"category-famosos","8":"tag-celebrities","9":"tag-entertainment","10":"tag-entretenimiento","11":"tag-es","12":"tag-espana","13":"tag-famosos","14":"tag-spain"},"share_on_mastodon":{"url":"https:\/\/pubeurope.com\/@es\/115630363563824774","error":""},"_links":{"self":[{"href":"https:\/\/www.europesays.com\/es\/wp-json\/wp\/v2\/posts\/261281","targetHints":{"allow":["GET"]}}],"collection":[{"href":"https:\/\/www.europesays.com\/es\/wp-json\/wp\/v2\/posts"}],"about":[{"href":"https:\/\/www.europesays.com\/es\/wp-json\/wp\/v2\/types\/post"}],"author":[{"embeddable":true,"href":"https:\/\/www.europesays.com\/es\/wp-json\/wp\/v2\/users\/2"}],"replies":[{"embeddable":true,"href":"https:\/\/www.europesays.com\/es\/wp-json\/wp\/v2\/comments?post=261281"}],"version-history":[{"count":0,"href":"https:\/\/www.europesays.com\/es\/wp-json\/wp\/v2\/posts\/261281\/revisions"}],"wp:featuredmedia":[{"embeddable":true,"href":"https:\/\/www.europesays.com\/es\/wp-json\/wp\/v2\/media\/261282"}],"wp:attachment":[{"href":"https:\/\/www.europesays.com\/es\/wp-json\/wp\/v2\/media?parent=261281"}],"wp:term":[{"taxonomy":"category","embeddable":true,"href":"https:\/\/www.europesays.com\/es\/wp-json\/wp\/v2\/categories?post=261281"},{"taxonomy":"post_tag","embeddable":true,"href":"https:\/\/www.europesays.com\/es\/wp-json\/wp\/v2\/tags?post=261281"}],"curies":[{"name":"wp","href":"https:\/\/api.w.org\/{rel}","templated":true}]}}