{"id":261283,"date":"2025-11-29T01:23:14","date_gmt":"2025-11-29T01:23:14","guid":{"rendered":"https:\/\/www.europesays.com\/es\/261283\/"},"modified":"2025-11-29T01:23:14","modified_gmt":"2025-11-29T01:23:14","slug":"pedro-deslumbra-en-la-voz-con-su-poderosa-interpretacion-de-biblical","status":"publish","type":"post","link":"https:\/\/www.europesays.com\/es\/261283\/","title":{"rendered":"Pedro deslumbra en La Voz con su poderosa interpretaci\u00f3n de \u2018Biblical\u2019"},"content":{"rendered":"<p><b>Pedro<\/b>, del equipo de <b>Mika<\/b>, ha regresado al escenario de <b>La Voz<\/b> con la determinaci\u00f3n y la fuerza vocal que lo llevaron a conseguir el pase directo durante los Asaltos.<\/p>\n<p>En la primera semifinal, el artista apost\u00f3 por <b>\u2018Biblical\u2019<\/b>, de<b> Calum Scott<\/b>, un tema exigente que puso a prueba su potencia y su capacidad interpretativa. Yatra ha destacado la conexi\u00f3n del cantante con la canci\u00f3n y con quien le escucha cantar. Mika le ha confirmado la misma sensaci\u00f3n al coach, pero ha confesado que <b>\u00abdurante los ensayos no\u00bb<\/b>.<\/p>\n<p>Desde los primeros compases, <b>Pedro <\/b>logr\u00f3 llenar el plat\u00f3 con una energ\u00eda arrolladora. Su voz firme, su presencia esc\u00e9nica y su forma de llevar la canci\u00f3n a su terreno hicieron que su actuaci\u00f3n se convirtiera en uno de los momentos m\u00e1s intensos de la noche.<\/p>\n<p>La elecci\u00f3n del tema permiti\u00f3 que mostrara todo su registro y su evoluci\u00f3n desde que entr\u00f3 en el equipo de <b>Mika<\/b>. \u00a1Nos encanta!<\/p>\n<p>   <img decoding=\"async\" title=\"Nia, talent de La Voz\" alt=\"Nia, talent de La Voz\" width=\"480\" height=\"270\" src=\"https:\/\/www.europesays.com\/es\/wp-content\/uploads\/2025\/11\/nia-talent-voz_70.jpg\" loading=\"lazy\" class=\"lazy\"\/><\/p>\n","protected":false},"excerpt":{"rendered":"Pedro, del equipo de Mika, ha regresado al escenario de La Voz con la determinaci\u00f3n y la fuerza&hellip;\n","protected":false},"author":2,"featured_media":261284,"comment_status":"","ping_status":"","sticky":false,"template":"","format":"standard","meta":{"footnotes":""},"categories":[171],"tags":[146,147,25,24,23,214],"class_list":{"0":"post-261283","1":"post","2":"type-post","3":"status-publish","4":"format-standard","5":"has-post-thumbnail","7":"category-tv","8":"tag-entertainment","9":"tag-entretenimiento","10":"tag-es","11":"tag-espana","12":"tag-spain","13":"tag-tv"},"share_on_mastodon":{"url":"https:\/\/pubeurope.com\/@es\/115630375787868146","error":""},"_links":{"self":[{"href":"https:\/\/www.europesays.com\/es\/wp-json\/wp\/v2\/posts\/261283","targetHints":{"allow":["GET"]}}],"collection":[{"href":"https:\/\/www.europesays.com\/es\/wp-json\/wp\/v2\/posts"}],"about":[{"href":"https:\/\/www.europesays.com\/es\/wp-json\/wp\/v2\/types\/post"}],"author":[{"embeddable":true,"href":"https:\/\/www.europesays.com\/es\/wp-json\/wp\/v2\/users\/2"}],"replies":[{"embeddable":true,"href":"https:\/\/www.europesays.com\/es\/wp-json\/wp\/v2\/comments?post=261283"}],"version-history":[{"count":0,"href":"https:\/\/www.europesays.com\/es\/wp-json\/wp\/v2\/posts\/261283\/revisions"}],"wp:featuredmedia":[{"embeddable":true,"href":"https:\/\/www.europesays.com\/es\/wp-json\/wp\/v2\/media\/261284"}],"wp:attachment":[{"href":"https:\/\/www.europesays.com\/es\/wp-json\/wp\/v2\/media?parent=261283"}],"wp:term":[{"taxonomy":"category","embeddable":true,"href":"https:\/\/www.europesays.com\/es\/wp-json\/wp\/v2\/categories?post=261283"},{"taxonomy":"post_tag","embeddable":true,"href":"https:\/\/www.europesays.com\/es\/wp-json\/wp\/v2\/tags?post=261283"}],"curies":[{"name":"wp","href":"https:\/\/api.w.org\/{rel}","templated":true}]}}