{"id":261285,"date":"2025-11-29T01:24:25","date_gmt":"2025-11-29T01:24:25","guid":{"rendered":"https:\/\/www.europesays.com\/es\/261285\/"},"modified":"2025-11-29T01:24:25","modified_gmt":"2025-11-29T01:24:25","slug":"premios-ondas-2025-reaparicion-de-valeria-castro-actuacion-de-viva-suecia-y-galardon-a-los40-music-awards-actualidad","status":"publish","type":"post","link":"https:\/\/www.europesays.com\/es\/261285\/","title":{"rendered":"&#8216;Premios Ondas 2025&#8217;: reaparici\u00f3n de Valeria Castro, actuaci\u00f3n de Viva Suecia y galard\u00f3n a &#8216;LOS40 Music Awards&#8217; | Actualidad"},"content":{"rendered":"<p>Barcelona se ha vestido de gala este mi\u00e9rcoles para acoger la <a href=\"https:\/\/los40.com\/video\/2025\/11\/26\/premios-ondas-2025-en-directo-todos-los-ganadores-invitados-y-las-actuaciones\/\" target=\"_blank\" rel=\"nofollow noopener\" title=\"https:\/\/los40.com\/video\/2025\/11\/26\/premios-ondas-2025-en-directo-todos-los-ganadores-invitados-y-las-actuaciones\/\"><b>72\u00aa edici\u00f3n de los <\/b><b>Premios Ondas<\/b><\/a>, una ceremonia que ha vuelto a reunir a lo m\u00e1s destacado de la radio, la televisi\u00f3n y la m\u00fasica. La velada, celebrada en el <b>Gran Teatre del Liceu<\/b>, ha estado marcada por actuaciones en directo, discursos emotivos y reivindcativos a causas que han marcado el \u00faltimo a\u00f1o.<\/p>\n<p><img decoding=\"async\" src=\"https:\/\/www.europesays.com\/es\/wp-content\/uploads\/2025\/11\/W6HGFYRJQ5BNJGOR4YHEKCBHGA.jpg\" alt=\"\u00a1Feliz acci\u00f3n de gracias! 50 frases para felicitar el Thanksgiving Day 2025\" width=\"165\" height=\"138\"  loading=\"lazy\"\/><\/p>\n<p>La noche ha arrancado con un momento muy especial: <b>Viva Suecia ha abierto la gala interpretando <\/b><b>Mediterr\u00e1neo<\/b><b> de Joan Manuel Serrat<\/b>, ofreciendo un homenaje emotivo al legendario cantautor. Su versi\u00f3n ha llenado de nostalgia la sala estableciendo el tono de la ceremonia.<\/p>\n<p>Los fen\u00f3menos musicales del a\u00f1o<\/p>\n<p>Entre los galardonados como <a href=\"https:\/\/los40.com\/2025\/10\/28\/guitarricadelafuente-valeria-castro-pastora-soler-y-los40-music-awards-santander-todos-los-ganadores-de-los-premios-ondas-de-la-musica-2025\/\" target=\"_blank\" rel=\"nofollow noopener\" title=\"https:\/\/los40.com\/2025\/10\/28\/guitarricadelafuente-valeria-castro-pastora-soler-y-los40-music-awards-santander-todos-los-ganadores-de-los-premios-ondas-de-la-musica-2025\/\"><b>Fen\u00f3meno Musical del A\u00f1o<\/b><\/a>, <b>Valeria Castro<\/b> ha reaparecido <a href=\"https:\/\/los40.com\/2025\/11\/26\/valeria-castro-reaparece-tras-su-retirada-y-emociona-en-los-premios-ondas-2025-el-mensaje-que-marca-su-regreso\/\" target=\"_blank\" rel=\"nofollow noopener\" title=\"https:\/\/los40.com\/2025\/11\/26\/valeria-castro-reaparece-tras-su-retirada-y-emociona-en-los-premios-ondas-2025-el-mensaje-que-marca-su-regreso\/\"><b>con un emotivo discurso<\/b><\/a> tras un periodo de ausencia. La artista canaria ha explicado brevemente los motivos de su retiro temporal y expresado su agradecimiento por el apoyo de los suyos: <b>\u00abGracias a mi tierra tambi\u00e9n, que es gente de heridas reconstruidas, y esta mujer de La Palma no va a ser menos\u00bb<\/b>.<\/p>\n<p><img decoding=\"async\" src=\"https:\/\/los40.com\/pf\/resources\/img\/logo-40-v-c.svg?d=914\" alt=\"LOS40\" class=\"i-pro\" width=\"68\" height=\"68\" loading=\"lazy\"\/><\/p>\n<p>Por su parte, <b>Guitarricadelafuente<\/b>, tambi\u00e9n ha sido reconocido en esta categor\u00eda, aunque no ha podido asistir a la gala debido a compromisos de su <b>gira por Estados Unidos<\/b>. Su mensaje de agradecimiento, a trav\u00e9s de un v\u00eddeo, ha sido aplaudido por los asistentes.<\/p>\n<p>Pastora Soler: Premio Ondas Musical a la trayectoria<\/p>\n<p>Otro de los momentos m\u00e1s celebrados de la noche ha sido la intervenci\u00f3n de <b>Pastora Soler<\/b>, quien ha recibido un premio por su trayectoria musical tras retomar su carrera en 2018, cuatro a\u00f1os despu\u00e9s de su retirada. Soler ha asegurado: <b>\u00abTengo todav\u00eda muchas metas por cumplir. Este premio me va a seguir dando alas\u00bb<\/b>, palabras que han resumido la motivaci\u00f3n que le ha otorgado este galard\u00f3n.<\/p>\n<p>\u00a1Un Ondas para LOS40!<\/p>\n<p>La m\u00fasica en vivo y la capacidad de adaptaci\u00f3n tambi\u00e9n han sido premiadas con el <b>Ondas <\/b><b>al<\/b><b> Mejor Espect\u00e1culo, Gira o Festival<\/b>, otorgado a <b>LOS40 Music Awards Santander 2024<\/b>. El reconocimiento destac\u00f3 la habilidad del equipo para reinventar la gala durante <b>la pasada edici\u00f3n en la semana de la DANA<\/b>, adapt\u00e1ndose a las circunstancias y ofreciendo un espect\u00e1culo solidario. El premio reafirma la importancia de LOS40 como referente en la organizaci\u00f3n de eventos musicales de gran escala y su influencia en la promoci\u00f3n de la m\u00fasica en Espa\u00f1a.<\/p>\n<p>La gala ha puesto en valor no solo los \u00e9xitos de los artistas individuales. Los Premios Ondas 2025 se han consolidaron como un escenario en el que el talento, la trayectoria y la capacidad de innovaci\u00f3n de comunicadores, artistas y eventos que marcan la agenda del pa\u00eds.<\/p>\n","protected":false},"excerpt":{"rendered":"Barcelona se ha vestido de gala este mi\u00e9rcoles para acoger la 72\u00aa edici\u00f3n de los Premios Ondas, una&hellip;\n","protected":false},"author":2,"featured_media":261286,"comment_status":"","ping_status":"","sticky":false,"template":"","format":"standard","meta":{"footnotes":""},"categories":[170],"tags":[146,147,25,24,184,185,23],"class_list":{"0":"post-261285","1":"post","2":"type-post","3":"status-publish","4":"format-standard","5":"has-post-thumbnail","7":"category-musica","8":"tag-entertainment","9":"tag-entretenimiento","10":"tag-es","11":"tag-espana","12":"tag-music","13":"tag-musica","14":"tag-spain"},"share_on_mastodon":{"url":"https:\/\/pubeurope.com\/@es\/115630379337608050","error":""},"_links":{"self":[{"href":"https:\/\/www.europesays.com\/es\/wp-json\/wp\/v2\/posts\/261285","targetHints":{"allow":["GET"]}}],"collection":[{"href":"https:\/\/www.europesays.com\/es\/wp-json\/wp\/v2\/posts"}],"about":[{"href":"https:\/\/www.europesays.com\/es\/wp-json\/wp\/v2\/types\/post"}],"author":[{"embeddable":true,"href":"https:\/\/www.europesays.com\/es\/wp-json\/wp\/v2\/users\/2"}],"replies":[{"embeddable":true,"href":"https:\/\/www.europesays.com\/es\/wp-json\/wp\/v2\/comments?post=261285"}],"version-history":[{"count":0,"href":"https:\/\/www.europesays.com\/es\/wp-json\/wp\/v2\/posts\/261285\/revisions"}],"wp:featuredmedia":[{"embeddable":true,"href":"https:\/\/www.europesays.com\/es\/wp-json\/wp\/v2\/media\/261286"}],"wp:attachment":[{"href":"https:\/\/www.europesays.com\/es\/wp-json\/wp\/v2\/media?parent=261285"}],"wp:term":[{"taxonomy":"category","embeddable":true,"href":"https:\/\/www.europesays.com\/es\/wp-json\/wp\/v2\/categories?post=261285"},{"taxonomy":"post_tag","embeddable":true,"href":"https:\/\/www.europesays.com\/es\/wp-json\/wp\/v2\/tags?post=261285"}],"curies":[{"name":"wp","href":"https:\/\/api.w.org\/{rel}","templated":true}]}}