{"id":261287,"date":"2025-11-29T01:26:16","date_gmt":"2025-11-29T01:26:16","guid":{"rendered":"https:\/\/www.europesays.com\/es\/261287\/"},"modified":"2025-11-29T01:26:16","modified_gmt":"2025-11-29T01:26:16","slug":"ultima-sesion-antes-del-fc-barcelona","status":"publish","type":"post","link":"https:\/\/www.europesays.com\/es\/261287\/","title":{"rendered":"\u00daltima sesi\u00f3n antes del FC Barcelona"},"content":{"rendered":"<p>Este viernes por la ma\u00f1ana, el <strong>FC Barcelona<\/strong> ha llevado a cabo un nuevo entrenamiento en la <strong>Ciutat Esportiva Joan Gamper<\/strong>. La sesi\u00f3n, que ha empezado a las 11 de la ma\u00f1ana, ha sido la \u00faltima antes del compromiso que disputar\u00e1n los culers ante el <strong>Alav\u00e9s<\/strong>, en la 14.\u00aa jornada de <strong>Liga<\/strong>, en el <strong>Spotify Camp Nou<\/strong> (s\u00e1bado, 16:15 horas).<\/p>\n<p>Con Pedri, que volver\u00e1<\/p>\n<p>Con la mirada puesta en el conjunto vasco, <strong>Hansi Flick<\/strong> ha podido contar con todos los disponibles del primer equipo en esta sesi\u00f3n matinal. Entre ellos se ha encontrado <strong>Pedri<\/strong>, que tambi\u00e9n ha formado parte de la sesi\u00f3n. De hecho, el entrenador alem\u00e1n <a href=\"https:\/\/www.fcbarcelona.es\/es\/futbol\/primer-equipo\/noticias\/4410616\/hansi-flick-pedri-tendra-minutos\" target=\"_blank\" rel=\"noopener nofollow\">ha confirmado que el canario tendr\u00e1 minutos en el duelo contra los vitorianos<\/a>.<\/p>\n<p>En cuanto a jugadores del filial, <strong>Eder Aller<\/strong>, <strong>Tommy Marqu\u00e9s,<\/strong> <strong>Jofre Torrents <\/strong>y <strong>Dro Fern\u00e1ndez <\/strong>han formado parte de la ejercitaci\u00f3n con el primer equipo. Todos ellos se han entrenado con el grupo sobre el c\u00e9sped del <strong>Camp Tito Vilanova<\/strong>.<\/p>\n<p>Araujo, ausente por un virus estomacal<\/p>\n<p>Cabe destacar que <strong>Ronald Araujo<\/strong> no se ha ejercitado con el grupo a causa de un virus estomacal, tal como ha asegurado Hansi Flick en la rueda de prensa previa al choque. El teut\u00f3n tambi\u00e9n ha afirmado que el uruguayo ser\u00e1 baja para el partido ante el Alav\u00e9s por culpa de esta afectaci\u00f3n.<\/p>\n","protected":false},"excerpt":{"rendered":"Este viernes por la ma\u00f1ana, el FC Barcelona ha llevado a cabo un nuevo entrenamiento en la Ciutat&hellip;\n","protected":false},"author":2,"featured_media":261288,"comment_status":"","ping_status":"","sticky":false,"template":"","format":"standard","meta":{"footnotes":""},"categories":[93],"tags":[168,25,24,23,167,2288],"class_list":{"0":"post-261287","1":"post","2":"type-post","3":"status-publish","4":"format-standard","5":"has-post-thumbnail","7":"category-deportes","8":"tag-deportes","9":"tag-es","10":"tag-espana","11":"tag-spain","12":"tag-sports","13":"tag-text"},"share_on_mastodon":{"url":"https:\/\/pubeurope.com\/@es\/115630387028431224","error":""},"_links":{"self":[{"href":"https:\/\/www.europesays.com\/es\/wp-json\/wp\/v2\/posts\/261287","targetHints":{"allow":["GET"]}}],"collection":[{"href":"https:\/\/www.europesays.com\/es\/wp-json\/wp\/v2\/posts"}],"about":[{"href":"https:\/\/www.europesays.com\/es\/wp-json\/wp\/v2\/types\/post"}],"author":[{"embeddable":true,"href":"https:\/\/www.europesays.com\/es\/wp-json\/wp\/v2\/users\/2"}],"replies":[{"embeddable":true,"href":"https:\/\/www.europesays.com\/es\/wp-json\/wp\/v2\/comments?post=261287"}],"version-history":[{"count":0,"href":"https:\/\/www.europesays.com\/es\/wp-json\/wp\/v2\/posts\/261287\/revisions"}],"wp:featuredmedia":[{"embeddable":true,"href":"https:\/\/www.europesays.com\/es\/wp-json\/wp\/v2\/media\/261288"}],"wp:attachment":[{"href":"https:\/\/www.europesays.com\/es\/wp-json\/wp\/v2\/media?parent=261287"}],"wp:term":[{"taxonomy":"category","embeddable":true,"href":"https:\/\/www.europesays.com\/es\/wp-json\/wp\/v2\/categories?post=261287"},{"taxonomy":"post_tag","embeddable":true,"href":"https:\/\/www.europesays.com\/es\/wp-json\/wp\/v2\/tags?post=261287"}],"curies":[{"name":"wp","href":"https:\/\/api.w.org\/{rel}","templated":true}]}}