{"id":261289,"date":"2025-11-29T01:27:09","date_gmt":"2025-11-29T01:27:09","guid":{"rendered":"https:\/\/www.europesays.com\/es\/261289\/"},"modified":"2025-11-29T01:27:09","modified_gmt":"2025-11-29T01:27:09","slug":"sintomas-y-claves-de-la-variante-k-que-esta-circulando-este-invierno","status":"publish","type":"post","link":"https:\/\/www.europesays.com\/es\/261289\/","title":{"rendered":"s\u00edntomas y claves de la variante K que est\u00e1 circulando este invierno"},"content":{"rendered":"<p data-start=\"392\" data-end=\"777\"><a href=\"https:\/\/www.hoyaragon.es\/articulo\/zaragoza\/juan-val-lia-zaragoza-opinion-delicias-que-lumbreras\/20251128163834117461.html\" rel=\"nofollow noopener\" target=\"_blank\">Zaragoza<\/a> ha entrado oficialmente en nivel de <strong><a href=\"https:\/\/www.hoyaragon.es\/articulo\/noticias-aragon\/asi-avanza-epidemia-gripe-aragon\/20251125122940117073.html\" rel=\"nofollow noopener\" target=\"_blank\">epidemia<\/a><\/strong> por gripe. La temporada se ha adelantado varias semanas y, seg\u00fan los datos del \u00faltimo <strong data-start=\"532\" data-end=\"568\">Bolet\u00edn Epidemiol\u00f3gico de Arag\u00f3n<\/strong>, la incidencia supera ya los <strong data-start=\"598\" data-end=\"638\">60 casos por cada 100.000 habitantes<\/strong>, situando a la provincia en <strong data-start=\"667\" data-end=\"688\">nivel de riesgo 2<\/strong>. Huesca y Teruel, por su parte, se mantienen en <strong data-start=\"737\" data-end=\"748\">nivel 1<\/strong>, pero con tendencia al alza.<\/p>\n<p data-start=\"779\" data-end=\"1058\">El repunte est\u00e1 ligado a la <strong data-start=\"807\" data-end=\"840\">variante K del virus A (H3N2)<\/strong>, que se ha convertido en la cepa dominante este invierno. Su elevada capacidad de transmisi\u00f3n y la intensidad de los s\u00edntomas han provocado un aumento notable de consultas en Atenci\u00f3n Primaria y Urgencias en Zaragoza.<\/p>\n<p>Qu\u00e9 es la variante K de la gripe y por qu\u00e9 circula con tanta fuerza<\/p>\n<p data-start=\"1137\" data-end=\"1453\">La <strong data-start=\"1140\" data-end=\"1154\">variante K<\/strong>, perteneciente al subclado del virus A (H3N2), ha experimentado <strong data-start=\"1219\" data-end=\"1255\">cambios gen\u00e9ticos significativos<\/strong> que explican su r\u00e1pida expansi\u00f3n. Aunque hasta ahora no hay evidencias de que sea m\u00e1s peligrosa en t\u00e9rminos de mortalidad, s\u00ed est\u00e1 generando <strong data-start=\"1397\" data-end=\"1421\">cuadros m\u00e1s intensos<\/strong> y con mayor afectaci\u00f3n general.<\/p>\n<p data-start=\"1455\" data-end=\"1682\">Los expertos se\u00f1alan que el virus presenta <strong data-start=\"1498\" data-end=\"1541\">mutaciones que favorecen su transmisi\u00f3n<\/strong>, motivo por el que Arag\u00f3n ha alcanzado tan r\u00e1pido niveles epid\u00e9micos superiores a los de temporadas anteriores a estas alturas del invierno.<\/p>\n<p>S\u00edntomas de la variante K: similares a la gripe tradicional, pero m\u00e1s intensos<\/p>\n<p data-start=\"1772\" data-end=\"2013\">Los s\u00edntomas de la variante K coinciden en gran medida con los de una gripe estacional. Sin embargo, su <strong data-start=\"1876\" data-end=\"1899\">intensidad es mayor<\/strong> y muchos pacientes describen un cuadro m\u00e1s incapacitante, con similitudes a los primeros s\u00edntomas de la Covid-19.<\/p>\n<p>S\u00edntomas m\u00e1s frecuentes de la variante K<\/p>\n<ul data-start=\"2060\" data-end=\"2347\">\n<li data-start=\"2060\" data-end=\"2102\">\n<p data-start=\"2062\" data-end=\"2102\"><strong data-start=\"2062\" data-end=\"2080\">Fiebre elevada<\/strong> de aparici\u00f3n brusca<\/p>\n<\/li>\n<li data-start=\"2103\" data-end=\"2136\">\n<p data-start=\"2105\" data-end=\"2136\"><strong data-start=\"2105\" data-end=\"2134\">Tos intensa y persistente<\/strong><\/p>\n<\/li>\n<li data-start=\"2137\" data-end=\"2172\">\n<p data-start=\"2139\" data-end=\"2172\"><strong data-start=\"2139\" data-end=\"2170\">Dolor muscular generalizado<\/strong><\/p>\n<\/li>\n<li data-start=\"2173\" data-end=\"2210\">\n<p data-start=\"2175\" data-end=\"2210\"><strong data-start=\"2175\" data-end=\"2208\">Malestar y cansancio extremos<\/strong><\/p>\n<\/li>\n<li data-start=\"2211\" data-end=\"2236\">\n<p data-start=\"2213\" data-end=\"2236\"><strong data-start=\"2213\" data-end=\"2234\">Dolor de garganta<\/strong><\/p>\n<\/li>\n<li data-start=\"2237\" data-end=\"2259\">\n<p data-start=\"2239\" data-end=\"2259\"><strong data-start=\"2239\" data-end=\"2257\">Cefalea fuerte<\/strong><\/p>\n<\/li>\n<li data-start=\"2260\" data-end=\"2290\">\n<p data-start=\"2262\" data-end=\"2290\"><strong data-start=\"2262\" data-end=\"2288\">Escalofr\u00edos repentinos<\/strong><\/p>\n<\/li>\n<li data-start=\"2291\" data-end=\"2347\">\n<p data-start=\"2293\" data-end=\"2347\"><strong data-start=\"2293\" data-end=\"2327\">N\u00e1useas o molestias digestivas<\/strong> (en casos aislados)<\/p>\n<\/li>\n<\/ul>\n<p data-start=\"2349\" data-end=\"2476\">Los m\u00e9dicos destacan que los <strong data-start=\"2378\" data-end=\"2400\">dolores corporales<\/strong> y la <strong data-start=\"2406\" data-end=\"2424\">tos prolongada<\/strong> son especialmente caracter\u00edsticos de esta variante.<\/p>\n<p>La vacunaci\u00f3n sigue siendo la principal herramienta preventiva<\/p>\n<p data-start=\"2550\" data-end=\"2760\">Aunque las vacunas antigripales no est\u00e1n espec\u00edficamente adaptadas a esta variante H3N2, los especialistas recuerdan que <strong data-start=\"2671\" data-end=\"2697\">siguen siendo eficaces<\/strong> para reducir casos graves, complicaciones y hospitalizaciones.<\/p>\n<p data-start=\"2762\" data-end=\"2807\">Los epidemi\u00f3logos subrayan la importancia de:<\/p>\n<ul data-start=\"2808\" data-end=\"3127\">\n<li data-start=\"2808\" data-end=\"2894\">\n<p data-start=\"2810\" data-end=\"2894\"><strong data-start=\"2810\" data-end=\"2833\">Vacunaci\u00f3n temprana<\/strong>, especialmente en mayores, embarazadas y enfermos cr\u00f3nicos<\/p>\n<\/li>\n<li data-start=\"2895\" data-end=\"2935\">\n<p data-start=\"2897\" data-end=\"2935\"><strong data-start=\"2897\" data-end=\"2933\">Ventilaci\u00f3n de espacios cerrados<\/strong><\/p>\n<\/li>\n<li data-start=\"2936\" data-end=\"2960\">\n<p data-start=\"2938\" data-end=\"2960\"><strong data-start=\"2938\" data-end=\"2958\">Higiene de manos<\/strong><\/p>\n<\/li>\n<li data-start=\"2961\" data-end=\"3042\">\n<p data-start=\"2963\" data-end=\"3042\"><strong data-start=\"2963\" data-end=\"3040\">Evitar acudir al trabajo o al colegio con s\u00edntomas respiratorios intensos<\/strong><\/p>\n<\/li>\n<li data-start=\"3043\" data-end=\"3127\">\n<p data-start=\"3045\" data-end=\"3127\"><strong data-start=\"3045\" data-end=\"3127\">Uso de mascarilla en centros sanitarios o en contacto con personas vulnerables<\/strong><\/p>\n<\/li>\n<\/ul>\n<p data-start=\"3129\" data-end=\"3372\">A falta de estudios completos sobre el comportamiento de la variante K, los servicios de salud de Arag\u00f3n insisten en que <strong data-start=\"3250\" data-end=\"3317\">la prevenci\u00f3n combinada con vigilancia epidemiol\u00f3gica reforzada<\/strong> es la estrategia m\u00e1s eficaz para contener la epidemia.<\/p>\n<p>Arag\u00f3n, en vigilancia reforzada ante el aumento de casos<\/p>\n<p data-start=\"3440\" data-end=\"3807\">El Departamento de Sanidad est\u00e1 monitorizando semanalmente la evoluci\u00f3n de la epidemia en Zaragoza, donde el incremento de positivos ha sido m\u00e1s r\u00e1pido que en el resto de la comunidad. Los modelos de vigilancia estiman que la incidencia podr\u00eda seguir subiendo en las pr\u00f3ximas semanas, coincidiendo con el retorno escolar y el aumento de las actividades en interiores.<\/p>\n<p data-start=\"3809\" data-end=\"4059\">La comunidad recuerda que <strong data-start=\"3835\" data-end=\"3936\">la gripe es especialmente peligrosa para mayores de 65 a\u00f1os y pacientes con enfermedades cr\u00f3nicas<\/strong>, por lo que recomienda acudir al m\u00e9dico ante fiebre prolongada, falta de aire o empeoramiento general del estado de salud.<\/p>\n<p data-start=\"4061\" data-end=\"4303\">La variante K ya es la protagonista de la temporada y Arag\u00f3n afronta esta ola con todos los sistemas de vigilancia activados. La recomendaci\u00f3n es clara: <strong data-start=\"4214\" data-end=\"4275\">prevenci\u00f3n, vacunaci\u00f3n y atenci\u00f3n a los primeros s\u00edntomas<\/strong> para evitar complicaciones.<\/p>\n","protected":false},"excerpt":{"rendered":"Zaragoza ha entrado oficialmente en nivel de epidemia por gripe. La temporada se ha adelantado varias semanas y,&hellip;\n","protected":false},"author":2,"featured_media":261290,"comment_status":"","ping_status":"","sticky":false,"template":"","format":"standard","meta":{"footnotes":""},"categories":[92],"tags":[25,24,165,166,23],"class_list":{"0":"post-261289","1":"post","2":"type-post","3":"status-publish","4":"format-standard","5":"has-post-thumbnail","7":"category-salud","8":"tag-es","9":"tag-espana","10":"tag-health","11":"tag-salud","12":"tag-spain"},"share_on_mastodon":{"url":"https:\/\/pubeurope.com\/@es\/115630391431021554","error":""},"_links":{"self":[{"href":"https:\/\/www.europesays.com\/es\/wp-json\/wp\/v2\/posts\/261289","targetHints":{"allow":["GET"]}}],"collection":[{"href":"https:\/\/www.europesays.com\/es\/wp-json\/wp\/v2\/posts"}],"about":[{"href":"https:\/\/www.europesays.com\/es\/wp-json\/wp\/v2\/types\/post"}],"author":[{"embeddable":true,"href":"https:\/\/www.europesays.com\/es\/wp-json\/wp\/v2\/users\/2"}],"replies":[{"embeddable":true,"href":"https:\/\/www.europesays.com\/es\/wp-json\/wp\/v2\/comments?post=261289"}],"version-history":[{"count":0,"href":"https:\/\/www.europesays.com\/es\/wp-json\/wp\/v2\/posts\/261289\/revisions"}],"wp:featuredmedia":[{"embeddable":true,"href":"https:\/\/www.europesays.com\/es\/wp-json\/wp\/v2\/media\/261290"}],"wp:attachment":[{"href":"https:\/\/www.europesays.com\/es\/wp-json\/wp\/v2\/media?parent=261289"}],"wp:term":[{"taxonomy":"category","embeddable":true,"href":"https:\/\/www.europesays.com\/es\/wp-json\/wp\/v2\/categories?post=261289"},{"taxonomy":"post_tag","embeddable":true,"href":"https:\/\/www.europesays.com\/es\/wp-json\/wp\/v2\/tags?post=261289"}],"curies":[{"name":"wp","href":"https:\/\/api.w.org\/{rel}","templated":true}]}}