{"id":261294,"date":"2025-11-29T01:32:12","date_gmt":"2025-11-29T01:32:12","guid":{"rendered":"https:\/\/www.europesays.com\/es\/261294\/"},"modified":"2025-11-29T01:32:12","modified_gmt":"2025-11-29T01:32:12","slug":"trump-y-maduro-hablaron-para-acordar-posible-reunion-dw-29-11-2025","status":"publish","type":"post","link":"https:\/\/www.europesays.com\/es\/261294\/","title":{"rendered":"Trump y Maduro hablaron para acordar posible reuni\u00f3n \u2013 DW \u2013 29\/11\/2025"},"content":{"rendered":"<p>El presidente de <a class=\"internal-link\" href=\"https:\/\/www.dw.com\/es\/estados-unidos\/t-17411942\" rel=\"nofollow noopener\" target=\"_blank\">Estados Unidos<\/a>, Donald Trump, y su hom\u00f3logo de <a class=\"internal-link\" href=\"https:\/\/www.dw.com\/es\/venezuela\/t-17410652\" rel=\"nofollow noopener\" target=\"_blank\">Venezuela<\/a>, Nicol\u00e1s Maduro, mantuvieron la semana pasada una conversaci\u00f3n telef\u00f3nica en la que abordaron una posible reuni\u00f3n en Estados Unidos, inform\u00f3 el el diario The New York Times el\u00a0viernes (28.11.2025).<\/p>\n<p>La llamada se produce mientras Washington <a class=\"internal-link\" href=\"https:\/\/www.dw.com\/es\/escalada-venezuela-estados-unidos\/a-74486870\" rel=\"nofollow noopener\" target=\"_blank\">aumenta su presi\u00f3n sobre Venezuela<\/a>, con un importante despliegue militar en el Caribe que incluye el mayor portaviones del mundo.<\/p>\n<p>El gobierno de Trump afirma que su objetivo es detener el tr\u00e1fico de drogas desde el pa\u00eds sudamericano, pero Caracas asegura que Estados Unidos busca un cambio de r\u00e9gimen.<\/p>\n<p>De momento la Casa Blanca no ha confirmado la noticia publicada por el peri\u00f3dico neoyorquino, en la que se se\u00f1ala que el secretario de Estado, Marco Rubio, tambi\u00e9n particip\u00f3 en la llamada.<\/p>\n<blockquote class=\"tweet embed\" data-id=\"1994504115221598468\"\/>\n<p>Desde principios de septiembre, las fuerzas estadounidenses han matado al menos a 83 personas en sus m\u00e1s de 20 ataques contra presuntas narcolanchas, en el Caribe y el este del Pac\u00edfico.<\/p>\n<p>Washington a\u00fan no ha aportado ninguna prueba de que esas embarcaciones se usaban para transportar drogas o supon\u00edan peligro alguno para Estados Unidos.<\/p>\n<p>La noticia sobre la llamada entre Trump y Maduro se publica un d\u00eda despu\u00e9s de que el presidente estadounidense afirmara que las medidas para <a class=\"internal-link\" href=\"https:\/\/www.dw.com\/es\/trump-anuncia-operaciones-por-tierra-en-venezuela\/a-74933205\" rel=\"nofollow noopener\" target=\"_blank\">detener el tr\u00e1fico de drogas venezolano por tierra<\/a> eran inminentes, lo que ha agravado a\u00fan m\u00e1s las tensiones con Caracas.<\/p>\n<p>\u00abProbablemente hayan notado que la gente no quiere hacer entregas por mar, y comenzaremos a frenarlos por tierra\u00bb, se\u00f1al\u00f3 Trump, y a\u00f1adi\u00f3: \u00abAdem\u00e1s, por tierra es m\u00e1s f\u00e1cil, pero eso comenzar\u00e1 muy pronto\u00bb.<\/p>\n<p>gs (afp, efe)<\/p>\n<p>Trump advierte a Maduro de tomar medidas terrestres<video id=\"video-74946735\" controls=\"\" playsinline=\"\" preload=\"none\" poster=\"data:image\/png;base64,iVBORw0KGgoAAAANSUhEUgAAAAEAAAABCAQAAAC1HAwCAAAAC0lEQVR42mNkYAAAAAYAAjCB0C8AAAAASUVORK5CYII=\" data-id=\"74946735\" data-posterurl=\"https:\/\/static.dw.com\/image\/73736674_605.webp\" data-duration=\"02:49\"><\/p>\n<p class=\"vjs-no-js\">To view this video please enable JavaScript, and consider upgrading to a web browser that <a href=\"https:\/\/videojs.com\/html5-video-support\/\" target=\"_blank\" rel=\"nofollow noopener\">supports HTML5 video<\/a><\/p>\n<p><\/video><\/p>\n","protected":false},"excerpt":{"rendered":"El presidente de Estados Unidos, Donald Trump, y su hom\u00f3logo de Venezuela, Nicol\u00e1s Maduro, mantuvieron la semana pasada&hellip;\n","protected":false},"author":2,"featured_media":261295,"comment_status":"","ping_status":"","sticky":false,"template":"","format":"standard","meta":{"footnotes":""},"categories":[42],"tags":[17,18,13,14,11,61,62,63,64,19,20,9,10,15,16,12,21,22,65,66,67],"class_list":{"0":"post-261294","1":"post","2":"type-post","3":"status-publish","4":"format-standard","5":"has-post-thumbnail","7":"category-internacional","8":"tag-breaking-news","9":"tag-breakingnews","10":"tag-featured-news","11":"tag-featurednews","12":"tag-headlines","13":"tag-internacional","14":"tag-international","15":"tag-international-news","16":"tag-internationalnews","17":"tag-latest-news","18":"tag-latestnews","19":"tag-news","20":"tag-noticias","21":"tag-noticias-destacadas","22":"tag-noticiasdestacadas","23":"tag-titulares","24":"tag-ultimas-noticias","25":"tag-ultimasnoticias","26":"tag-world","27":"tag-world-news","28":"tag-worldnews"},"share_on_mastodon":{"url":"https:\/\/pubeurope.com\/@es\/115630410576349510","error":""},"_links":{"self":[{"href":"https:\/\/www.europesays.com\/es\/wp-json\/wp\/v2\/posts\/261294","targetHints":{"allow":["GET"]}}],"collection":[{"href":"https:\/\/www.europesays.com\/es\/wp-json\/wp\/v2\/posts"}],"about":[{"href":"https:\/\/www.europesays.com\/es\/wp-json\/wp\/v2\/types\/post"}],"author":[{"embeddable":true,"href":"https:\/\/www.europesays.com\/es\/wp-json\/wp\/v2\/users\/2"}],"replies":[{"embeddable":true,"href":"https:\/\/www.europesays.com\/es\/wp-json\/wp\/v2\/comments?post=261294"}],"version-history":[{"count":0,"href":"https:\/\/www.europesays.com\/es\/wp-json\/wp\/v2\/posts\/261294\/revisions"}],"wp:featuredmedia":[{"embeddable":true,"href":"https:\/\/www.europesays.com\/es\/wp-json\/wp\/v2\/media\/261295"}],"wp:attachment":[{"href":"https:\/\/www.europesays.com\/es\/wp-json\/wp\/v2\/media?parent=261294"}],"wp:term":[{"taxonomy":"category","embeddable":true,"href":"https:\/\/www.europesays.com\/es\/wp-json\/wp\/v2\/categories?post=261294"},{"taxonomy":"post_tag","embeddable":true,"href":"https:\/\/www.europesays.com\/es\/wp-json\/wp\/v2\/tags?post=261294"}],"curies":[{"name":"wp","href":"https:\/\/api.w.org\/{rel}","templated":true}]}}