{"id":261297,"date":"2025-11-29T01:34:10","date_gmt":"2025-11-29T01:34:10","guid":{"rendered":"https:\/\/www.europesays.com\/es\/261297\/"},"modified":"2025-11-29T01:34:10","modified_gmt":"2025-11-29T01:34:10","slug":"rafa-jodar-se-une-a-landaluce-y-disputara-las-nextgen-finals-de-yeda-ftm","status":"publish","type":"post","link":"https:\/\/www.europesays.com\/es\/261297\/","title":{"rendered":"Rafa J\u00f3dar se une a Landaluce y disputar\u00e1 las NextGen Finals de Yeda \u2013 FTM"},"content":{"rendered":"<p>Habr\u00e1 dos madrile\u00f1os en el mejor torneo sub20 del mundo. <strong>Rafa J\u00f3dar<\/strong> es el octavo y \u00faltimo clasificado para las NextGen Finals, que se disputar\u00e1n en Yeda (Arabia Saud\u00ed) del 17 al 21 de diciembre, sum\u00e1ndose as\u00ed a <strong>Mart\u00edn Landaluce<\/strong>, que como sexto clasificado entre los jugadores menores de 21 a\u00f1os, hab\u00eda certificado su presencia en el torneo \u00e1rabe hace unos d\u00edas.<\/p>\n<p>Ser\u00e1 la primera vez que dos espa\u00f1oles disputen en la misma temporada este torneo que re\u00fane a las mejores promesas del tenis mundial y que han coronado a jugadores como Stefanos Tsitsipas (2017), Jannik Sinner (2019) o Carlos Alcaraz (2021) que con el paso de los a\u00f1os se convirtieron en estrellas del circuito ATP y en ganadores de los mejores torneos del calendario ten\u00edstico.<\/p>\n<p>A sus 19 a\u00f1os, J\u00f3dar ha completado su primera temporada en el circuito con brillantez, y lo ha hecho disputado un calendario muy limitado, ya que en el primer semestre del a\u00f1o apenas disput\u00f3 torneos al estar enrolado en los Virginia Cavaliers de la NCAA, donde cuaj\u00f3 un periplo universitario brillante, alcanz\u00f3 a inicios de su temporada sophomore la segunda posici\u00f3n del ranking individual universitario estadounidense.<\/p>\n<p>El 2025 vio al jugador de Legan\u00e9s disputar 15 torneos Challenger, con un balance de 37 victorias y tan solo 12 derrotas, sumando tres t\u00edtulos: Hersonissos 3 (Grecia), Lincoln y Charlottesville (Estados Unidos). En m\u00e1s de la mitad de los torneos que disput\u00f3 (8), alcanz\u00f3 al menos la ronda de semifinales, demostrando que, aunque a\u00fan no ha dado el salto al profesionalismo, est\u00e1 preparado para el circuito profesional. Como n\u00famero 167 del ranking ATP, J\u00f3dar se ha asegurado tambi\u00e9n un lugar en la fase previa del pr\u00f3ximo Open de Australia, lo que significar\u00e1 su debut en un torneo del Grand Slam.<\/p>\n<p>J\u00f3dar, por tanto, cerrar\u00e1 una temporada m\u00e1gica disputado junto a otro madrile\u00f1o como Landaluce, el torneo que coronar\u00e1 al tenista sub20 m\u00e1s prometedor del circuito. Los rivales de los madrile\u00f1os ser\u00e1n el checo Jakub Mensik, el estadounidense Learner Tien, el belga Alexander Blockx, el croata Dino Prizmic, el noruego Nicolai Budkov Kjaer y el estadounidense Nishesh Basavareddy.<\/p>\n<p>*Foto Challenger El Espinar\/Alberto Sim\u00f3n<\/p>\n","protected":false},"excerpt":{"rendered":"Habr\u00e1 dos madrile\u00f1os en el mejor torneo sub20 del mundo. Rafa J\u00f3dar es el octavo y \u00faltimo clasificado&hellip;\n","protected":false},"author":2,"featured_media":261298,"comment_status":"","ping_status":"","sticky":false,"template":"","format":"standard","meta":{"footnotes":""},"categories":[5],"tags":[17,18,25,24,13,14,11,19,20,9,10,15,16,23,12,21,22],"class_list":{"0":"post-261297","1":"post","2":"type-post","3":"status-publish","4":"format-standard","5":"has-post-thumbnail","7":"category-titulares","8":"tag-breaking-news","9":"tag-breakingnews","10":"tag-es","11":"tag-espana","12":"tag-featured-news","13":"tag-featurednews","14":"tag-headlines","15":"tag-latest-news","16":"tag-latestnews","17":"tag-news","18":"tag-noticias","19":"tag-noticias-destacadas","20":"tag-noticiasdestacadas","21":"tag-spain","22":"tag-titulares","23":"tag-ultimas-noticias","24":"tag-ultimasnoticias"},"share_on_mastodon":{"url":"https:\/\/pubeurope.com\/@es\/115630418350218152","error":""},"_links":{"self":[{"href":"https:\/\/www.europesays.com\/es\/wp-json\/wp\/v2\/posts\/261297","targetHints":{"allow":["GET"]}}],"collection":[{"href":"https:\/\/www.europesays.com\/es\/wp-json\/wp\/v2\/posts"}],"about":[{"href":"https:\/\/www.europesays.com\/es\/wp-json\/wp\/v2\/types\/post"}],"author":[{"embeddable":true,"href":"https:\/\/www.europesays.com\/es\/wp-json\/wp\/v2\/users\/2"}],"replies":[{"embeddable":true,"href":"https:\/\/www.europesays.com\/es\/wp-json\/wp\/v2\/comments?post=261297"}],"version-history":[{"count":0,"href":"https:\/\/www.europesays.com\/es\/wp-json\/wp\/v2\/posts\/261297\/revisions"}],"wp:featuredmedia":[{"embeddable":true,"href":"https:\/\/www.europesays.com\/es\/wp-json\/wp\/v2\/media\/261298"}],"wp:attachment":[{"href":"https:\/\/www.europesays.com\/es\/wp-json\/wp\/v2\/media?parent=261297"}],"wp:term":[{"taxonomy":"category","embeddable":true,"href":"https:\/\/www.europesays.com\/es\/wp-json\/wp\/v2\/categories?post=261297"},{"taxonomy":"post_tag","embeddable":true,"href":"https:\/\/www.europesays.com\/es\/wp-json\/wp\/v2\/tags?post=261297"}],"curies":[{"name":"wp","href":"https:\/\/api.w.org\/{rel}","templated":true}]}}