{"id":261299,"date":"2025-11-29T01:39:24","date_gmt":"2025-11-29T01:39:24","guid":{"rendered":"https:\/\/www.europesays.com\/es\/261299\/"},"modified":"2025-11-29T01:39:24","modified_gmt":"2025-11-29T01:39:24","slug":"el-cantico-de-mar-del-plata-las-vacaciones-de-carreno-y-la-orden-de-ferrer-las-claves-de-la-gesta-de-la-espana-del-pueblo-en-la-davis-el-mundo","status":"publish","type":"post","link":"https:\/\/www.europesays.com\/es\/261299\/","title":{"rendered":"El c\u00e1ntico de Mar del Plata, las vacaciones de Carre\u00f1o y la orden de Ferrer: las claves de la gesta de la &quot;Espa\u00f1a del pueblo&quot; en la Davis &#8211; El Mundo"},"content":{"rendered":"<ol>\n<li><a href=\"https:\/\/news.google.com\/rss\/articles\/CBMikwFBVV95cUxPVzZiMW5KMVZCN2VWcFdoa2xnTjZYMWRfMmdmZ01Yc25GWTYxLVFTc255RW5DWEc0aDlrVE9GeVY1MGxlNHdtaHJzYUs5T28wVDcwTUFyY3JaLTFlUkVLRE1IcWV0R2FUQzVhWHdhQ2ZrWkNfelBnZGcwMXA0QXJxdTFxaGVCNERGXzBObjNSajBtOFXSAZMBQVVfeXFMTk5YYkdJRnExcWRDc2R0T0wzVndtOWpISldKb0NsQktFX0FKWmVDS3hlbUJ0V0VHRW96eV9BYmowcHd1Tlp0X1dMZFFzVnU1bkktd1pZNHM4bVRqQkF2UWNNMzJiZkN2WXhQM25La3VBaUtGbzJKWjZtdjVPd2x3UUJ3UlJELTYxSV9pbkdMeUZ3alcw?oc=5\" target=\"_blank\" rel=\"nofollow noopener\">El c\u00e1ntico de Mar del Plata, las vacaciones de Carre\u00f1o y la orden de Ferrer: las claves de la gesta de la \u00abEspa\u00f1a del pueblo\u00bb en la Davis<\/a>&nbsp;&nbsp;El Mundo<\/li>\n<li><a href=\"https:\/\/news.google.com\/rss\/articles\/CBMitAFBVV95cUxNdzNiSEhGLThmRnhnU1ZiQW4weF9LR25GcTJaalE3YXM0Rk1BbkhUdmo3d0plM2ItSkM1QmVYckFPMl9UUTVlZV96ejhja1VEX2xvZThQTUdyZDVDNXpPY0NIYkR4eVVPdURwV0RkVlR2NkU5QklKTHpDclZsbTVLZ19aSE1aSy1rTjNnZzYwZEw3b0g5S2ppRC1Dak5ta0xheC1fZ3FMVkNqNXZLUDVIVFF5bDI?oc=5\" target=\"_blank\" rel=\"nofollow noopener\">Horario y d\u00f3nde ver la final de Copa Davis entre Espa\u00f1a e Italia | Tenis | Deportes<\/a>&nbsp;&nbsp;EL PA\u00cdS<\/li>\n<li><a href=\"https:\/\/news.google.com\/rss\/articles\/CBMi6gFBVV95cUxOUmlZZlEyR1NKNUxJd2RiMmp3TWhZSEhRZkJlc2syMjRMTWMyWkpxTVhqS2Nvd1Y1ZjlMNGoyTjlEQ21iTF9YVkRNUk9XczVfVlBPZzZwVkZxWUw1ZUd6bTFWUjllaEpTaERMNHp6WXVjTkJmQlk1WmFma3JyejN0bFg2ZG9YdWpieG1nQWlyWlV0YXM3U0lXdTdjV1lDZW10Z2RsaG5RakEzc2FlR3otUW83UGdjWDFoRGlkak95bWZyYUVtWDB5NkRGMUI5WlhEVFFPQ2JmRGd2VnRaZHNFU0o1aVM0dlZOR1HSAf4BQVVfeXFMTXhzZmYxQmtYVndWQk1KQUdGeVJibUlzanlsQUlNYjVucUx1aG9mazhzbUdoUjEyZXFEQmFYbThwRUw3b2RrdFFhbUVFV3FvN2ZQT2Yxc1I4Smk2NDIyLUpZaG9TRi1SWlJFYjhWMmJBYm94UzBMQmtudVJRSDUydkhFX3NNVWtSalJMbmFiTlpUZURDSkFYeDh5d2VpWHRhTVNoakV1dWpBeE5vWk91MUx4V2hiMnBQVEtOdm9XeGVMYm1wMDFWMzQ0U0VqUUw5WmVxeWRRZFBhWFUyTFh4b0F3b181V3ZIRnRRWFRESFBmbWhaanZkeDllSnVyUUE?oc=5\" target=\"_blank\" rel=\"nofollow noopener\">As\u00ed queda el palmar\u00e9s de la Copa Davis: cu\u00e1ntas ha ganado Espa\u00f1a y qu\u00e9 jugadores y pa\u00edses tienen m\u00e1s Ensalader<\/a>&nbsp;&nbsp;Diario AS<\/li>\n<li><a href=\"https:\/\/news.google.com\/rss\/articles\/CBMi7gFBVV95cUxOM0VNa0hEMnpwd1A4ZTNrYS05OTBoZ2dXWU9PbEg1dEJVT0ZJQWFEUXdpNElmWHQ5bzVGZnRfelAxMF9ic3pPeWhNMlF1dWs2dXBiLUdEVmFGbDZBYUZJRmgtSEtCQWpmVmRES255cnZmdzVuZFlLaDl5MHJjRTdXaGN1TG9kNnBzU3p3M1g0RE5qSmRab3l6T3JHME9yUV9xblhTaDdrZEhSdEZqTmg1RENheENDd2Q4RmFpWjVkajhvdV9tVjlZNDhkZUJjTkdRZzJBYkc2a3J4dXMyTnJjZDJ3Z1h5eGZhNVVNMDZn?oc=5\" target=\"_blank\" rel=\"nofollow noopener\">Ferrer mantiene su idea: Carre\u00f1o y Munar en individuales; Granollers y Mart\u00ednez en dobles<\/a>&nbsp;&nbsp;Plaza Deportiva<\/li>\n<li><a href=\"https:\/\/news.google.com\/rss\/articles\/CBMirAFBVV95cUxQay0xanVZMjBvb0o4bU1WNmRYOXp0bl9PM2FXdnBHTnFMREJVVExZTjVtcUNYT1E3Mml4VHdfZXBFTFQ3NXF3RjlQM2xsWUNRT25aSWVIQmJTYS1LMmtWVWhpcGxzYl9jeC1nendPNGFubkVkX1ppb2Y2LW43S2dhVHhRRHdnQWNxSGhvX3lWaU5MVDkwY2ZDYnZFZTd0Ty1zMFlSaExtR3I3Y0Jw?oc=5\" target=\"_blank\" rel=\"nofollow noopener\">La &#8216;Davis del pueblo&#8217;<\/a>&nbsp;&nbsp;La Tribuna de Ciudad Real<\/li>\n<\/ol>\n","protected":false},"excerpt":{"rendered":"El c\u00e1ntico de Mar del Plata, las vacaciones de Carre\u00f1o y la orden de Ferrer: las claves de&hellip;\n","protected":false},"author":2,"featured_media":261300,"comment_status":"","ping_status":"","sticky":false,"template":"","format":"standard","meta":{"footnotes":""},"categories":[274],"tags":[13877,168,62917,25,24,23,167,327,326],"class_list":{"0":"post-261299","1":"post","2":"type-post","3":"status-publish","4":"format-standard","5":"has-post-thumbnail","7":"category-tenis","8":"tag-copa-davis","9":"tag-deportes","10":"tag-deportes-tenis-copa-davis","11":"tag-es","12":"tag-espana","13":"tag-spain","14":"tag-sports","15":"tag-tenis","16":"tag-tennis"},"share_on_mastodon":{"url":"https:\/\/pubeurope.com\/@es\/115630438009841804","error":""},"_links":{"self":[{"href":"https:\/\/www.europesays.com\/es\/wp-json\/wp\/v2\/posts\/261299","targetHints":{"allow":["GET"]}}],"collection":[{"href":"https:\/\/www.europesays.com\/es\/wp-json\/wp\/v2\/posts"}],"about":[{"href":"https:\/\/www.europesays.com\/es\/wp-json\/wp\/v2\/types\/post"}],"author":[{"embeddable":true,"href":"https:\/\/www.europesays.com\/es\/wp-json\/wp\/v2\/users\/2"}],"replies":[{"embeddable":true,"href":"https:\/\/www.europesays.com\/es\/wp-json\/wp\/v2\/comments?post=261299"}],"version-history":[{"count":0,"href":"https:\/\/www.europesays.com\/es\/wp-json\/wp\/v2\/posts\/261299\/revisions"}],"wp:featuredmedia":[{"embeddable":true,"href":"https:\/\/www.europesays.com\/es\/wp-json\/wp\/v2\/media\/261300"}],"wp:attachment":[{"href":"https:\/\/www.europesays.com\/es\/wp-json\/wp\/v2\/media?parent=261299"}],"wp:term":[{"taxonomy":"category","embeddable":true,"href":"https:\/\/www.europesays.com\/es\/wp-json\/wp\/v2\/categories?post=261299"},{"taxonomy":"post_tag","embeddable":true,"href":"https:\/\/www.europesays.com\/es\/wp-json\/wp\/v2\/tags?post=261299"}],"curies":[{"name":"wp","href":"https:\/\/api.w.org\/{rel}","templated":true}]}}