{"id":261301,"date":"2025-11-29T01:42:10","date_gmt":"2025-11-29T01:42:10","guid":{"rendered":"https:\/\/www.europesays.com\/es\/261301\/"},"modified":"2025-11-29T01:42:10","modified_gmt":"2025-11-29T01:42:10","slug":"el-azulgrana-satoransky-maximo-anotador-en-la-victoria-de-chequia-sobre-suecia","status":"publish","type":"post","link":"https:\/\/www.europesays.com\/es\/261301\/","title":{"rendered":"El azulgrana Satoransky, m\u00e1ximo anotador en la victoria de Chequia sobre Suecia"},"content":{"rendered":"<p>                        El jugador del Bar\u00e7a ha firmado 16 puntos en el triunfo de su equipo, fraguado tras el descanso\n<\/p>\n<p><img src=\"https:\/\/www.mundodeportivo.com\/files\/image_449_220\/files\/fp\/uploads\/2025\/11\/28\/692a0a0f37a3f.r_d.460-274-4989.png\" data-full-src=\"https:\/\/www.europesays.com\/es\/wp-content\/uploads\/2025\/11\/692a0a0f37a3f.png\" alt=\"Tomas Satoransky, celebrando una acci\u00f3n de la Rep\u00fablica Checa\" width=\"449\" height=\"220\" class=\"nolazy\" decoding=\"async\" fetchpriority=\"high\"\/><\/p>\n<p class=\"caption-title \">Tomas Satoransky, celebrando una acci\u00f3n de la Rep\u00fablica Checa<\/p>\n<p>FIBA<\/p>\n<p>\n                        Actualizado a  28\/11\/2025 21:52 CET\n                    <\/p>\n<p data-gtm-element-container=\"modulo-texto-link\" class=\"paragraph\">Tras su mal papel en el pasado Eurobasket, la Rep\u00fablica Checa ha regresado a la escena internacional con buena nota. El equipo centroeuropeo ha abierto con una merecida victoria su participaci\u00f3n en el Pre Mundial de Qatar 2027, derrotando a Suecia por 97-80.<\/p>\n<p data-gtm-element-container=\"modulo-texto-link\" class=\"paragraph\">El jugador del Bar\u00e7a Tomas Satoransky ha sido el m\u00e1ximo anotador de los locales, con 16 puntos (5\/8 tiros de dos, 2\/5 triples). Tambi\u00e9n ha aportado 2 rebotes y 6 asistencias en casi 27 minutos en pista. Aunque tambi\u00e9n est\u00e1 en la convocatoria, el tambi\u00e9n azulgrana Jan Vesely no estaba hoy entre los doce jugadores alineados por el t\u00e9cnico Lubos Barton.<\/p>\n<p>    Lee tambi\u00e9n<\/p>\n<p data-gtm-element-container=\"modulo-texto-link\" class=\"paragraph\">Suecia ha resistido hasta el descanso (47-46) pero a partir de ah\u00ed ha perdido gas para ver como su rival iba tomando cada vez m\u00e1s ventaja. Por Suecia el mejor han sido Tobias Borg (18 puntos) y el tambi\u00e9n ACB Ludde Hakanson (15 puntos y 15 asistencias)<\/p>\n<p>\n        Mostrar comentarios\n    <\/p>\n<p>{\u00aballowComment\u00bb:\u00bballowed\u00bb,\u00bbarticleId\u00bb:\u00bbarticle-1002577802&#8243;,\u00bburl\u00bb:\u00bbhttps:\\\/\\\/www.mundodeportivo.com\\\/baloncesto\\\/20251128\\\/1002577802\\\/azulgrana-satoransky-maximo-anotador-victoria-chequia-sobre-suecia.html\u00bb,\u00bblivefyre-url\u00bb:\u00bbarticle-1002577802&#8243;}<\/p>\n<p>Cargando siguiente contenido&#8230;\n                <\/p>\n","protected":false},"excerpt":{"rendered":"El jugador del Bar\u00e7a ha firmado 16 puntos en el triunfo de su equipo, fraguado tras el descanso&hellip;\n","protected":false},"author":2,"featured_media":261302,"comment_status":"","ping_status":"","sticky":false,"template":"","format":"standard","meta":{"footnotes":""},"categories":[269],"tags":[299,298,168,25,24,23,167],"class_list":{"0":"post-261301","1":"post","2":"type-post","3":"status-publish","4":"format-standard","5":"has-post-thumbnail","7":"category-baloncesto","8":"tag-baloncesto","9":"tag-basketball","10":"tag-deportes","11":"tag-es","12":"tag-espana","13":"tag-spain","14":"tag-sports"},"share_on_mastodon":{"url":"https:\/\/pubeurope.com\/@es\/115630450661634863","error":""},"_links":{"self":[{"href":"https:\/\/www.europesays.com\/es\/wp-json\/wp\/v2\/posts\/261301","targetHints":{"allow":["GET"]}}],"collection":[{"href":"https:\/\/www.europesays.com\/es\/wp-json\/wp\/v2\/posts"}],"about":[{"href":"https:\/\/www.europesays.com\/es\/wp-json\/wp\/v2\/types\/post"}],"author":[{"embeddable":true,"href":"https:\/\/www.europesays.com\/es\/wp-json\/wp\/v2\/users\/2"}],"replies":[{"embeddable":true,"href":"https:\/\/www.europesays.com\/es\/wp-json\/wp\/v2\/comments?post=261301"}],"version-history":[{"count":0,"href":"https:\/\/www.europesays.com\/es\/wp-json\/wp\/v2\/posts\/261301\/revisions"}],"wp:featuredmedia":[{"embeddable":true,"href":"https:\/\/www.europesays.com\/es\/wp-json\/wp\/v2\/media\/261302"}],"wp:attachment":[{"href":"https:\/\/www.europesays.com\/es\/wp-json\/wp\/v2\/media?parent=261301"}],"wp:term":[{"taxonomy":"category","embeddable":true,"href":"https:\/\/www.europesays.com\/es\/wp-json\/wp\/v2\/categories?post=261301"},{"taxonomy":"post_tag","embeddable":true,"href":"https:\/\/www.europesays.com\/es\/wp-json\/wp\/v2\/tags?post=261301"}],"curies":[{"name":"wp","href":"https:\/\/api.w.org\/{rel}","templated":true}]}}