{"id":261303,"date":"2025-11-29T01:43:12","date_gmt":"2025-11-29T01:43:12","guid":{"rendered":"https:\/\/www.europesays.com\/es\/261303\/"},"modified":"2025-11-29T01:43:12","modified_gmt":"2025-11-29T01:43:12","slug":"por-que-no-juega-dani-sanchez","status":"publish","type":"post","link":"https:\/\/www.europesays.com\/es\/261303\/","title":{"rendered":"\u00bfPor qu\u00e9 no juega Dani S\u00e1nchez?"},"content":{"rendered":"<p>\t\tCompartir esta publicaci\u00f3n\t\t\t\t\t<\/p>\n<p data-start=\"5443\" data-end=\"5944\">Esta es una pregunta que se hace un grupo importante de aficionados: <strong>\u00bfQu\u00e9 est\u00e1 pasando con Dani S\u00e1nchez?<\/strong> La temporada pasada, con el <a href=\"http:\/\/malagacf.com\" target=\"_blank\" rel=\"noopener nofollow\">M\u00e1laga CF<\/a> ya instalado en el f\u00fatbol profesional, el lateral malague\u00f1o le comi\u00f3 la tostada a un <strong>V\u00edctor Garc\u00eda<\/strong> que hab\u00eda hecho lo propio en Primera RFEF. Pero esta temporada est\u00e1 pr\u00e1cticamente <strong>desaparecido<\/strong>. Pellicer comenz\u00f3 alineando al catal\u00e1n y as\u00ed se mantuvo hasta que fue cesado. Ahora, con Funes al mando, en su primer once volvi\u00f3 a apostar por el \u201914\u2019. Adem\u00e1s, un V\u00edctor Garc\u00eda que no est\u00e1 tampoco en su mejor momento, lo que hace cuestiornarse realmente cu\u00e1l ser\u00e1 el estado f\u00edsico o el rendimiento en los entrenamientos de Dani S\u00e1nchez.<\/p>\n<p data-start=\"5443\" data-end=\"5944\"><strong>Cuatro titularidades en liga y una en Copa del Rey<\/strong>. Y una de las veces que fue de la partida, en Burgos, fue sustituido al descanso. Desde el duelo copero ante el Estepona, el pasado 30 de octubre, <strong>ni un minuto<\/strong>. Dani S\u00e1nchez es uno de esos futbolistas que el a\u00f1o pasado dieron un paso adelante ante el ascenso de categor\u00eda y que se hizo jugador consolidado en Segunda a base de hacer una buena temporada. Adem\u00e1s de ello, su vocaci\u00f3n ofensiva le sit\u00faa en un perfil de futbolista que suele ser importante en los esquemas de Funes. Pero entonces, <strong>\u00bfestar\u00e1 el problema a nivel defensivo?<\/strong><\/p>\n<p><strong>Funes habla sobre Dani S\u00e1nchez<\/strong><\/p>\n<p data-start=\"5443\" data-end=\"5944\"><a href=\"https:\/\/www.merchanendirecto.es\/malaga-cf\/funes-valientes-fuera-dos-caras\/\" target=\"_blank\" rel=\"noopener nofollow\">Funes lo ha explicado en sala de prensa en la previa del duelo ante el Real Valladolid<\/a>: \u00ab<strong>Hay que dar un paso adelante en el balance defensivo<\/strong> y tenemos que mejorar a bal\u00f3n parado, que tenemos un -4. Viene mucho de la responsabilidad. Nosotros disfrutamos de gente como Larubia, Dani Lorenzo, Dotor\u2026 <strong>gente con mucha calidad que ese d\u00e9ficit en bal\u00f3n parado lo tienen<\/strong>. El otro d\u00eda ya hicimos un gol de falta. <strong>V\u00edctor nos puede ayudar a corregir un poco m\u00e1s en el balance defensivo<\/strong>. No hay algo en concreto que le lleve al d\u00e9ficit\u00bb. Ese es el motivo, en boca del actual entrenador boquer\u00f3n, de la raz\u00f3n por la cu\u00e1l no juega Dani S\u00e1nchez.<\/p>\n<p data-start=\"5443\" data-end=\"5944\">Tal y como Radio MARCA M\u00e1laga ha podido conocer por fuentes cercanas al futbolista, este mismo se encuentra <strong>positivo<\/strong> <strong>y con ganas de revertir la situaci\u00f3n<\/strong>, volviendo a ser importante en los planes de un m\u00edster que parte ahora de cero ante su reciente llegada.<\/p>\n<p data-start=\"5443\" data-end=\"5944\">Hay que tener en cuenta que, a sus <strong>25 a\u00f1os<\/strong>, el carrilero costasole\u00f1o acaba contrato en <strong>junio de 2027<\/strong>. Es decir, tiene para esta temporada y otra m\u00e1s. En contraposici\u00f3n, <strong>V\u00edctor Garc\u00eda<\/strong> es uno de esos futbolistas que acaba contrato el pr\u00f3ximo verano. En cuanto a la planificaci\u00f3n deportiva del pr\u00f3ximo verano, si la din\u00e1mica actual no se revierte y en caso de que el club baraje opciones en el mercado para reforzar una posici\u00f3n que claramente se debe apuntalar si se quiere dar un paso adelante, te dejar\u00eda con la puerta de salida abierta para el lateral que lo juega todo y en plantilla su reserva. Veremos si se torna la situaci\u00f3n a lo largo del curso.<\/p>\n<p class=\"auto-featured-caption\">Foto: M\u00e1laga CF<\/p>\n","protected":false},"excerpt":{"rendered":"Compartir esta publicaci\u00f3n Esta es una pregunta que se hace un grupo importante de aficionados: \u00bfQu\u00e9 est\u00e1 pasando&hellip;\n","protected":false},"author":2,"featured_media":261304,"comment_status":"","ping_status":"","sticky":false,"template":"","format":"standard","meta":{"footnotes":""},"categories":[268],"tags":[168,25,24,280,282,281,23,167],"class_list":{"0":"post-261303","1":"post","2":"type-post","3":"status-publish","4":"format-standard","5":"has-post-thumbnail","7":"category-futbol","8":"tag-deportes","9":"tag-es","10":"tag-espana","11":"tag-football","12":"tag-futbol","13":"tag-soccer","14":"tag-spain","15":"tag-sports"},"share_on_mastodon":{"url":"https:\/\/pubeurope.com\/@es\/115630454511161741","error":""},"_links":{"self":[{"href":"https:\/\/www.europesays.com\/es\/wp-json\/wp\/v2\/posts\/261303","targetHints":{"allow":["GET"]}}],"collection":[{"href":"https:\/\/www.europesays.com\/es\/wp-json\/wp\/v2\/posts"}],"about":[{"href":"https:\/\/www.europesays.com\/es\/wp-json\/wp\/v2\/types\/post"}],"author":[{"embeddable":true,"href":"https:\/\/www.europesays.com\/es\/wp-json\/wp\/v2\/users\/2"}],"replies":[{"embeddable":true,"href":"https:\/\/www.europesays.com\/es\/wp-json\/wp\/v2\/comments?post=261303"}],"version-history":[{"count":0,"href":"https:\/\/www.europesays.com\/es\/wp-json\/wp\/v2\/posts\/261303\/revisions"}],"wp:featuredmedia":[{"embeddable":true,"href":"https:\/\/www.europesays.com\/es\/wp-json\/wp\/v2\/media\/261304"}],"wp:attachment":[{"href":"https:\/\/www.europesays.com\/es\/wp-json\/wp\/v2\/media?parent=261303"}],"wp:term":[{"taxonomy":"category","embeddable":true,"href":"https:\/\/www.europesays.com\/es\/wp-json\/wp\/v2\/categories?post=261303"},{"taxonomy":"post_tag","embeddable":true,"href":"https:\/\/www.europesays.com\/es\/wp-json\/wp\/v2\/tags?post=261303"}],"curies":[{"name":"wp","href":"https:\/\/api.w.org\/{rel}","templated":true}]}}