{"id":261305,"date":"2025-11-29T01:44:18","date_gmt":"2025-11-29T01:44:18","guid":{"rendered":"https:\/\/www.europesays.com\/es\/261305\/"},"modified":"2025-11-29T01:44:18","modified_gmt":"2025-11-29T01:44:18","slug":"cuatro-detalles-que-descubren-el-exito-de-la-relacion-de-lourdes-montes-y-francisco-rivera","status":"publish","type":"post","link":"https:\/\/www.europesays.com\/es\/261305\/","title":{"rendered":"Cuatro detalles que descubren \u00e9l \u00e9xito de la relaci\u00f3n de Lourdes Montes y Francisco Rivera"},"content":{"rendered":"<p data-journey-content=\"true\" data-node-id=\"4\" class=\"css-6wxqfj emevuu60\"><strong data-node-id=\"4.0\">Francisco Rivera y Lourdes Montes llevan 14 a\u00f1os de relaci\u00f3n<\/strong>. A pesar de que sus inicios no fueron f\u00e1ciles, la pareja se ha convertido en una de las m\u00e1s estables del panorama nacional, consolid\u00e1ndose como<strong data-node-id=\"4.2\"> uno de los matrimonios m\u00e1s afianzados entre los famosos.<\/strong> El torero y la abogada, reconvertida en dise\u00f1adora de moda, se conocieron en la Feria de Abril de Sevilla de 2011, pero Lourdes se lo puso f\u00e1cil. Tard\u00f3 tres meses en darle una oportunidad y, tras mucho insistir Fran Rivera, tuvieron su primera cita, desde entonces se volvieron inseparables. El 14 de septiembre de 2013, se daban el &#8216;s\u00ed, quiero&#8217; en una ceremonia civil en El Recreo de San Cayetano, en Ronda; que luego celebrar\u00edan por todo lo alto en Sevilla <a href=\"https:\/\/www.diezminutos.es\/famosos-corazon\/famosos-espanoles\/news\/g6629\/fran-y-lourdes-se-casan-por-fin-por-la-iglesia-con-todo-sevilla-mirando\/\" target=\"_blank\" data-vars-ga-outbound-link=\"https:\/\/www.diezminutos.es\/famosos-corazon\/famosos-espanoles\/news\/g6629\/fran-y-lourdes-se-casan-por-fin-por-la-iglesia-con-todo-sevilla-mirando\/\" data-vars-ga-ux-element=\"Hyperlink\" data-vars-ga-call-to-action=\"en una boda religiosa el 12 de julio de 2014 en la Capilla de los Marineros.\" data-node-id=\"4.4\" class=\"body-link css-177bzfx emevuu60\" rel=\"nofollow noopener\">en una boda religiosa el 12 de julio de 2014 en la Capilla de los Marineros.<\/a><\/p>\n<p data-journey-content=\"true\" data-node-id=\"7\" class=\"css-6wxqfj emevuu60\">Un matrimonio de \u00e9xito que ha formado una preciosa familia numerosa <a href=\"https:\/\/www.diezminutos.es\/famosos-corazon\/famosos-espanoles\/a69575320\/cinco-anecdotas-bautizo-tercer-hijo-francisco-rivera-lourdes-montes\/\" target=\"_blank\" data-vars-ga-outbound-link=\"https:\/\/www.diezminutos.es\/famosos-corazon\/famosos-espanoles\/a69575320\/cinco-anecdotas-bautizo-tercer-hijo-francisco-rivera-lourdes-montes\/\" data-vars-ga-ux-element=\"Hyperlink\" data-vars-ga-call-to-action=\"y que este 28 de noviembre bautizaba en familia a su tercer hijo, Nicol\u00e1s.\" data-node-id=\"7.1\" class=\"body-link css-177bzfx emevuu60\" rel=\"nofollow noopener\">y que este 28 de noviembre bautizaba en familia a su tercer hijo, Nicol\u00e1s.<\/a> Pero, \u00bfCu\u00e1les son <strong data-node-id=\"7.3\">las cuatro claves que hacen imbatible el matrimonio de Lourdes Montes y Fran Rivera? <\/strong>Lourdes desvel\u00f3 alguna de ellas en una entrevista en el podcast de su hermana Sibi Montes, desvelando lo<strong data-node-id=\"7.5\">s detalles que descubren el \u00e9xito de su matrimonio y <\/strong>nosotros las recopilamos con otras que han ido desvelando ellos a lo largo de sus tres lustros de relaci\u00f3n. <br data-node-id=\"7.7\"\/><\/p>\n<p>Se complementan a pesar de ser diferentes<\/p>\n<p data-journey-content=\"true\" data-node-id=\"11\" class=\"css-6wxqfj emevuu60\">\u00ab<strong data-node-id=\"11.1\">Yo creo que somos muy diferentes pero tenemos muchos puntos tambi\u00e9n en com\u00fan<\/strong> y creo que es el secreto para que una pareja funcione porque si somos muy iguales aquello salta por los aires y si es absolutamente opuesto es imposible que haya un punto en com\u00fan con lo cual no funciona\u00bb, explicaba Lourdes Montes a su hermana sobre una de las claves del \u00e9xito de su matrimonio.<\/p>\n<p>Se reparten bien el tiempo en familia y en pareja<\/p>\n<p data-journey-content=\"true\" data-node-id=\"16\" class=\"css-6wxqfj emevuu60\">Ambos son generosos a la hora de repartir el tiempo y con qui\u00e9n pasarlo. Comparten un estilo de vida m\u00e1s bien casero, lo que facilita la convivencia, y se adaptan bien a las preferencias del otro. Tambi\u00e9n disfrutan de citas en pareja, algo fundamental para seguir manteniendo la llama viva de su relaci\u00f3n. <\/p>\n<p><img draggable=\"true\" alt=\"lourdes montes y fran rivera\" title=\"Lourdes Montes y Fran Rivera\" loading=\"lazy\" width=\"3000\" height=\"3879\" decoding=\"async\" data-nimg=\"1\" style=\"color:transparent;width:100%;height:auto;\"   src=\"https:\/\/www.europesays.com\/es\/wp-content\/uploads\/2025\/11\/lourdes-montes-fran-rivera-687600c3cc451.jpg\" class=\"css-0 e1g79fud0\"\/><\/p>\n<p>Gtres<\/p>\n<p>Los enfados les duran poco<\/p>\n<p data-journey-content=\"true\" data-node-id=\"20\" class=\"css-6wxqfj emevuu60\">\u00abLos enfados nos duran muy poco, que eso es importante. No somos rencorosos ninguno de los dos. Hay puntos en com\u00fan y luego hay cosas que son muy opuestas\u00bb, explic\u00f3 en su momento Lourdes en el podcast de su hermana Sibi. <\/p>\n<p>Apoyo mutuo en sus profesiones<\/p>\n<p data-journey-content=\"true\" data-node-id=\"24\" class=\"css-6wxqfj emevuu60\">La relaci\u00f3n ha superado momentos dif\u00edciles, como la retirada de Fran Rivera del mundo del toro, donde \u00e9l se \u00abencerr\u00f3 en s\u00ed mismo\u00bb. Fran reconoci\u00f3 en su d\u00eda que, sin el apoyo de Lourdes &#8211; que demostr\u00f3 ser \u00abla verdadera fuerza de la familia\u00bb- no habr\u00edan podido reinventarse. \u00c9l tambi\u00e9n la apoya en su marca textil. Este mismo verano Fran compart\u00eda una foto con su hermano Cayetano con dos de los pa\u00f1uelos de la firma de Lourdes. <\/p>\n<p data-journey-content=\"true\" data-node-id=\"26\" class=\"css-6wxqfj emevuu60\">Una perfecta estrategia de marketing con la que adem\u00e1s despejan todas las dudas sobre su cuestionada relaci\u00f3n de hermanos. <strong data-node-id=\"26.1\">\u00abLos piratas de Kukawa\u00bb<\/strong>, eran las palabras con las que acompa\u00f1an esta imagen de los <a href=\"https:\/\/www.diezminutos.es\/famosos-corazon\/famosos-espanoles\/a64800922\/fran-cayetano-rivera-estan-foto-relacion-actual\/\" target=\"_blank\" data-vars-ga-outbound-link=\"https:\/\/www.diezminutos.es\/famosos-corazon\/famosos-espanoles\/a64800922\/fran-cayetano-rivera-estan-foto-relacion-actual\/\" data-vars-ga-ux-element=\"Hyperlink\" data-vars-ga-call-to-action=\"Francisco Rivera y Cayetano Rivera demostraron su uni\u00f3n tras su crisis de hermanos. \" data-node-id=\"26.3\" class=\"body-link css-177bzfx emevuu60\" rel=\"nofollow noopener\">Francisco Rivera y Cayetano Rivera demostraron su uni\u00f3n tras su crisis de hermanos. <\/a><\/p>\n<p> La buena relaci\u00f3n de Lourdes y Tana Rivera<\/p>\n<p data-journey-content=\"true\" data-node-id=\"29\" class=\"css-6wxqfj emevuu60\">Tana Rivera, la hija que Francisco Rivera y Eugenia Mart\u00ednez de Irujo tuvieron fruto de su matrimonio hace 25 a\u00f1os, siempre presumido de tener una excelente relaci\u00f3n con su padre y con la mujer actual mujer del torero. Lourdes Montes lleg\u00f3 a la vida de Francisco Rivera hace m\u00e1s de 15 a\u00f1os, por lo que conoci\u00f3 a Tana con tan solo diez a\u00f1os. <\/p>\n<p data-journey-content=\"true\" data-node-id=\"31\" class=\"css-6wxqfj emevuu60\">La dise\u00f1adora ha visto como la joven ha pasado de ser una ni\u00f1a a convertirse en toda una mujer. En una reciente entrevista, <a href=\"https:\/\/www.diezminutos.es\/famosos-corazon\/famosos-espanoles\/a46679165\/lourdes-montes-consejo-recomendacion-matrimonio-tana-rivera\/\" target=\"_blank\" data-vars-ga-outbound-link=\"https:\/\/www.diezminutos.es\/famosos-corazon\/famosos-espanoles\/a46679165\/lourdes-montes-consejo-recomendacion-matrimonio-tana-rivera\/\" data-vars-ga-ux-element=\"Hyperlink\" data-vars-ga-call-to-action=\"la abogada solo ten\u00eda palabras de elogio para la hija mayor de su marido. \" data-node-id=\"31.1\" data-mrf-link=\"https:\/\/www.diezminutos.es\/famosos-corazon\/famosos-espanoles\/a46679165\/lourdes-montes-consejo-recomendacion-matrimonio-tana-rivera\/\" class=\"body-link css-177bzfx emevuu60\" rel=\"nofollow noopener\">la abogada solo ten\u00eda palabras de elogio para la hija mayor de su marido. <\/a>\u00ab<strong data-node-id=\"31.3\">He tenido mucha suerte con Tana. <\/strong>Me lo puso muy f\u00e1cil desde el principio y es que cuando t\u00fa das cari\u00f1o, recibes cari\u00f1o, no hay otra. <strong data-node-id=\"31.5\">La convivencia con ella ha sido muy buena. Es una hermana magn\u00edfica. Es una ni\u00f1a que no he podido tener m\u00e1s suerte\u00bb<\/strong>, se sincera la dise\u00f1adora. La sevillana afirm\u00f3 que, como hermana mayor, \u00ab<strong data-node-id=\"31.7\">cuida much\u00edsimo a Carmen y a Curro. Cuando estamos los dos fuera de casa, los lleva al colegio. <\/strong>Un domingo por la tarde se los lleva a saltar a las colchonetas&#8230;\u00bb.<\/p>\n<p data-journey-content=\"true\" data-node-id=\"33\" class=\"css-6wxqfj emevuu60\">Adem\u00e1s, tambi\u00e9n ha hablado de lo bien que se ocupa de Nicol\u00e1s, el benjam\u00edn de la casa, \u00abtiene mucha paciencia, es muy tranquila. Algo que para el beb\u00e9 es fant\u00e1stico\u00bb, explica la dise\u00f1adora sobre el papel como hermana mayor de Tana. <\/p>\n<p><img src=\"https:\/\/www.europesays.com\/es\/wp-content\/uploads\/2025\/11\/1764380658_243_4104b2dc-9d92-4a2f-a41f-327dc6377620_1734436473.jpg\" alt=\"Headshot of Valentina Vera\" title=\"Headshot of Valentina Vera\" width=\"100%\" height=\"100%\" decoding=\"async\" loading=\"lazy\" class=\"css-o0wq4v ev8dhu53\"\/><\/p>\n<p>Valentina Vera es una periodista experta en cr\u00f3nica rosa, realidad, &#8216;reality&#8217;, moda y belleza. Siempre al d\u00eda de las \u00faltimas novedades de los famosos nacionales e internacionales y de las casas reales europeas. Su trabajo como redactora le permite ser testigo de las bodas de los personajes m\u00e1s relevantes del panorama social; de alfombras rojas; de funerales de Estado o de acontecimientos hist\u00f3ricos: como la proclamaci\u00f3n de Felipe VI como Rey o la coronaci\u00f3n de Carlos III de Inglaterra.<br \/>\nLicenciada en Periodismo por la Universidad Complutense de Madrid. Comenz\u00f3 su andadura en el mundo del coraz\u00f3n en el a\u00f1o 2013 en la revista \u00a1Hola! Y desde 2014 forma parte del grupo Hearst, donde ha ido adquiriendo experiencia tanto en la edici\u00f3n impresa como en el formato web de la revista Diez Minutos.<br \/>\nEl medio digital le apasiona por la inmediatez en la que sus lectores pueden ser testigos de lo que sucede en la vida de los famosos desde cualquier parte del mundo. Instagram, Twitter y TikTok se han convertido en una herramienta m\u00e1s de informaci\u00f3n a la hora de crear, gestionar y organizar el contenido, ya que le permiten conocer la \u00faltima hora de lo que sucede en la vida de los famosos.<br \/>\nEn constante formaci\u00f3n de estrategias y t\u00e9cnicas de optimizaci\u00f3n digital para su trabajo como redactora, en la actualidad tambi\u00e9n se encuentra estudiando Diet\u00e9tica. Llevar un estilo de vida saludable es algo que le apasiona y cree que la nutrici\u00f3n es una parte fundamental.<\/p>\n","protected":false},"excerpt":{"rendered":"Francisco Rivera y Lourdes Montes llevan 14 a\u00f1os de relaci\u00f3n. A pesar de que sus inicios no fueron&hellip;\n","protected":false},"author":2,"featured_media":261306,"comment_status":"","ping_status":"","sticky":false,"template":"","format":"standard","meta":{"footnotes":""},"categories":[174],"tags":[255,253,146,147,25,24,256,23],"class_list":{"0":"post-261305","1":"post","2":"type-post","3":"status-publish","4":"format-standard","5":"has-post-thumbnail","7":"category-famosos","8":"tag-celebrities","9":"tag-discover","10":"tag-entertainment","11":"tag-entretenimiento","12":"tag-es","13":"tag-espana","14":"tag-famosos","15":"tag-spain"},"share_on_mastodon":{"url":"https:\/\/pubeurope.com\/@es\/115630458217224123","error":""},"_links":{"self":[{"href":"https:\/\/www.europesays.com\/es\/wp-json\/wp\/v2\/posts\/261305","targetHints":{"allow":["GET"]}}],"collection":[{"href":"https:\/\/www.europesays.com\/es\/wp-json\/wp\/v2\/posts"}],"about":[{"href":"https:\/\/www.europesays.com\/es\/wp-json\/wp\/v2\/types\/post"}],"author":[{"embeddable":true,"href":"https:\/\/www.europesays.com\/es\/wp-json\/wp\/v2\/users\/2"}],"replies":[{"embeddable":true,"href":"https:\/\/www.europesays.com\/es\/wp-json\/wp\/v2\/comments?post=261305"}],"version-history":[{"count":0,"href":"https:\/\/www.europesays.com\/es\/wp-json\/wp\/v2\/posts\/261305\/revisions"}],"wp:featuredmedia":[{"embeddable":true,"href":"https:\/\/www.europesays.com\/es\/wp-json\/wp\/v2\/media\/261306"}],"wp:attachment":[{"href":"https:\/\/www.europesays.com\/es\/wp-json\/wp\/v2\/media?parent=261305"}],"wp:term":[{"taxonomy":"category","embeddable":true,"href":"https:\/\/www.europesays.com\/es\/wp-json\/wp\/v2\/categories?post=261305"},{"taxonomy":"post_tag","embeddable":true,"href":"https:\/\/www.europesays.com\/es\/wp-json\/wp\/v2\/tags?post=261305"}],"curies":[{"name":"wp","href":"https:\/\/api.w.org\/{rel}","templated":true}]}}