{"id":261307,"date":"2025-11-29T01:47:10","date_gmt":"2025-11-29T01:47:10","guid":{"rendered":"https:\/\/www.europesays.com\/es\/261307\/"},"modified":"2025-11-29T01:47:10","modified_gmt":"2025-11-29T01:47:10","slug":"diva-vuelve-a-enamorar-en-la-voz-con-su-fado-en-la-primera-semifinal","status":"publish","type":"post","link":"https:\/\/www.europesays.com\/es\/261307\/","title":{"rendered":"Diva vuelve a enamorar en La Voz con su fado en la primera Semifinal"},"content":{"rendered":"<p><b>Diva <\/b>estren\u00f3 equipo en la primera semifinal de La Voz. La talent portuguesa, que inicialmente eligi\u00f3 a <b>Mal\u00fa<\/b>, termin\u00f3 formando parte del equipo de <b>Mika <\/b>tras ser robada en los Asaltos, un giro que marc\u00f3 su camino en el concurso.<\/p>\n<p>En esta ocasi\u00f3n, <b>Diva <\/b>apuesta por la esencia que la define y que enamor\u00f3 al p\u00fablico desde el primer d\u00eda: el fado. La artista interpreta <b>\u2018Can\u00e7ao do mar\u2019<\/b> de <b>Dulce Pontes<\/b>, un tema cargado de emoci\u00f3n y ra\u00edces que le permite mostrar esa sensibilidad \u00fanica con la que ya ha dejado huella en el programa.<\/p>\n<p>Con una actuaci\u00f3n profunda, elegante y llena de verdad, <b>Diva <\/b>ha hipnotizado a su coach durante todo el tema. \u00abHas dejado el mundo alrededor de ti para meterte en la canci\u00f3n sin pensar en las consecuencias\u00bb, ha querido recalcar <b>Mika<\/b>. \u00a1Disfruta de la actuaci\u00f3n de la talent al completo en el v\u00eddeo de arriba!<\/p>\n<p>   <img decoding=\"async\" title=\"Yatra abandona el plat\u00f3 tras la espectacular actuaci\u00f3n de un talent\" alt=\"Yatra abandona el plat\u00f3 tras la espectacular actuaci\u00f3n de un talent\" width=\"480\" height=\"270\" src=\"https:\/\/www.europesays.com\/es\/wp-content\/uploads\/2025\/11\/yatra-abandona-plato-espectacular-actuacion-talent_70.jpg\" loading=\"lazy\" class=\"lazy\"\/><\/p>\n","protected":false},"excerpt":{"rendered":"Diva estren\u00f3 equipo en la primera semifinal de La Voz. La talent portuguesa, que inicialmente eligi\u00f3 a Mal\u00fa,&hellip;\n","protected":false},"author":2,"featured_media":261308,"comment_status":"","ping_status":"","sticky":false,"template":"","format":"standard","meta":{"footnotes":""},"categories":[171],"tags":[146,147,25,24,23,214],"class_list":{"0":"post-261307","1":"post","2":"type-post","3":"status-publish","4":"format-standard","5":"has-post-thumbnail","7":"category-tv","8":"tag-entertainment","9":"tag-entretenimiento","10":"tag-es","11":"tag-espana","12":"tag-spain","13":"tag-tv"},"share_on_mastodon":{"url":"https:\/\/pubeurope.com\/@es\/115630470113237645","error":""},"_links":{"self":[{"href":"https:\/\/www.europesays.com\/es\/wp-json\/wp\/v2\/posts\/261307","targetHints":{"allow":["GET"]}}],"collection":[{"href":"https:\/\/www.europesays.com\/es\/wp-json\/wp\/v2\/posts"}],"about":[{"href":"https:\/\/www.europesays.com\/es\/wp-json\/wp\/v2\/types\/post"}],"author":[{"embeddable":true,"href":"https:\/\/www.europesays.com\/es\/wp-json\/wp\/v2\/users\/2"}],"replies":[{"embeddable":true,"href":"https:\/\/www.europesays.com\/es\/wp-json\/wp\/v2\/comments?post=261307"}],"version-history":[{"count":0,"href":"https:\/\/www.europesays.com\/es\/wp-json\/wp\/v2\/posts\/261307\/revisions"}],"wp:featuredmedia":[{"embeddable":true,"href":"https:\/\/www.europesays.com\/es\/wp-json\/wp\/v2\/media\/261308"}],"wp:attachment":[{"href":"https:\/\/www.europesays.com\/es\/wp-json\/wp\/v2\/media?parent=261307"}],"wp:term":[{"taxonomy":"category","embeddable":true,"href":"https:\/\/www.europesays.com\/es\/wp-json\/wp\/v2\/categories?post=261307"},{"taxonomy":"post_tag","embeddable":true,"href":"https:\/\/www.europesays.com\/es\/wp-json\/wp\/v2\/tags?post=261307"}],"curies":[{"name":"wp","href":"https:\/\/api.w.org\/{rel}","templated":true}]}}