{"id":261309,"date":"2025-11-29T01:48:12","date_gmt":"2025-11-29T01:48:12","guid":{"rendered":"https:\/\/www.europesays.com\/es\/261309\/"},"modified":"2025-11-29T01:48:12","modified_gmt":"2025-11-29T01:48:12","slug":"dua-lipa-la-hija-de-refugiados-convertida-en-estrella-que-se-casara-con-galan-de-cine","status":"publish","type":"post","link":"https:\/\/www.europesays.com\/es\/261309\/","title":{"rendered":"Dua Lipa: la hija de refugiados convertida en estrella que se casar\u00e1 con gal\u00e1n de cine"},"content":{"rendered":"<p class=\"font--secondary\">La brit\u00e1nica <b>Dua Lipa<\/b> ha lanzado tres \u00e1lbumes: \u2018<b>Dua Lipa<\/b>\u2019, en el 2017; \u2018<b>Future nostalgia<\/b>\u2019, en el 2020 y \u2018<b>Radical optimism<\/b>\u2019, en 2024. Parecen pocos, pero han sido suficientes para elevarla a la categor\u00eda de estrella. Actualmente est\u00e1 de gira por el mundo con el tour nombrado como su m\u00e1s reciente trabajo. En cada pa\u00eds sorprende con la interpretaci\u00f3n de un tema representativo. En Iberoam\u00e9rica lo ha hecho en perfecto espa\u00f1ol: en Lima, eligi\u00f3 Cari\u00f1ito; en Santiago de Chile, Tu falta de querer; en Buenos Aires, De m\u00fasica ligera; y en Espa\u00f1a, H\u00e9roe, de Enrique Iglesias. Y es que a pesar de tener en su haber varios discos de platino por sus ventas y descargas, tres premios Grammy y siete Brit Awards, la artista, nacida el 22 de agosto de 1995,<b> <\/b>no solo canta, sino que anhela una relaci\u00f3n m\u00e1s \u00edntima con su p\u00fablico. \u201cConvertir un estadio en un bar\u201d, mencion\u00f3 a Vogue en una entrevista, sobre lo que busca en sus shows.<\/p>\n<p><img alt=\"Dua Lipa disfrut\u00f3 de Bogot\u00e1 y hoy canta en El Camp\u00edn.&#10;\" class=\"ImageArticle-Image\" src=\"https:\/\/www.europesays.com\/es\/wp-content\/uploads\/2025\/11\/I2AOWVUMYPUXIHELFNQZ7HZH3U.jpg\" width=\"4323\" height=\"2882\" loading=\"eager\" decoding=\"async\" fetchpriority=\"high\"\/><\/p>\n<p>Dua Lipa disfrut\u00f3 de Bogot\u00e1 y hoy canta en El Camp\u00edn.\n<\/p>\n<p>Fotograf\u00eda por: JOSE SENA GOULAO<\/p>\n<p class=\"font--secondary\">A Colombia vino como parte de su gira <b>\u2018Radical Optimism\u2019<\/b>, un tour que la llev\u00f3 a Australia y Europa para luego aterrizar en Am\u00e9rica Latina. Hubiera podido llegar horas antes del concierto a Bogot\u00e1 y aguardar en el hotel hasta el momento de presentarse, pero no lo hizo as\u00ed. Adem\u00e1s de visitar restaurantes, algo que, seg\u00fan cuenta, le encanta hacer con su novio, fue con sus acompa\u00f1antes, entre ellos sus padres, hermanos y su prometido, al centro de Bogot\u00e1, estuvo en el tradicional Chorro de Quevedo y visit\u00f3 museos.<\/p>\n<p><b id=\"title-1\">Dua Lipa es hija de refugiados \u00bfQui\u00e9nes son sus padres?<\/b><\/p>\n<p class=\"font--secondary\">La artista fue la primera hija de <b>Anesa y Dukagjin, <\/b>una pareja refugiada albanokosovares, que lleg\u00f3 a Londres en 1992, tres a\u00f1os antes de que ella naciera, en medio del desplazamiento que se gener\u00f3 por la guerra en los pa\u00edses balc\u00e1nicos. <\/p>\n<p><a class=\"Button Button_whatsapp\" href=\"https:\/\/whatsapp.com\/channel\/0029Va0BUTKJpe8fOWBXwe2V\" target=\"_blank\" rel=\"noopener noreferrer nofollow\" id=\"Whatsapp-Inside-Article\" buttontype=\"outlined\" buttonstyle=\"neutral\">Sigue a la Revista Vea en WhatsApp<\/a><\/p>\n<p class=\"font--secondary\">Dua comparti\u00f3 su infancia y adolescencia con su hermana <b>Rina<\/b>, quien naci\u00f3 cinco a\u00f1os despu\u00e9s de ella, y su hermano, <b>Gjin<\/b>, nacido en 2005. El valor de la familia ha sido una piedra angular en su carrera y se evidencia en las giras. La estrella procura viajar con sus padres y hermanos.<\/p>\n<p class=\"font--secondary\">En el relato que Vogue hizo de la vida de la estrella tuvo en cuenta declaraciones de sus padres, hermanos y algunas de sus amigas. Revel\u00f3 que Dua todav\u00eda conserva su amistad con <b>Mia<\/b>, una de sus compa\u00f1eras de escuela en la primaria del noroeste de Londres y hasta hoy siguen siendo cercanas. Para esa publicaci\u00f3n, Mia record\u00f3 que siempre estaban bailando en los descansos y luego le presentaban a los maestros las coreograf\u00edas de <b>Britney Spears y Pink,<\/b> que eran las estrellas de la \u00e9poca. El padre de Dua adem\u00e1s de ser experto en marketing, tambi\u00e9n era m\u00fasico. Su hija era su fan\u00e1tica principal.<\/p>\n<p class=\"font--secondary\">Cuando era una peque\u00f1a con muchos sue\u00f1os y viv\u00eda en Londres, quiso entrar en el coro del colegio, pero fue rechazada. En aquel entonces, su voz no sonaba como ahora y le costaba alcanzar las notas altas, por eso no la seleccionaron.<\/p>\n<p><b id=\"title-2\">La vida de Dua Lipa en Kosovo<\/b><\/p>\n<p class=\"font--secondary\">Cuando Dua ten\u00eda 9 a\u00f1os, lleg\u00f3 la paz a Kosovo y la familia decidi\u00f3 regresar a Pristina, aprovechando que una nueva oportunidad laboral lleg\u00f3 para el padre de la artista. Fue all\u00ed que su pasi\u00f3n por la m\u00fasica aument\u00f3. \u201cSiempre hab\u00eda m\u00fasica en casa. Jug\u00e1bamos a las cartas hasta altas horas de la noche, le\u00edamos libros. Obviamente, Dua cantaba todo el tiempo\u201d, dijo Rina a Vogue. Al tiempo, Dukagjin, el padre, formaba parte de una banda de rock llamada Oda y adem\u00e1s hac\u00eda parte de la producci\u00f3n de conciertos, una actividad que acerc\u00f3 a\u00fan m\u00e1s a su hija mayor al mundo art\u00edstico. Ella segu\u00eda observando el entorno musical y tomando clases de m\u00fasica.<\/p>\n<p class=\"font--secondary\">Al cumplir 15 a\u00f1os no ten\u00eda dudas: cantar era lo que quer\u00eda hacer por el resto de su vida, por eso se traslad\u00f3 a Londres, donde vivi\u00f3 con una pareja amiga de sus padres.<\/p>\n<p class=\"font--secondary\">Pronto, sus compa\u00f1eros de secundaria se dieron cuenta que Dua no era una estudiante cualquiera, algunos advert\u00edan que ten\u00edan en frente a la futura estrella de la m\u00fasica. El primer \u00e9xito lleg\u00f3 como en los tiempos modernos, en la digitalidad de Youtube. Mientras aparec\u00eda el contrato con una disquera, Dua segu\u00eda componiendo y trabajaba como mesera en un restaurante mexicano. Luego se convirti\u00f3 en modelo. <\/p>\n<p class=\"font--secondary\">Despu\u00e9s de firmar con TaP Management, empresa dirigida por Ben Mawson y Ed Millett, la artista comenz\u00f3 a recibir un sueldo por dedicarse de lleno a la m\u00fasica. Ah\u00ed comenz\u00f3 un sendero profesional que pronto la llevar\u00eda a grabar su primer \u00e1lbum.<\/p>\n<p class=\"font--secondary\">Ahora que tiene 30 y su gran \u00e9xito, <b>&#8216;<\/b><b>Be The One\u2019, <\/b>cumpli\u00f3 una d\u00e9cada,<b> <\/b>Dua Lipa le dijo a Vogue. \u201c<b>Me siento m\u00e1s segura que nunca. Me siento muy empoderada y fuerte.<\/b> <b>Me siento bien cuando comparto mi energ\u00eda con la gente en el escenario. Hay mucho de eso que me enorgullece de mi cuerpo y de c\u00f3mo me sostiene<\/b>\u201d.<\/p>\n<p><b id=\"title-3\">Dua Lipa y su amor por Callum Turner<\/b><\/p>\n<p class=\"font--secondary\">La int\u00e9rprete de \u201cLevitating\u201d es una mujer muy familiar. Su padre, quien la maneja desde el 2022, y varios de los suyos se van de gira con ella. Tambi\u00e9n hay tiempo para el amor. Despu\u00e9s de varias relaciones, una de ellas con <b>Anwar<\/b>, hermano de Gigi y Bella Haddid, conoci\u00f3 a <b>Callum Turner,<\/b> actor brit\u00e1nico de producciones como \u2018Animales fant\u00e1sticos\u2019 y \u2018Los Borgia\u2019. Su primer encuentro fue en el River caf\u00e9 de Londres y luego se volvieron a ver en Nueva York y Los \u00c1ngeles. <\/p>\n<p class=\"font--secondary\">Su relaci\u00f3n comenz\u00f3 en el 2023 y se oficializ\u00f3 a comienzos del 2024, en la fiesta de los premios BAFTA en Londres. <b>En junio de este a\u00f1o, la cantante confirm\u00f3 que Callum le hab\u00eda propuesto matrimonio<\/b>. El novio, adem\u00e1s, dise\u00f1\u00f3 el anillo de compromiso pensando en plasmar la personalidad de la artista, algo que simplemente la hizo alucinar. \u201cEsta decisi\u00f3n de envejecer juntos, de ver una vida y, simplemente, ser mejores amigos para siempre, es una sensaci\u00f3n realmente especial\u201d, le dijo a Vogue cuando habl\u00f3 de sus sentimientos.<\/p>\n<p><b id=\"title-4\">Las empresas y la fortuna de Dua Lipa<\/b><\/p>\n<p class=\"font--secondary\">Lipa es una marca consolidada y no hablamos solo de m\u00fasica. La artista, que es due\u00f1a de los derechos de sus temas, abri\u00f3 una secci\u00f3n en su compa\u00f1\u00eda dedicada al cine. Tambi\u00e9n se interesa por la literatura y los productos digitales. Las publicaciones especializadas estiman que tiene una fortuna cercana a los <b>160 millones de d\u00f3lares, <\/b>cifre que la convierte en una de las artistas brit\u00e1nicas m\u00e1s ricas.<\/p>\n<p class=\"font--secondary\"><a href=\"https:\/\/www.elespectador.com\/revista-vea\/\" target=\"_self\" rel=\"nofollow noopener\" title=\"https:\/\/elespectador.com\/revista-vea\/\">Aqu\u00ed m\u00e1s noticias que son tendencia<\/a><\/p>\n","protected":false},"excerpt":{"rendered":"La brit\u00e1nica Dua Lipa ha lanzado tres \u00e1lbumes: \u2018Dua Lipa\u2019, en el 2017; \u2018Future nostalgia\u2019, en el 2020&hellip;\n","protected":false},"author":2,"featured_media":261310,"comment_status":"","ping_status":"","sticky":false,"template":"","format":"standard","meta":{"footnotes":""},"categories":[170],"tags":[14008,146,147,25,24,65213,184,185,22771,23],"class_list":{"0":"post-261309","1":"post","2":"type-post","3":"status-publish","4":"format-standard","5":"has-post-thumbnail","7":"category-musica","8":"tag-dua-lipa","9":"tag-entertainment","10":"tag-entretenimiento","11":"tag-es","12":"tag-espana","13":"tag-future-nostalgia","14":"tag-music","15":"tag-musica","16":"tag-radical-optimism","17":"tag-spain"},"share_on_mastodon":{"url":"https:\/\/pubeurope.com\/@es\/115630474140389829","error":""},"_links":{"self":[{"href":"https:\/\/www.europesays.com\/es\/wp-json\/wp\/v2\/posts\/261309","targetHints":{"allow":["GET"]}}],"collection":[{"href":"https:\/\/www.europesays.com\/es\/wp-json\/wp\/v2\/posts"}],"about":[{"href":"https:\/\/www.europesays.com\/es\/wp-json\/wp\/v2\/types\/post"}],"author":[{"embeddable":true,"href":"https:\/\/www.europesays.com\/es\/wp-json\/wp\/v2\/users\/2"}],"replies":[{"embeddable":true,"href":"https:\/\/www.europesays.com\/es\/wp-json\/wp\/v2\/comments?post=261309"}],"version-history":[{"count":0,"href":"https:\/\/www.europesays.com\/es\/wp-json\/wp\/v2\/posts\/261309\/revisions"}],"wp:featuredmedia":[{"embeddable":true,"href":"https:\/\/www.europesays.com\/es\/wp-json\/wp\/v2\/media\/261310"}],"wp:attachment":[{"href":"https:\/\/www.europesays.com\/es\/wp-json\/wp\/v2\/media?parent=261309"}],"wp:term":[{"taxonomy":"category","embeddable":true,"href":"https:\/\/www.europesays.com\/es\/wp-json\/wp\/v2\/categories?post=261309"},{"taxonomy":"post_tag","embeddable":true,"href":"https:\/\/www.europesays.com\/es\/wp-json\/wp\/v2\/tags?post=261309"}],"curies":[{"name":"wp","href":"https:\/\/api.w.org\/{rel}","templated":true}]}}