{"id":261311,"date":"2025-11-29T01:50:29","date_gmt":"2025-11-29T01:50:29","guid":{"rendered":"https:\/\/www.europesays.com\/es\/261311\/"},"modified":"2025-11-29T01:50:29","modified_gmt":"2025-11-29T01:50:29","slug":"el-cd-tenerife-refuerza-este-sabado-su-compromiso-con-la-lucha-canaria-cd-tenerife","status":"publish","type":"post","link":"https:\/\/www.europesays.com\/es\/261311\/","title":{"rendered":"El CD Tenerife refuerza este s\u00e1bado su compromiso con la lucha canaria | CD Tenerife"},"content":{"rendered":"<p>La brega nos une, el lema que ha encabezado la campa\u00f1a de abonos del CD Tenerife en la presente temporada, ser\u00e1 el hilo conductor de las actividades previstas en torno al partido de este s\u00e1bado con el CD Arenteiro. Para ello, el club y su Fundaci\u00f3n han organizado una exhibici\u00f3n de Lucha Canaria, a cargo de j\u00f3venes exponentes del deporte vern\u00e1culo, que tendr\u00e1 lugar en el descanso del encuentro.<\/p>\n<p>La iniciativa contar\u00e1 con la presentaci\u00f3n del periodista Jos\u00e9 Manuel Pitti, quien tambi\u00e9n puso voz a la campa\u00f1a, encarg\u00e1ndose de comentar la exhibici\u00f3n de integrantes de las escuelas del CL Rosario, de Valle Guerra, y del CL Campitos, de la capital.<\/p>\n<p>Adem\u00e1s, en la previa del partido, Jos\u00e9 Manuel Pitti tambi\u00e9n ser\u00e1 el protagonista invitado para la interpretaci\u00f3n del Riqui-Raca, encargado de guiar a los aficionados en la entonaci\u00f3n de este c\u00e1ntico de \u00e1nimo. Como en ocasiones previas, el popular periodista, micro en mano y sobre el c\u00e9sped, entonar\u00e1 tres veces, de manera consecutiva, el grito cl\u00e1sico \u00a1Teneriiiiife!, para continuar con la letra del\u00a0Riqui-Raca.<\/p>\n<blockquote>\n<p><strong>Muestra del deporte vern\u00e1culo<\/strong><\/p>\n<\/blockquote>\n<p>Los luchadores participantes en la exhibici\u00f3n, organizada en colaboraci\u00f3n con los clubes referidos, ser\u00e1n los siguientes. Por parte del CL Rosario, David Hern\u00e1ndez, Kilian Pimienta, Borja Siverio, Lucas Reyes, Daniel Izquierdo, Guillermo Garc\u00eda, Javier Garc\u00eda, Shamira Trujillo, Luc\u00eda D\u00edaz y Gisela Dorta, actuando de mandador Iv\u00e1n Siverio.<\/p>\n<p>Por parte del CL Campitos, que tendr\u00e1 de mandador a Ayoze Pimienta, los participantes ser\u00e1n Sa\u00fal Gonz\u00e1lez, Iriome Torres, Diego D\u00edaz, Erick Pimienta, Aray Pinto, Iker Gonz\u00e1lez, Adri\u00e1n Adri\u00e1n, Aroa Mart\u00edn, Paula Adri\u00e1n y Aimar Mart\u00ednez.\u00a0La exhibici\u00f3n se realizar\u00e1 con la intervenci\u00f3n simult\u00e1nea de diez parejas, efectuando diversas ma\u00f1as, al tiempo que Jos\u00e9 Manuel Pitti comentar\u00e1 detalles sobre la historia de la Lucha Canaria y su evoluci\u00f3n.<\/p>\n<p>Adem\u00e1s, el CD Tenerife y su Fundaci\u00f3n han invitado a presenciar el partido a representaciones no solo de los clubes citados, sino tambi\u00e9n de otros del \u00e1rea Metropolitana, como son los casos del CL Guamasa, UD Tacuense, CL Tegueste y CL Llano del Moro. El prop\u00f3sito es que esta experiencia pueda repetirse en otros encuentros de la presente temporada, con escuelas de otras comarcas de la Isla, visibilizando as\u00ed el compromiso del representativo con la Lucha Canaria, tal y como reza su lema La brega nos une.<\/p>\n<p>#TenerifeArenteiro #DISAF\u00cdO #LaBregaNosUne<\/p>\n","protected":false},"excerpt":{"rendered":"La brega nos une, el lema que ha encabezado la campa\u00f1a de abonos del CD Tenerife en la&hellip;\n","protected":false},"author":2,"featured_media":261312,"comment_status":"","ping_status":"","sticky":false,"template":"","format":"standard","meta":{"footnotes":""},"categories":[93],"tags":[168,25,24,23,167],"class_list":{"0":"post-261311","1":"post","2":"type-post","3":"status-publish","4":"format-standard","5":"has-post-thumbnail","7":"category-deportes","8":"tag-deportes","9":"tag-es","10":"tag-espana","11":"tag-spain","12":"tag-sports"},"share_on_mastodon":{"url":"https:\/\/pubeurope.com\/@es\/115630481339948446","error":""},"_links":{"self":[{"href":"https:\/\/www.europesays.com\/es\/wp-json\/wp\/v2\/posts\/261311","targetHints":{"allow":["GET"]}}],"collection":[{"href":"https:\/\/www.europesays.com\/es\/wp-json\/wp\/v2\/posts"}],"about":[{"href":"https:\/\/www.europesays.com\/es\/wp-json\/wp\/v2\/types\/post"}],"author":[{"embeddable":true,"href":"https:\/\/www.europesays.com\/es\/wp-json\/wp\/v2\/users\/2"}],"replies":[{"embeddable":true,"href":"https:\/\/www.europesays.com\/es\/wp-json\/wp\/v2\/comments?post=261311"}],"version-history":[{"count":0,"href":"https:\/\/www.europesays.com\/es\/wp-json\/wp\/v2\/posts\/261311\/revisions"}],"wp:featuredmedia":[{"embeddable":true,"href":"https:\/\/www.europesays.com\/es\/wp-json\/wp\/v2\/media\/261312"}],"wp:attachment":[{"href":"https:\/\/www.europesays.com\/es\/wp-json\/wp\/v2\/media?parent=261311"}],"wp:term":[{"taxonomy":"category","embeddable":true,"href":"https:\/\/www.europesays.com\/es\/wp-json\/wp\/v2\/categories?post=261311"},{"taxonomy":"post_tag","embeddable":true,"href":"https:\/\/www.europesays.com\/es\/wp-json\/wp\/v2\/tags?post=261311"}],"curies":[{"name":"wp","href":"https:\/\/api.w.org\/{rel}","templated":true}]}}