{"id":261313,"date":"2025-11-29T01:52:13","date_gmt":"2025-11-29T01:52:13","guid":{"rendered":"https:\/\/www.europesays.com\/es\/261313\/"},"modified":"2025-11-29T01:52:13","modified_gmt":"2025-11-29T01:52:13","slug":"brotes-de-sarampion-en-59-paises-evidencian-fragilidad-de-la-cobertura-vacunal-mundial","status":"publish","type":"post","link":"https:\/\/www.europesays.com\/es\/261313\/","title":{"rendered":"Brotes de sarampi\u00f3n en 59 pa\u00edses evidencian fragilidad de la cobertura vacunal mundial"},"content":{"rendered":"<p>Aunque las muertes por <a href=\"https:\/\/consultorsalud.com.mx\/jalisco-rebasa-200-contagios-de-sarampion\/\" rel=\"nofollow noopener\" target=\"_blank\">sarampi\u00f3n<\/a> han disminuido un 88 % desde el a\u00f1o 2000 gracias a las campa\u00f1as de vacunaci\u00f3n, el mundo enfrenta un aumento preocupante de casos. El nuevo informe de la <a href=\"https:\/\/www.who.int\/es\" target=\"_blank\" rel=\"noopener nofollow\">Organizaci\u00f3n Mundial de la Salud (OMS)<\/a> advierte que la cobertura vacunal sigue siendo insuficiente y que los brotes est\u00e1n creciendo, poniendo en riesgo los avances logrados en las \u00faltimas dos d\u00e9cadas.<\/p>\n<p>Reducci\u00f3n hist\u00f3rica de muertes por sarampi\u00f3n, pero con un repunte global de infecciones<\/p>\n<p>El sarampi\u00f3n sigue siendo una de las enfermedades virales m\u00e1s contagiosas del mundo, pero tambi\u00e9n una de las m\u00e1s prevenibles mediante vacunaci\u00f3n. <strong>El informe m\u00e1s reciente de la OMS destaca que, entre 2000 y 2024, las actividades de inmunizaci\u00f3n permitieron reducir en 88 % las muertes por la enfermedad.<\/strong> Se estima que la vacunaci\u00f3n ha salvado la vida de casi 59 millones de personas en ese periodo, reflejando uno de los mayores logros de salud p\u00fablica mundial.<\/p>\n<p>Sin embargo, esta reducci\u00f3n de mortalidad contrasta con un repunte sostenido de infecciones. <strong>Solo en 2024 se registraron 11 millones de casos, casi 800 000 m\u00e1s que en 2019, antes de la pandemia. <\/strong>A pesar de que la cifra de fallecimientos, alrededor de 95 000, en su mayor\u00eda menores de 5 a\u00f1os, es una de las m\u00e1s bajas desde el a\u00f1o 2000, la OMS advierte que estas muertes siguen siendo \u201cinaceptables\u201d, dado que la vacuna contra el sarampi\u00f3n es altamente eficaz, segura y de bajo costo.<\/p>\n<p>El Dr. Tedros Adhanom Ghebreyesus, Director General de la OMS, record\u00f3 que \u201cEl virus del sarampi\u00f3n es el m\u00e1s contagioso que existe, y estos datos muestran una vez m\u00e1s c\u00f3mo aprovecha cualquier brecha en nuestras defensas colectivas\u201d.<\/p>\n<p>Aumento desigual de casos por regiones: avances en \u00c1frica, retrocesos en Europa y Asia<\/p>\n<p>El repunte del sarampi\u00f3n no afecta de manera homog\u00e9nea a todas las regiones. Entre 2019 y 2024, los casos aumentaron:<\/p>\n<p><a data-no-instant=\"1\" href=\"https:\/\/consultorsalud.com.mx\/categoria\/actualidad\/\" rel=\"noopener nofollow\" class=\"a2t-link\" aria-label=\"700x250_desktop-MEX_septiembre_01\" target=\"_blank\"><img decoding=\"async\" data-lazyloaded=\"1\" loading=\"lazy\" src=\"https:\/\/www.europesays.com\/es\/wp-content\/uploads\/2025\/11\/700x250_desktop-MEX_septiembre_01.webp.webp\" alt=\"\"  data- width=\"700\" height=\"250\"\/><\/a><\/p>\n<ul class=\"wp-block-list\">\n<li>86 % en la Regi\u00f3n del Mediterr\u00e1neo Oriental<\/li>\n<li>47 % en la Regi\u00f3n de Europa<\/li>\n<li>42 % en la Regi\u00f3n de Asia Sudoriental<\/li>\n<\/ul>\n<p>En contraste, la Regi\u00f3n de \u00c1frica registr\u00f3 una disminuci\u00f3n del 40 % en los casos y del 50 % en las muertes, un logro atribuido al aumento de la cobertura vacunal en varios pa\u00edses del continente.<\/p>\n<p>A pesar de estas diferencias, la OMS advierte que todos los ni\u00f1os infectados siguen expuestos a complicaciones graves como neumon\u00eda, encefalitis, ceguera o afectaciones permanentes del desarrollo.<\/p>\n<p>Cobertura vacunal insuficiente: m\u00e1s de 30 millones de ni\u00f1os siguen sin protecci\u00f3n<\/p>\n<p>La OMS y UNICEF estiman que en 2024 el 84 % de los ni\u00f1os recibi\u00f3 la primera dosis de la vacuna contra el sarampi\u00f3n, pero solo 76 % recibi\u00f3 la segunda. La brecha entre ambas dosis contin\u00faa siendo una de las mayores amenazas para el control de la enfermedad.<\/p>\n<p>Para detener la transmisi\u00f3n y evitar brotes se requiere una cobertura m\u00ednima del 95 % con ambas dosis, un umbral que la mayor\u00eda de los pa\u00edses est\u00e1 lejos de alcanzar.<\/p>\n<p>En 2024:<\/p>\n<ul class=\"wp-block-list\">\n<li>M\u00e1s de 30 millones de ni\u00f1os no ten\u00edan protecci\u00f3n suficiente.<\/li>\n<li>Tres cuartas partes de ellos viven en \u00c1frica y el Mediterr\u00e1neo Oriental, regiones marcadas por conflictos, pobreza extrema o limitado acceso a servicios de salud.<\/li>\n<\/ul>\n<p>La OMS advierte que la ca\u00edda de la cobertura sistem\u00e1tica suele ser el primer paso hacia la reaparici\u00f3n de la enfermedad. El informe destaca que el sarampi\u00f3n es \u201cla primera enfermedad en resurgir cuando desciende la cobertura vacunal\u201d.<\/p>\n<p>Brotes en aumento: la cifra m\u00e1s alta desde el inicio de la pandemia<\/p>\n<p>El a\u00f1o 2024 marc\u00f3 un punto cr\u00edtico: 59 pa\u00edses notificaron brotes de sarampi\u00f3n de gran magnitud o perturbadores, casi el triple que en 2021 y la cifra m\u00e1s alta desde el inicio de la pandemia de COVID-19.<\/p>\n<p>En todas las regiones, excepto en las Am\u00e9ricas, hubo al menos un brote importante. Sin embargo, la situaci\u00f3n cambi\u00f3 en 2025, cuando los pa\u00edses del continente americano empezaron tambi\u00e9n a reportar aumentos significativos.<\/p>\n<p>Los avances en vigilancia epidemiol\u00f3gica han mejorado la capacidad global de detectar brotes y reaccionar con rapidez. En 2024, los 760 laboratorios de la Red Mundial OMS de Laboratorios para la Detecci\u00f3n del Sarampi\u00f3n y la Rub\u00e9ola procesaron m\u00e1s de 500 000 muestras, un incremento del 27 % frente al a\u00f1o anterior.<\/p>\n<p>No obstante, la OMS advierte sobre un riesgo creciente:<\/p>\n<ul class=\"wp-block-list\">\n<li>recortes profundos en la financiaci\u00f3n de los programas de inmunizaci\u00f3n,<\/li>\n<li>debilitamiento de las capacidades de vigilancia,<\/li>\n<li>y brechas crecientes en la inmunidad poblacional.<\/li>\n<\/ul>\n<p>Si estos factores persisten, los expertos anticipan que en 2026 podr\u00edan declararse nuevos brotes de gran magnitud.<\/p>\n<p>Avances hacia la eliminaci\u00f3n del sarampi\u00f3n: logros y retrocesos<\/p>\n<p>El informe se\u00f1ala que, aunque se han alcanzado progresos, el mundo sigue lejos de la meta global de eliminaci\u00f3n establecida en la Agenda de Inmunizaci\u00f3n 2030 (AI2030). Al cierre de 2024:<\/p>\n<ul class=\"wp-block-list\">\n<li>81 pa\u00edses (42 %) hab\u00edan logrado eliminar el sarampi\u00f3n<\/li>\n<li>solo tres m\u00e1s que antes de la pandemia<\/li>\n<\/ul>\n<p>En 2025 se registraron avances importantes:<\/p>\n<ul class=\"wp-block-list\">\n<li>La eliminaci\u00f3n fue verificada en Cabo Verde, Mauricio y Seychelles, los primeros pa\u00edses africanos en lograrlo.<\/li>\n<li>Varios pa\u00edses insulares del Pac\u00edfico tambi\u00e9n alcanzaron la eliminaci\u00f3n.<\/li>\n<\/ul>\n<p>De este modo, 96 pa\u00edses han eliminado el sarampi\u00f3n.<\/p>\n<p>En contraste, la Regi\u00f3n de las Am\u00e9ricas \u2014\u00fanica en lograr la verificaci\u00f3n en dos ocasiones\u2014 volvi\u00f3 a perder su condici\u00f3n en noviembre de 2025 debido a la transmisi\u00f3n sostenida en Canad\u00e1.<\/p>\n<p>El sarampi\u00f3n ha resurgido incluso en pa\u00edses de ingresos altos, donde la cobertura global puede ser alta pero existen comunidades con tasas de vacunaci\u00f3n por debajo del 95%.<\/p>\n<p>El desaf\u00edo para 2030: sostener la inversi\u00f3n y cerrar brechas de inmunizaci\u00f3n<\/p>\n<p>Para alcanzar la eliminaci\u00f3n mundial del sarampi\u00f3n, la OMS insiste en la necesidad de:<\/p>\n<ul class=\"wp-block-list\">\n<li>compromiso pol\u00edtico sostenido,<\/li>\n<li>inversiones nacionales estables,<\/li>\n<li>vacunaci\u00f3n con dos dosis para todos los ni\u00f1os,<\/li>\n<li>vigilancia robusta que permita detectar brotes tempranos,<\/li>\n<li>y campa\u00f1as de alta calidad cuando la inmunizaci\u00f3n sistem\u00e1tica sea insuficiente.<\/li>\n<\/ul>\n<p>La AI2030 llama a los pa\u00edses a fortalecer sus programas de inmunizaci\u00f3n y garantizar que las brechas financieras no frenen la eliminaci\u00f3n de una enfermedad prevenible mediante una vacuna eficaz y accesible.<\/p>\n","protected":false},"excerpt":{"rendered":"Aunque las muertes por sarampi\u00f3n han disminuido un 88 % desde el a\u00f1o 2000 gracias a las campa\u00f1as&hellip;\n","protected":false},"author":2,"featured_media":261314,"comment_status":"","ping_status":"","sticky":false,"template":"","format":"standard","meta":{"footnotes":""},"categories":[92],"tags":[25,24,165,166,23],"class_list":{"0":"post-261313","1":"post","2":"type-post","3":"status-publish","4":"format-standard","5":"has-post-thumbnail","7":"category-salud","8":"tag-es","9":"tag-espana","10":"tag-health","11":"tag-salud","12":"tag-spain"},"share_on_mastodon":{"url":"https:\/\/pubeurope.com\/@es\/115630489665852949","error":""},"_links":{"self":[{"href":"https:\/\/www.europesays.com\/es\/wp-json\/wp\/v2\/posts\/261313","targetHints":{"allow":["GET"]}}],"collection":[{"href":"https:\/\/www.europesays.com\/es\/wp-json\/wp\/v2\/posts"}],"about":[{"href":"https:\/\/www.europesays.com\/es\/wp-json\/wp\/v2\/types\/post"}],"author":[{"embeddable":true,"href":"https:\/\/www.europesays.com\/es\/wp-json\/wp\/v2\/users\/2"}],"replies":[{"embeddable":true,"href":"https:\/\/www.europesays.com\/es\/wp-json\/wp\/v2\/comments?post=261313"}],"version-history":[{"count":0,"href":"https:\/\/www.europesays.com\/es\/wp-json\/wp\/v2\/posts\/261313\/revisions"}],"wp:featuredmedia":[{"embeddable":true,"href":"https:\/\/www.europesays.com\/es\/wp-json\/wp\/v2\/media\/261314"}],"wp:attachment":[{"href":"https:\/\/www.europesays.com\/es\/wp-json\/wp\/v2\/media?parent=261313"}],"wp:term":[{"taxonomy":"category","embeddable":true,"href":"https:\/\/www.europesays.com\/es\/wp-json\/wp\/v2\/categories?post=261313"},{"taxonomy":"post_tag","embeddable":true,"href":"https:\/\/www.europesays.com\/es\/wp-json\/wp\/v2\/tags?post=261313"}],"curies":[{"name":"wp","href":"https:\/\/api.w.org\/{rel}","templated":true}]}}