{"id":261315,"date":"2025-11-29T01:53:13","date_gmt":"2025-11-29T01:53:13","guid":{"rendered":"https:\/\/www.europesays.com\/es\/261315\/"},"modified":"2025-11-29T01:53:13","modified_gmt":"2025-11-29T01:53:13","slug":"si-te-gusta-juego-de-tronos-o-vikingos-esta-sera-tu-nueva-serie-favorita-una-epica-fantasia-medieval-basada-en-el-mito-de-merlin-y-el-rey-arturo","status":"publish","type":"post","link":"https:\/\/www.europesays.com\/es\/261315\/","title":{"rendered":"Si te gusta \u2018Juego de tronos\u2019 o \u2018Vikingos\u2019, esta ser\u00e1 tu nueva serie favorita: una \u00e9pica fantas\u00eda medieval basada en el mito de Merl\u00edn y el Rey Arturo"},"content":{"rendered":"<p><img alt=\"Imagen de 'The Pendragon Cycle'\" class=\"global-image\" decoding=\"async\" fetchpriority=\"high\" height=\"730\" loading=\"eager\" src=\"https:\/\/www.europesays.com\/es\/wp-content\/uploads\/2025\/11\/FA4H6ZH5GVEAJKOOUV6SIJVYM4.webp\" width=\"1296\"\/>Imagen de &#8216;The Pendragon Cycle&#8217;<\/p>\n<p class=\"paragraph\">En la estela de t\u00edtulos emblem\u00e1ticos como <b>Juego de tronos<\/b> y <b>Vikingos<\/b>, una nueva producci\u00f3n busca ganarse un lugar en la cima de la \u00e9pica televisiva: <b>The Pendragon Cycle: Rise of the Merlin<\/b>. La serie, que estrenar\u00e1 su primera temporada el 22 de enero de 2026 en la plataforma <b>DailyWire+<\/b>, ha sido presentada como la gran apuesta de acci\u00f3n real de <b>The Daily Wire<\/b>, seg\u00fan publican tanto la propia compa\u00f1\u00eda como The Hollywood Reporter. Su ambientaci\u00f3n en una Breta\u00f1a sumida en la violencia, las intrigas palaciegas y el choque entre tradiciones ancestrales y la irrupci\u00f3n de una nueva fe remite directamente al universo violento y oscuro que popularizaron los seguidores de las sagas <a href=\"https:\/\/www.infobae.com\/espana\/cultura\/2025\/05\/11\/tierras-perdidas-la-fantasia-medieval-basada-en-un-relato-de-george-rr-martin-que-esconde-una-gran-historia-de-amor-tras-las-camaras\/\" target=\"_blank\" rel=\"noreferrer nofollow noopener\" title=\"https:\/\/www.infobae.com\/espana\/cultura\/2025\/05\/11\/tierras-perdidas-la-fantasia-medieval-basada-en-un-relato-de-george-rr-martin-que-esconde-una-gran-historia-de-amor-tras-las-camaras\/\">medievales <\/a>y las luchas din\u00e1sticas.<\/p>\n<p class=\"paragraph\">Con reminiscencias de la brutalidad y el realismo de <a href=\"https:\/\/www.infobae.com\/espana\/cultura\/2025\/05\/08\/la-epica-pelicula-de-vikingos-del-director-de-nosferatu-que-acaba-de-llegar-a-netflix-y-que-se-basa-en-la-historia-que-inspiro-hamlet\/\" target=\"_blank\" rel=\"noreferrer nofollow noopener\" title=\"https:\/\/www.infobae.com\/espana\/cultura\/2025\/05\/08\/la-epica-pelicula-de-vikingos-del-director-de-nosferatu-que-acaba-de-llegar-a-netflix-y-que-se-basa-en-la-historia-que-inspiro-hamlet\/\">Vikingos<\/a>, la serie adapta las novelas de <b>Stephen R. Lawhead<\/b> y recurre a escenarios agrestes, batallas multitudinarias, pasiones cruzadas y alianzas fr\u00e1giles. Al igual que la producci\u00f3n n\u00f3rdica, el relato no escatima en mostrar la dureza de la conquista, los sacrificios de los clanes y la construcci\u00f3n de una nueva identidad nacional en medio de la desolaci\u00f3n posromana. <\/p>\n<p class=\"paragraph\">Por su parte, la herencia de <a href=\"https:\/\/www.infobae.com\/espana\/cultura\/2025\/01\/29\/el-creador-de-juego-de-tronos-ya-ha-visto-la-proxima-serie-de-su-universo-es-una-adaptacion-tan-fiel-como-podria-desear\/\" target=\"_blank\" rel=\"noreferrer nofollow noopener\" title=\"https:\/\/www.infobae.com\/espana\/cultura\/2025\/01\/29\/el-creador-de-juego-de-tronos-ya-ha-visto-la-proxima-serie-de-su-universo-es-una-adaptacion-tan-fiel-como-podria-desear\/\">Juego de tronos<\/a> asoma a trav\u00e9s de la ambici\u00f3n pol\u00edtica, las traiciones familiares y el peso de la profec\u00eda, donde las fronteras entre la magia y la historia se desdibujan para ofrecer un espect\u00e1culo que combina tono m\u00edtico y discurso contempor\u00e1neo. Dirigida por <b>Jeremy Boreing<\/b>, quien tambi\u00e9n ejerce como productor ejecutivo junto a <b>Ben Shapiro<\/b> y <b>Caleb Robinson<\/b>, la serie marca la incursi\u00f3n m\u00e1s ambiciosa de The Daily Wire en la televisi\u00f3n de gran formato. Boreing, en declaraciones oficiales, situ\u00f3 su estreno como un paso decisivo en el prop\u00f3sito de la compa\u00f1\u00eda por moldear el paisaje cultural: \u201cLa visi\u00f3n de Lawhead transmite un cristianismo visceral en un mundo dominado por el conflicto y la oscuridad, muy parecido al nuestro\u201d. <\/p>\n<p class=\"paragraph\">El reparto est\u00e1 liderado por <b>Tom Sharp<\/b> como Merl\u00edn, acompa\u00f1ado de <b>Rose Reid<\/b>, <b>James Arden<\/b>, <b>Finney Cassidy<\/b> y otros int\u00e9rpretes j\u00f3venes, reforzando la apuesta por un elenco con capacidad de conectar con el p\u00fablico internacional. La narrativa traslada a los espectadores a los siglos IV a VI, un periodo convulso en el que la Breta\u00f1a romana se desmorona y las invasiones amenazan con borrar todo rastro de civilizaci\u00f3n organizada. Merl\u00edn, lejos de limitarse a las funciones tradicionales de consejero o profeta, asume aqu\u00ed el rol de guerrero, l\u00edder militar y puente entre los antiguos druidas y los promotores del cristianismo naciente.<\/p>\n<p><img alt=\"Imagen de 'The Pendragon Cycle'\" class=\"global-image\" decoding=\"async\" fetchpriority=\"low\" height=\"1080\" loading=\"lazy\" src=\"https:\/\/www.europesays.com\/es\/wp-content\/uploads\/2025\/11\/4DDKUGT46VDFDPRS6XYLKK5Z6M.jpg\" width=\"1920\"\/>Imagen de &#8216;The Pendragon Cycle&#8217;<\/p>\n<p class=\"paragraph\">Desde el punto de vista de la producci\u00f3n, <b>The Pendragon Cycle: Rise of the Merlin<\/b> cuenta con la colaboraci\u00f3n de Bonfire Legend, Hero Squared y Tirian Films, y episodios dirigidos por <b>Daniel Kresmery<\/b> y <b>Ryan Whitaker<\/b>, adem\u00e1s del propio Boreing. Productores como Travis Mills y Amanda Presmyk aportan experiencia en el g\u00e9nero, potenciando la puesta en escena con recursos dignos de superproducci\u00f3n. La sinopsis oficial declara: \u201cEn la Breta\u00f1a ocupada por Roma, donde las semillas del cristianismo reci\u00e9n germinan entre la oscuridad y la violencia, solo la fe en el verdadero Dios asegura la supervivencia frente al avance b\u00e1rbaro\u201d. Este planteamiento, que combina acci\u00f3n militar, confrontaciones ideol\u00f3gicas y elementos de magia y misterio, pretende seducir a los seguidores de la \u00e9pica tradicional, los relatos fundacionales y aquellos interesados en la reinvenci\u00f3n de los mitos ancestrales.<\/p>\n<p class=\"paragraph\">A pesar de su espectacularidad, algunas voces especializadas observan que la profundidad espiritual y el trasfondo legendario de las novelas originales resultan matizados en favor del ritmo vertiginoso y el entretenimiento visual, seg\u00fan recogen tanto The Hollywood Reporter como los propios materiales promocionales del Daily Wire. La apuesta, en todo caso, es clara: conquistar el territorio de la fantas\u00eda y la acci\u00f3n hist\u00f3rica con una serie que dialogue tanto con el esp\u00edritu de los grandes relatos del pasado como con las expectativas del p\u00fablico actual.<\/p>\n","protected":false},"excerpt":{"rendered":"Imagen de &#8216;The Pendragon Cycle&#8217; En la estela de t\u00edtulos emblem\u00e1ticos como Juego de tronos y Vikingos, una&hellip;\n","protected":false},"author":2,"featured_media":261316,"comment_status":"","ping_status":"","sticky":false,"template":"","format":"standard","meta":{"footnotes":""},"categories":[91],"tags":[146,147,25,24,23],"class_list":{"0":"post-261315","1":"post","2":"type-post","3":"status-publish","4":"format-standard","5":"has-post-thumbnail","7":"category-entretenimiento","8":"tag-entertainment","9":"tag-entretenimiento","10":"tag-es","11":"tag-espana","12":"tag-spain"},"share_on_mastodon":{"url":"https:\/\/pubeurope.com\/@es\/115630493367234615","error":""},"_links":{"self":[{"href":"https:\/\/www.europesays.com\/es\/wp-json\/wp\/v2\/posts\/261315","targetHints":{"allow":["GET"]}}],"collection":[{"href":"https:\/\/www.europesays.com\/es\/wp-json\/wp\/v2\/posts"}],"about":[{"href":"https:\/\/www.europesays.com\/es\/wp-json\/wp\/v2\/types\/post"}],"author":[{"embeddable":true,"href":"https:\/\/www.europesays.com\/es\/wp-json\/wp\/v2\/users\/2"}],"replies":[{"embeddable":true,"href":"https:\/\/www.europesays.com\/es\/wp-json\/wp\/v2\/comments?post=261315"}],"version-history":[{"count":0,"href":"https:\/\/www.europesays.com\/es\/wp-json\/wp\/v2\/posts\/261315\/revisions"}],"wp:featuredmedia":[{"embeddable":true,"href":"https:\/\/www.europesays.com\/es\/wp-json\/wp\/v2\/media\/261316"}],"wp:attachment":[{"href":"https:\/\/www.europesays.com\/es\/wp-json\/wp\/v2\/media?parent=261315"}],"wp:term":[{"taxonomy":"category","embeddable":true,"href":"https:\/\/www.europesays.com\/es\/wp-json\/wp\/v2\/categories?post=261315"},{"taxonomy":"post_tag","embeddable":true,"href":"https:\/\/www.europesays.com\/es\/wp-json\/wp\/v2\/tags?post=261315"}],"curies":[{"name":"wp","href":"https:\/\/api.w.org\/{rel}","templated":true}]}}