{"id":261317,"date":"2025-11-29T01:55:17","date_gmt":"2025-11-29T01:55:17","guid":{"rendered":"https:\/\/www.europesays.com\/es\/261317\/"},"modified":"2025-11-29T01:55:17","modified_gmt":"2025-11-29T01:55:17","slug":"juan-lopez-frade-suzuki-quien-tenga-hibridos-de-gasolina-en-2032-o-2033-se-va-a-inflar-a-vender-coches-el-economista","status":"publish","type":"post","link":"https:\/\/www.europesays.com\/es\/261317\/","title":{"rendered":"Juan L\u00f3pez Frade (Suzuki): &quot;Quien tenga h\u00edbridos de gasolina en 2032 o 2033 se va a inflar a vender coches&quot; &#8211; El Economista"},"content":{"rendered":"<ol>\n<li><a href=\"https:\/\/news.google.com\/rss\/articles\/CBMi-AFBVV95cUxQSEwwcUptVDFkcmpWcVEwaVprdFpFbzdsUGtNMXBKczR4OE9id1VjWDVZckRQUU1CYmZSUDJTcEVSNWYzWVpWUXNDdUlqT1VPckhYSWgtQnNZMWpPYWFTcTlzLW8xLXRUZXkxbjd2cXlrNm9qNWRLdHNjU3FSV3p6Z25pZnFSbFctQUFXTjN5SVlHLVRkcnpwNHZ3Qk5IdmVkdDFrbm5ERHdWYWZ2QTZwVXV4TjJfVDNnZzJPUzA3NU54RHFRdko4TWlETGtVSTJhSHlOU3htcV9GYlRtcVB4T1doSEdjcTEzbU10LU9aRV8zV1htLVhTX9IB4wFBVV95cUxOX3RZQjVUTWlRTS1LQ2NLeWZCQjlMcVlxcW0xWFpxUVFaU3BmdHhLRTY3Wm9mTEpTUlh2WGc2UjNCTEVPbGt6MmRwa01BdjZ3ZThSLURFcDFaNWJQdzh0QWI2UGpCNzdKVmhxMTN6WVZfTHJlcE0yVGhIT3gzendkeGNUb21tY1oyQm5ZY1Q1bjk3TGgtNzR4VjBsa3pBZjVFa3Zsd3NtVWp5UGcyRjIwRTBDWTNQcTVoeWlxdE4zdV9mYmdvNVp2MjBqSmRXZWFTVXg4UmlFVEFLLTFYcHU3NlNMdw?oc=5\" target=\"_blank\" rel=\"nofollow noopener\">Juan L\u00f3pez Frade (Suzuki): \u00abQuien tenga h\u00edbridos de gasolina en 2032 o 2033 se va a inflar a vender coches\u00bb<\/a>&nbsp;&nbsp;El Economista<\/li>\n<li><a href=\"https:\/\/news.google.com\/rss\/articles\/CBMioAFBVV95cUxPVEdlR2IzOF9GUGhESXBDQTVJQ3pYb1p1OE5JanBpaHRubW8xOXFWckd1VHlDaDdMVVhDQlV6TXBvUnA3V3BaRzctOWlIbFVXRGloelFsWWo1V0tVR1RsU0tXa09XSTJrOHViNmlrNTQyZmhsWE1VeFdmOF9Qc0o4LTUwaUhNQ1RTNzhfWEcwX3ExRy1xbHFrMUdHYVZJUkRI0gGmAUFVX3lxTE9HQlUzelRvLTIyYjlhUHZmWU9qZEgxTXZvR0dhdThaNW1LcWJnTzFCdURUbDN3bUthTXAyZmYzRTVHd2x2TXc5UW1Tc0x3QzMwR0RXUkFhMHRsSEhwMDJWandOR2o5aVVNMHh1NElUcjZHeTBxNkFNVUFjYzh6TWlBbndnRUpuckVGQVdyblVEbHdCSmlxa2VmWVpZRjRDN0l1U0Z4OUE?oc=5\" target=\"_blank\" rel=\"nofollow noopener\">El pron\u00f3stico que arroja optimismo para el autom\u00f3vil en Espa\u00f1a<\/a>&nbsp;&nbsp;Motor EL PA\u00cdS<\/li>\n<li><a href=\"https:\/\/news.google.com\/rss\/articles\/CBMiggJBVV95cUxQWEotdzQ0N0owdmpWZUd0Qy1xTEtEcEJwTGNlVm1VbGgyc0JpSzBRQ0tVSVdkelR0bVItdEgweWJXRU1KNmdWb0R5N1dLYVV1d0xKWTJRcE9NMFJaUmh4RUdXNmxVUnJIbW5keFZWWkVzRkZtc0p2Qjc3MlRSR0R3c1ctaWNadmRfU1BpZS1hYll6TUxqTndDRXczdnVBckItal9RWnVsZ2J0VTBnR2RJX0g0QV9nWW5NdE1rMS01OTB3a2FHV255OWJHZWQ4YUFxeXJpVE80MENuNU9HZG8xMVd5WV9aVG83SUhvdXFyUUdGMVFZYmJVUFZPczBHVWNoN1E?oc=5\" target=\"_blank\" rel=\"nofollow noopener\">El presidente de Suzuki Espa\u00f1a: \u00abSin nuevos Presupuestos, el Gobierno no puede lanzar planes serios para incentivar el coche el\u00e9ctrico\u00bb<\/a>&nbsp;&nbsp;H\u00edbridos y El\u00e9ctricos<\/li>\n<li><a href=\"https:\/\/news.google.com\/rss\/articles\/CBMi3wFBVV95cUxPSFZCZWZNVEpYZWY4bDNjZGloemFpbWlfd3JmT3lNczdzZjdTVTBmRnlPa3ZEV1dJVHVNcFhSWDVRVEMzSlFscHZTYjJZMVhIOTRxbHduNE50R3ZpZDBWWFRJdThBa1pfaEhrcS14cE1yT3VTLUt6STZGZlR0TU5ZR1U1T2VzSVB1eHkzWEZob2hJRVpMNUJMVk9vWm02dHFVVnlRcjUxSk9LRXQ2Nlkza3l1T0t6cThMUVI3SzI1YVAtSktKcnNZRng5ZHpwX1d2Sk5mN0pHWTFVM3hYQ2ZV?oc=5\" target=\"_blank\" rel=\"nofollow noopener\">L\u00f3pez Frade (Suzuki) atisba ventas prepandemia en 2026 con un alza m\u00e1s lenta de los modelos electrificados<\/a>&nbsp;&nbsp;elDiario.es<\/li>\n<li><a href=\"https:\/\/news.google.com\/rss\/articles\/CBMiiAFBVV95cUxNQnh5endBU2FNbVk5VjZVREduWHdvSEtaRDg0RVV6alBiVC1MdzFtd191LUlUa3pGMlpQUTU0aUh2NFAtcEZlc3U4V1RSUGJ0UG9UQzExZHhwaWh6QndKZXJ4RlBvdkhOQkJFOXRHMVJYQTFiVGFjdGNIVWpqSG0zcFAwSXhSSXZY0gGIAUFVX3lxTE1MdlNkbi1XMFE0NUNPeTdsUlBXcTdESVlQQlRGNlNOZnVaUDZ3cnZSZWs4aDFjUElMeUctMUpSRWhGeEtEV2VOOVFaZ0NTNUhsVXQzcUN1UjNoWHU4MWk5UGdqYTVUcUhqc1o5TUd4a2dHS3ptUjFocmNsXzh4LWJ4RVMtZ3hBeWc?oc=5\" target=\"_blank\" rel=\"nofollow noopener\">L\u00f3pez Frade (Suzuki): \u00abSigo pensando que el mercado no ser\u00e1 100% el\u00e9ctrico hasta la d\u00e9cada de 2060\u00bb<\/a>&nbsp;&nbsp;Expansi\u00f3n<\/li>\n<\/ol>\n","protected":false},"excerpt":{"rendered":"Juan L\u00f3pez Frade (Suzuki): \u00abQuien tenga h\u00edbridos de gasolina en 2032 o 2033 se va a inflar a&hellip;\n","protected":false},"author":2,"featured_media":248356,"comment_status":"","ping_status":"","sticky":false,"template":"","format":"standard","meta":{"footnotes":""},"categories":[80],"tags":[82,95,94,25,24,23],"class_list":{"0":"post-261317","1":"post","2":"type-post","3":"status-publish","4":"format-standard","5":"has-post-thumbnail","7":"category-economia","8":"tag-business","9":"tag-economia","10":"tag-economy","11":"tag-es","12":"tag-espana","13":"tag-spain"},"share_on_mastodon":{"url":"https:\/\/pubeurope.com\/@es\/115630501009273290","error":""},"_links":{"self":[{"href":"https:\/\/www.europesays.com\/es\/wp-json\/wp\/v2\/posts\/261317","targetHints":{"allow":["GET"]}}],"collection":[{"href":"https:\/\/www.europesays.com\/es\/wp-json\/wp\/v2\/posts"}],"about":[{"href":"https:\/\/www.europesays.com\/es\/wp-json\/wp\/v2\/types\/post"}],"author":[{"embeddable":true,"href":"https:\/\/www.europesays.com\/es\/wp-json\/wp\/v2\/users\/2"}],"replies":[{"embeddable":true,"href":"https:\/\/www.europesays.com\/es\/wp-json\/wp\/v2\/comments?post=261317"}],"version-history":[{"count":0,"href":"https:\/\/www.europesays.com\/es\/wp-json\/wp\/v2\/posts\/261317\/revisions"}],"wp:featuredmedia":[{"embeddable":true,"href":"https:\/\/www.europesays.com\/es\/wp-json\/wp\/v2\/media\/248356"}],"wp:attachment":[{"href":"https:\/\/www.europesays.com\/es\/wp-json\/wp\/v2\/media?parent=261317"}],"wp:term":[{"taxonomy":"category","embeddable":true,"href":"https:\/\/www.europesays.com\/es\/wp-json\/wp\/v2\/categories?post=261317"},{"taxonomy":"post_tag","embeddable":true,"href":"https:\/\/www.europesays.com\/es\/wp-json\/wp\/v2\/tags?post=261317"}],"curies":[{"name":"wp","href":"https:\/\/api.w.org\/{rel}","templated":true}]}}