{"id":261318,"date":"2025-11-29T01:56:17","date_gmt":"2025-11-29T01:56:17","guid":{"rendered":"https:\/\/www.europesays.com\/es\/261318\/"},"modified":"2025-11-29T01:56:17","modified_gmt":"2025-11-29T01:56:17","slug":"estados-unidos-paraliza-todas-las-decisiones-de-asilo","status":"publish","type":"post","link":"https:\/\/www.europesays.com\/es\/261318\/","title":{"rendered":"Estados Unidos \u00abparaliza todas las decisiones de asilo\u00bb"},"content":{"rendered":"<p>Estados Unidos \u00abha paralizado todas las decisiones de asilo\u00bb, anunci\u00f3 este viernes el Servicio de Ciudadan\u00eda e Inmigraci\u00f3n de Estados Unidos (USCIS, por sus siglas en ingl\u00e9s) tras la orden del presidente, Donald Trump, de \u00abfrenar\u00bb la inmigraci\u00f3n de \u00ablos pa\u00edses del tercer mundo\u00bb despu\u00e9s del tiroteo del mi\u00e9rcoles en Washington.<\/p>\n<p>\u00abUSCIS ha suspendido todas las decisiones de asilo hasta que podamos garantizar que <strong>cada extranjero sea inspeccionado y verificado<\/strong> al m\u00e1ximo nivel posible. La seguridad del pueblo estadounidense siempre est\u00e1 primero\u00bb, ha informado el director de USCIS, Joseph B. Edlow, en X.<\/p>\n<p>Casi <strong>1,5 millones de solicitantes de asilo ten\u00edan una solicitud pendiente<\/strong> hasta diciembre de 2024, seg\u00fan las \u00faltimas cifras disponibles obtenidas por la organizaci\u00f3n American Immigration Council (AIC).<\/p>\n<p>La orden de USCIS llega horas despu\u00e9s del <a href=\"https:\/\/www.rtve.es\/noticias\/20251128\/trump-amenaza-tramites-migratorios-paises-tercer-mundo\/16835596.shtml\" target=\"_blank\" rel=\"nofollow noopener\">aviso de Trump sobre interrumpir de \u00abforma permanente\u00bb la migraci\u00f3n \u00abde todos los pa\u00edses del tercer mundo\u00bb<\/a> tras el <a href=\"https:\/\/www.rtve.es\/noticias\/20251126\/tiroteo-casa-blanca-washington-guardia-nacional\/16833521.shtml\" target=\"_blank\" rel=\"nofollow noopener\">tiroteo del mi\u00e9rcoles<\/a> en el que un <strong>ciudadano afgano dispar\u00f3 contra dos miembros de la Guardia Nacional<\/strong> en Washington D.C., lo que dej\u00f3 <a href=\"https:\/\/www.rtve.es\/noticias\/20251128\/muere-soldado-guardia-nacional-herida-tiroteo-washington\/16835534.shtml\" target=\"_blank\" rel=\"nofollow noopener\">una agente muerta y otro en estado cr\u00edtico<\/a>.<\/p>\n<p>\u00abRevisi\u00f3n rigurosa\u00bb de las tarjetas de residente<\/p>\n<p>El Servicio de Ciudadan\u00eda e Inmigraci\u00f3n ya hab\u00eda anunciado el jueves una \u00abrevisi\u00f3n rigurosa\u00bb de las tarjetas de residente, o green cards, de migrantes de <strong>19 pa\u00edses de \u00abpreocupaci\u00f3n\u00bb, incluyendo Afganist\u00e1n, Cuba, Venezuela y Hait\u00ed<\/strong>.<\/p>\n<p>Y tambi\u00e9n inform\u00f3 de la <strong>suspensi\u00f3n de solicitudes de migraci\u00f3n de los afganos<\/strong> el mi\u00e9rcoles, minutos despu\u00e9s de un mensaje a la naci\u00f3n de Trump, quien culp\u00f3 a las pol\u00edticas migratorias de su predecesor, Joe Biden (2021-2025), por el ingreso del presunto responsable, Rahmanullah Lakanwal, y el subsecuente ataque.<\/p>\n<p>Estados Unidos admiti\u00f3, durante la <strong>Administraci\u00f3n de Biden, m\u00e1s de 100.000 refugiados en 2024<\/strong>, un r\u00e9cord en 30 a\u00f1os, pero una de las primeras medidas del Gobierno de Trump fue frenar el Programa de Admisiones de Refugiados (USRAP).<\/p>\n","protected":false},"excerpt":{"rendered":"Estados Unidos \u00abha paralizado todas las decisiones de asilo\u00bb, anunci\u00f3 este viernes el Servicio de Ciudadan\u00eda e Inmigraci\u00f3n&hellip;\n","protected":false},"author":2,"featured_media":261319,"comment_status":"","ping_status":"","sticky":false,"template":"","format":"standard","meta":{"footnotes":""},"categories":[42],"tags":[17,18,13,14,11,61,62,63,64,19,20,9,10,15,16,12,21,22,65,66,67],"class_list":{"0":"post-261318","1":"post","2":"type-post","3":"status-publish","4":"format-standard","5":"has-post-thumbnail","7":"category-internacional","8":"tag-breaking-news","9":"tag-breakingnews","10":"tag-featured-news","11":"tag-featurednews","12":"tag-headlines","13":"tag-internacional","14":"tag-international","15":"tag-international-news","16":"tag-internationalnews","17":"tag-latest-news","18":"tag-latestnews","19":"tag-news","20":"tag-noticias","21":"tag-noticias-destacadas","22":"tag-noticiasdestacadas","23":"tag-titulares","24":"tag-ultimas-noticias","25":"tag-ultimasnoticias","26":"tag-world","27":"tag-world-news","28":"tag-worldnews"},"share_on_mastodon":{"url":"https:\/\/pubeurope.com\/@es\/115630504989479825","error":""},"_links":{"self":[{"href":"https:\/\/www.europesays.com\/es\/wp-json\/wp\/v2\/posts\/261318","targetHints":{"allow":["GET"]}}],"collection":[{"href":"https:\/\/www.europesays.com\/es\/wp-json\/wp\/v2\/posts"}],"about":[{"href":"https:\/\/www.europesays.com\/es\/wp-json\/wp\/v2\/types\/post"}],"author":[{"embeddable":true,"href":"https:\/\/www.europesays.com\/es\/wp-json\/wp\/v2\/users\/2"}],"replies":[{"embeddable":true,"href":"https:\/\/www.europesays.com\/es\/wp-json\/wp\/v2\/comments?post=261318"}],"version-history":[{"count":0,"href":"https:\/\/www.europesays.com\/es\/wp-json\/wp\/v2\/posts\/261318\/revisions"}],"wp:featuredmedia":[{"embeddable":true,"href":"https:\/\/www.europesays.com\/es\/wp-json\/wp\/v2\/media\/261319"}],"wp:attachment":[{"href":"https:\/\/www.europesays.com\/es\/wp-json\/wp\/v2\/media?parent=261318"}],"wp:term":[{"taxonomy":"category","embeddable":true,"href":"https:\/\/www.europesays.com\/es\/wp-json\/wp\/v2\/categories?post=261318"},{"taxonomy":"post_tag","embeddable":true,"href":"https:\/\/www.europesays.com\/es\/wp-json\/wp\/v2\/tags?post=261318"}],"curies":[{"name":"wp","href":"https:\/\/api.w.org\/{rel}","templated":true}]}}