{"id":26132,"date":"2025-08-05T00:19:11","date_gmt":"2025-08-05T00:19:11","guid":{"rendered":"https:\/\/www.europesays.com\/es\/26132\/"},"modified":"2025-08-05T00:19:11","modified_gmt":"2025-08-05T00:19:11","slug":"las-lesiones-no-dan-tregua-al-athletic","status":"publish","type":"post","link":"https:\/\/www.europesays.com\/es\/26132\/","title":{"rendered":"Las lesiones no dan tregua al Athletic"},"content":{"rendered":"<p>La pretemporada est\u00e1 resultando un aut\u00e9ntico V\u00eda Crucis para el Athletic. No por los resultados, que tambi\u00e9n \u2013una victoria en seis partidos\u2013, sino por el  &#8230; c\u00famulo de fatalidades en forma de lesi\u00f3n que est\u00e1n dejando a Ernesto Valverde atado de pies y manos a la hora de conformar el sistema defensivo del equipo, una de las l\u00edneas m\u00e1s s\u00f3lidas la pasada campa\u00f1a, y ahora tambi\u00e9n la zona de creaci\u00f3n tras los percances sufridos por Be\u00f1at Prados, Oihan Sancet en Anfield. Quebradero de cabeza tras quebradero de cabeza para Txingurri.<\/p>\n<p class=\"v-p\">Las malas noticias comenzaron antes incluso de que arrancara la preparaci\u00f3n con el positivo de Yeray y la suspensi\u00f3n provisional del central hasta resolver el procedimiento. Todo un golpe en el eje de una zaga que quedaba muy tocada. Vivi\u00e1n, Paredes y Unai Egiluz eran los \u00fanicos jugadores espec\u00edficos en esa posici\u00f3n disponibles y el de Viandar de la Vera cruzaba los dedos para que no hubiera m\u00e1s contratiempos.<\/p>\n<p class=\"v-p\">Pero no fue as\u00ed. La situaci\u00f3n empeor\u00f3 todav\u00eda m\u00e1s la pasada semana con la lesi\u00f3n de rodilla de Unai Egiluz en Camargo en el amistoso ante el Racing que le mantendr\u00e1 como m\u00ednimo un mes fuera de los terrenos de juego, as\u00ed como con la baja de Paredes que sufre una sobrecarga en el recto femoral de su pierna izquierda que le impide entrenar con el grupo. Un escenario desolador. A d\u00eda de hoy, Vivi\u00e1n es el \u00fanico central puro a disposici\u00f3n del m\u00edster, que tiene que realizar encaje de bolillos.<\/p>\n<p class=\"v-p\">Adem\u00e1s, el vitoriano, que junto al resto de internacionales se incopor\u00f3 m\u00e1s tarde a la pretemporada rojiblanca, por lo visto ante el Liverpool, todav\u00eda no tiene el ritmo de sus compa\u00f1eros. Ekitike le super\u00f3 en velocidad en varias ocasiones y tambi\u00e9n realiz\u00f3 alguna entrada a destiempo. Valverde apost\u00f3 por Yuri como su pareja de baile en el partido de los titulares y el zarauztarra, que cumpli\u00f3 en esa demarcaci\u00f3n, tampoco pudo acabar el choque debido a un golpe en la pierna. Ante tanto contratiempo, el fichaje de Laporte se convierte en prioritario. <\/p>\n<p class=\"v-p\">Y si la situaci\u00f3n en defensa es l\u00edmite, la de la zona de creaci\u00f3n tambi\u00e9n comienza a ser preocupante. Y es que la primera de las dos visitas de pretemporada a tierras inglesas \u2013la segunda ser\u00e1 el s\u00e1bado a Londres para medirse al Arsenal\u2013 se ha saldado con un amplio parte de guerra tambi\u00e9n en esa parcela del campo. Oihan Sancet y Be\u00f1at Prados acabaron tambi\u00e9n lesionados.<\/p>\n<p class=\"v-p\">En el caso del primero, el percance se produjo en la recta final de primero periodo en el duelo de los titulares. El media punta navarro, que hab\u00eda marcado el 1-1 a la media hora de juego tras pase de Vivian, pugnaba por el bal\u00f3n en el centro con Szoboszlai. Ambos chocaron y el centrocampista h\u00fangaro cay\u00f3 sobre la rodilla derecha del rojiblanco que ya no se levant\u00f3 del verde. Fue sustituido de inmediato. Habr\u00e1 que esperar las pertinentes pruebas m\u00e9dicas para saber si el contratiempo se queda en un susto y puede estar disponible para el arranque liguero ante el Sevilla en San Mam\u00e9s el pr\u00f3ximo d\u00eda 17. <\/p>\n<p class=\"v-p\">Sancet ya se vio lastrado por problemas f\u00edsicos la campa\u00f1a anterior, en la que sufri\u00f3 hasta cuatro lesiones musculares y dos esguinces de tobillo que le hicieron perderse un buen n\u00famero de partidos, algunos muy importantes como las semifinales de la Europa League ante el United.<\/p>\n<p>Solo trece minutos<\/p>\n<p class=\"v-p\">En el primero de los dos partidos ante el Liverpool, en el que Valverde aline\u00f3 a los meritorios, tambi\u00e9n saltaron las alarmas. En este caso, el percance tuvo como protagonista a Be\u00f1at Prados. El navarro no tuvo su d\u00eda. Una p\u00e9rdida suya en la medular propici\u00f3 el primer gol de Rio Ngumoha desde el borde del \u00e1rea y diez minutos m\u00e1s tarde tuvo que abandonar el terreno de juego lesionado complicando a\u00fan m\u00e1s las alternativas del Athletic. Ernesto Valverde apunt\u00f3 tras el partido que, a la espera de las pruebas m\u00e9dicas a las que se sometera en Bilbao, que parece tratarse de \u00abun problema muscular\u00bb.<\/p>\n","protected":false},"excerpt":{"rendered":"La pretemporada est\u00e1 resultando un aut\u00e9ntico V\u00eda Crucis para el Athletic. No por los resultados, que tambi\u00e9n \u2013una&hellip;\n","protected":false},"author":2,"featured_media":26133,"comment_status":"","ping_status":"","sticky":false,"template":"","format":"standard","meta":{"footnotes":""},"categories":[93],"tags":[168,25,24,14498,3402,14499,14497,23,167],"class_list":{"0":"post-26132","1":"post","2":"type-post","3":"status-publish","4":"format-standard","5":"has-post-thumbnail","7":"category-deportes","8":"tag-deportes","9":"tag-es","10":"tag-espana","11":"tag-lesionado","12":"tag-marcha","13":"tag-minuto","14":"tag-prados","15":"tag-spain","16":"tag-sports"},"share_on_mastodon":{"url":"","error":""},"_links":{"self":[{"href":"https:\/\/www.europesays.com\/es\/wp-json\/wp\/v2\/posts\/26132","targetHints":{"allow":["GET"]}}],"collection":[{"href":"https:\/\/www.europesays.com\/es\/wp-json\/wp\/v2\/posts"}],"about":[{"href":"https:\/\/www.europesays.com\/es\/wp-json\/wp\/v2\/types\/post"}],"author":[{"embeddable":true,"href":"https:\/\/www.europesays.com\/es\/wp-json\/wp\/v2\/users\/2"}],"replies":[{"embeddable":true,"href":"https:\/\/www.europesays.com\/es\/wp-json\/wp\/v2\/comments?post=26132"}],"version-history":[{"count":0,"href":"https:\/\/www.europesays.com\/es\/wp-json\/wp\/v2\/posts\/26132\/revisions"}],"wp:featuredmedia":[{"embeddable":true,"href":"https:\/\/www.europesays.com\/es\/wp-json\/wp\/v2\/media\/26133"}],"wp:attachment":[{"href":"https:\/\/www.europesays.com\/es\/wp-json\/wp\/v2\/media?parent=26132"}],"wp:term":[{"taxonomy":"category","embeddable":true,"href":"https:\/\/www.europesays.com\/es\/wp-json\/wp\/v2\/categories?post=26132"},{"taxonomy":"post_tag","embeddable":true,"href":"https:\/\/www.europesays.com\/es\/wp-json\/wp\/v2\/tags?post=26132"}],"curies":[{"name":"wp","href":"https:\/\/api.w.org\/{rel}","templated":true}]}}