{"id":261323,"date":"2025-11-29T02:06:14","date_gmt":"2025-11-29T02:06:14","guid":{"rendered":"https:\/\/www.europesays.com\/es\/261323\/"},"modified":"2025-11-29T02:06:14","modified_gmt":"2025-11-29T02:06:14","slug":"cruel-derrota-de-joksimovic-con-eslovenia-en-las-ventanas-fiba","status":"publish","type":"post","link":"https:\/\/www.europesays.com\/es\/261323\/","title":{"rendered":"Cruel derrota de Joksimovic con Eslovenia en las ventanas FIBA"},"content":{"rendered":"<p>\n        Stefan Joksimovic se convirti\u00f3 este viernes en el debutante m\u00e1s joven con la selecci\u00f3n absoluta de Eslovenia y <strong>en su primer partido correspondiente a las ventanas FIBA encaj\u00f3 un varapalo muy cruel por 93-94 ante Estonia<\/strong>, que se llev\u00f3 la victoria de Koper en la pr\u00f3rroga gracias a un postrero triple de Kristian Kullamae.\n<\/p>\n<p class=\"article-body__text \">\n        El exterior del Kosner Baskonia, que cumpli\u00f3 17 primaveras el pasado 16 de noviembre, demostr\u00f3 que <strong>est\u00e1 hecho de una pasta especial<\/strong> en una jornada con amargo final para sus intereses.\n<\/p>\n<blockquote class=\"twitter-tweet\" data-lang=\"es\" wp_automatic_readability=\"6.7672955974843\">\n<p lang=\"sl\" dir=\"ltr\">\u0160e ena izjemna akcija 17-letnega bisera slovenske ko\u0161arke ob izteku 3. \u010detrtine. Pri 17 letih Joksimovi\u0107 na svojem debiju \u017ee igra klju\u010dno vlogo v slovenski reprezentanci&#8230; upam, da dobi dovolj minut tudi v zadnji \u010detrtini. <a href=\"https:\/\/t.co\/DoUGbuO2H0\" rel=\"nofollow\">pic.twitter.com\/DoUGbuO2H0<\/a><\/p>\n<p>\u2014 Matej Sportinfo (@MatejSportinfo) <a href=\"https:\/\/twitter.com\/MatejSportinfo\/status\/1994474173062943145?ref_src=twsrc%5Etfw\" rel=\"nofollow noopener\" target=\"_blank\">28 de noviembre de 2025<\/a><\/p><\/blockquote>\n<p class=\"article-body__text \">\n        Su actuaci\u00f3n result\u00f3 clave para la remontada de Eslovenia, que arranc\u00f3 de la peor manera la fase de clasificaci\u00f3n hacia el Mundial de 2027 en Qatar.<strong> Finalmente consigui\u00f3 9 puntos, 4 rebotes y 2 asistencias en casi 22 minutos<\/strong>. El gran lunar de su actuaci\u00f3n fue el escaso acierto desde el triple (0\/5) y tambi\u00e9n el tiro libre (1\/4), pero convirti\u00f3 cuatro de sus seis intentos de dos.\n<\/p>\n<p>            <a href=\"https:\/\/www.noticiasdealava.eus\/baskonia\/2025\/11\/26\/joksimovic-unico-presente-ventanas-baskonia-10399212.html\" title=\"Joksimovic, \u00fanico representante baskonista en las ventanas FIBA\" class=\"new__media\" rel=\"nofollow noopener\" target=\"_blank\"><\/p>\n<p>                <img alt=\"Joksimovic, \u00fanico representante baskonista en las ventanas FIBA\" data-src=\"https:\/\/www.europesays.com\/es\/wp-content\/uploads\/2025\/11\/fcb39172-c1f5-4906-9fd8-ad2342599513_16-9-aspect-ratio_default_0_x684y138.jpg\" class=\"lozad\"\/><\/p>\n<p>        <\/a><\/p>\n<p>        <a href=\"https:\/\/www.noticiasdealava.eus\/baskonia\/2025\/11\/26\/joksimovic-unico-presente-ventanas-baskonia-10399212.html\" title=\"Joksimovic, \u00fanico representante baskonista en las ventanas FIBA\" class=\"new__headline\" rel=\"nofollow noopener\" target=\"_blank\"><br \/>\n            Joksimovic, \u00fanico representante baskonista en las ventanas FIBA<br \/>\n        <\/a><\/p>\n<p class=\"article-body__text \">\n        Joksimovic puso de manifiesto que se encuentra llamado a ser en el futuro <strong>uno de los l\u00edderes de un peque\u00f1o pa\u00eds en el que Luka Doncic<\/strong>, ausente como casi todas las estrellas del planeta baloncest\u00edstico en estas ventanas FIBA de finales de noviembre, <strong>lo es absolutamente todo<\/strong>.\n<\/p>\n<p class=\"article-body__text \">\n        Aleksander Sekulic le fue dando su confianza con el transcurrir del encuentro y <strong>Joksimovic respondi\u00f3 con su desparpajo habitual a la hora de intentar generarse sus propias canastas<\/strong> y reducir las ventajas de Estonia.\n<\/p>\n<blockquote class=\"twitter-tweet\" data-lang=\"es\" wp_automatic_readability=\"4.5728155339806\">\n<p lang=\"sl\" dir=\"ltr\">17-letni Stefan Joksimovi\u0107 je s tem ko\u0161em postal najmlaj\u0161i debitant in strelec v zgodovini slovenske reprezentance. <a href=\"https:\/\/t.co\/XPIMyu7LmA\" rel=\"nofollow\">pic.twitter.com\/XPIMyu7LmA<\/a><\/p>\n<p>\u2014 Matej Sportinfo (@MatejSportinfo) <a href=\"https:\/\/twitter.com\/MatejSportinfo\/status\/1994458236783566877?ref_src=twsrc%5Etfw\" rel=\"nofollow noopener\" target=\"_blank\">28 de noviembre de 2025<\/a><\/p><\/blockquote>\n<p class=\"article-body__text \">\n        <strong>Incluso anot\u00f3 a falta de seis segundos la canasta que pudo haber dado la victoria a su pa\u00eds<\/strong> antes de la pr\u00f3rroga, pero Estonia respondi\u00f3 a rengl\u00f3n seguido con otra doble que envi\u00f3 el encuentro a la pr\u00f3rroga.\n<\/p>\n<p class=\"article-body__text \">\n        El pr\u00f3ximo compromiso de Eslovenia tendr\u00e1 lugar <strong>este domingo a las 19.00 horas en Gotemburgo ante Suecia.<\/strong>\n<\/p>\n<p>            <script async src=\"https:\/\/platform.twitter.com\/widgets.js\" charset=\"utf-8\"><\/script><\/p>\n","protected":false},"excerpt":{"rendered":"Stefan Joksimovic se convirti\u00f3 este viernes en el debutante m\u00e1s joven con la selecci\u00f3n absoluta de Eslovenia y&hellip;\n","protected":false},"author":2,"featured_media":261324,"comment_status":"","ping_status":"","sticky":false,"template":"","format":"standard","meta":{"footnotes":""},"categories":[269],"tags":[299,298,4714,14294,168,25,7860,24,8235,23,167],"class_list":{"0":"post-261323","1":"post","2":"type-post","3":"status-publish","4":"format-standard","5":"has-post-thumbnail","7":"category-baloncesto","8":"tag-baloncesto","9":"tag-basketball","10":"tag-baskonia","11":"tag-debuta","12":"tag-deportes","13":"tag-es","14":"tag-eslovenia","15":"tag-espana","16":"tag-joksimovic","17":"tag-spain","18":"tag-sports"},"share_on_mastodon":{"url":"https:\/\/pubeurope.com\/@es\/115630544290569761","error":""},"_links":{"self":[{"href":"https:\/\/www.europesays.com\/es\/wp-json\/wp\/v2\/posts\/261323","targetHints":{"allow":["GET"]}}],"collection":[{"href":"https:\/\/www.europesays.com\/es\/wp-json\/wp\/v2\/posts"}],"about":[{"href":"https:\/\/www.europesays.com\/es\/wp-json\/wp\/v2\/types\/post"}],"author":[{"embeddable":true,"href":"https:\/\/www.europesays.com\/es\/wp-json\/wp\/v2\/users\/2"}],"replies":[{"embeddable":true,"href":"https:\/\/www.europesays.com\/es\/wp-json\/wp\/v2\/comments?post=261323"}],"version-history":[{"count":0,"href":"https:\/\/www.europesays.com\/es\/wp-json\/wp\/v2\/posts\/261323\/revisions"}],"wp:featuredmedia":[{"embeddable":true,"href":"https:\/\/www.europesays.com\/es\/wp-json\/wp\/v2\/media\/261324"}],"wp:attachment":[{"href":"https:\/\/www.europesays.com\/es\/wp-json\/wp\/v2\/media?parent=261323"}],"wp:term":[{"taxonomy":"category","embeddable":true,"href":"https:\/\/www.europesays.com\/es\/wp-json\/wp\/v2\/categories?post=261323"},{"taxonomy":"post_tag","embeddable":true,"href":"https:\/\/www.europesays.com\/es\/wp-json\/wp\/v2\/tags?post=261323"}],"curies":[{"name":"wp","href":"https:\/\/api.w.org\/{rel}","templated":true}]}}