{"id":261332,"date":"2025-11-29T02:15:13","date_gmt":"2025-11-29T02:15:13","guid":{"rendered":"https:\/\/www.europesays.com\/es\/261332\/"},"modified":"2025-11-29T02:15:13","modified_gmt":"2025-11-29T02:15:13","slug":"estudian-la-piel-humana-y-descubren-por-que-deberias-pensartelo-dos-veces-antes-de-hacerte-un-tatuaje","status":"publish","type":"post","link":"https:\/\/www.europesays.com\/es\/261332\/","title":{"rendered":"Estudian la piel humana y descubren por qu\u00e9 deber\u00edas pens\u00e1rtelo dos veces antes de hacerte un tatuaje"},"content":{"rendered":"\n<ul class=\"bodyList bodyList--unordered\">\n<li class=\"bodyList__item\"><a href=\"https:\/\/www.elconfidencial.com\/tecnologia\/novaceno\/2025-11-01\/tardigrado-proteina-contra-cancer-ataques-cardiacos_4239108\/\" target=\"_self\" rel=\"nofollow noopener\">El animal m\u00e1s resistente de la Tierra tiene la clave para parar el c\u00e1ncer y los ataques card\u00edacos<\/a><\/li>\n<li class=\"bodyList__item\"><a href=\"https:\/\/profile.google.com\/cp\/CgsvZy8xMjI2ZzRoMA\" target=\"_blank\" rel=\"nofollow noopener\">Sigue a El Confidencial en Google Discover para enterarte de todas las noticias<\/a><\/li>\n<\/ul>\n<p> La nueva evidencia cient\u00edfica sobre la <strong>relaci\u00f3n entre tatuajes y melanoma<\/strong> vuelve a poner el foco en los riesgos potenciales para la salud cut\u00e1nea. Un <a href=\"https:\/\/theconversation.com\/tattoos-may-raise-the-risk-of-melanoma-skin-cancer-new-research-266809\" target=\"_blank\" rel=\"nofollow noopener\">art\u00edculo publicado en The Conversation<\/a> por la epidemi\u00f3loga <a href=\"https:\/\/www.lunduniversity.lu.se\/lucat\/user\/7d7a685f1c27961b611714626748b53d\" target=\"_blank\" rel=\"nofollow noopener\">Christel Nielsen<\/a> basado en datos de registros sanitarios suecos advierte de un incremento notable en la probabilidad de desarrollar este tipo de c\u00e1ncer entre personas tatuadas. <\/p>\n<p> El estudio, que ha sido <a href=\"https:\/\/link.springer.com\/article\/10.1007\/s10654-025-01326-6\" target=\"_blank\" rel=\"nofollow noopener\">publicado en la revista European Journal of Epidemiology<\/a>, analiz\u00f3 miles de casos de melanoma y carcinoma escamoso registrados entre 2014 y 2017, compar\u00e1ndolos con individuos sin diagn\u00f3stico de c\u00e1ncer. Adem\u00e1s, sus autores enviaron cuestionarios detallados para<strong> determinar la presencia de tatuajes, su tama\u00f1o, la zona corporal y la edad a la que se realizaron<\/strong>, con el fin de establecer si exist\u00eda alg\u00fan patr\u00f3n repetido entre los participantes. <\/p>\n<p>              <img decoding=\"async\" class=\"inTextNews__img\" alt=\"Foto: quemaduras-solares-prevenir-melanoma-1qrt\" src=\"https:\/\/www.europesays.com\/es\/wp-content\/uploads\/2025\/11\/f.elconfidencial.com\/original\/b94\/67e\/e68\/b9467ee6867d7954e897612e011e3c1c.jpg\"  \/>     <\/p>\n<p>TE PUEDE INTERESAR<\/p>\n<p>      <a class=\"inTextNews__title\" href=\"https:\/\/www.elconfidencial.com\/tecnologia\/ciencia\/2025-11-16\/quemaduras-solares-prevenir-melanoma-1qrt_4247576\/\" onclick=\"window.ECCO.emit(&#039;amplitude&#039;, { dataEventName: &#039;click_related_article_module&#039;, data: { related_article_url: &#039;https:\/\/www.elconfidencial.com\/tecnologia\/ciencia\/2025-11-16\/quemaduras-solares-prevenir-melanoma-1qrt_4247576\/&#039;, related_article_author: &#039;R. Badillo&#039;, related_article_section: &#039;ciencia&#039; } })\" rel=\"nofollow noopener\" target=\"_blank\"> Estudian la piel humana y descubren que las quemaduras solares (controladas) pueden prevenir el c\u00e1ncer <\/a>   <\/p>\n<p>    R. Badillo   <\/p>\n<p> Como explican en una <a href=\"https:\/\/www.lunduniversity.lu.se\/article\/tattoos-could-be-risk-factor-melanoma\" target=\"_blank\" rel=\"nofollow noopener\">nota de prensa emitida por la Universidad de Lund<\/a>, las personas con tatuajes mostraron <strong>un 29% m\u00e1s de probabilidad de desarrollar melanoma<\/strong>, mientras que los datos no reflejaron variaciones significativas en el carcinoma escamoso. Seg\u00fan los investigadores, este resultado sugiere que el comportamiento biol\u00f3gico de ambos tumores puede diferir, lo que refuerza la necesidad de ampliar la vigilancia sobre los <a href=\"https:\/\/www.elconfidencial.com\/bienestar\/2025-05-22\/lo-que-tienes-que-saber-antes-de-hacerte-un-tatuaje_4130813\/\" target=\"_self\" rel=\"nofollow noopener\">efectos de la tinta en la piel humana<\/a>. Sin embargo, evitar conclusiones precipitadas sigue siendo esencial. <\/p>\n<p>            Posibles mecanismos biol\u00f3gicos           <\/p>\n<p> Una de las hip\u00f3tesis planteadas en la publicaci\u00f3n se\u00f1ala que <strong>parte de las part\u00edculas de tinta no permanecen en la epidermis<\/strong>, sino que son transportadas a los <a href=\"https:\/\/www.elconfidencial.com\/salud\/2025-06-27\/linfoma-protesis-mamarias-cancer-cirugia-salud_4160092\/\" target=\"_self\" rel=\"nofollow noopener\">ganglios linf\u00e1ticos<\/a> por el sistema inmunitario. Esta reacci\u00f3n podr\u00eda favorecer procesos inflamatorios prolongados, relacionados en ocasiones con la aparici\u00f3n de determinados tumores cut\u00e1neos, aunque los especialistas insisten en que a\u00fan no existen pruebas definitivas. <\/p>\n<blockquote class=\"twitter-tweet\">\n<p lang=\"en\" dir=\"ltr\">Tattoos, especially larger ones, increase your skin and lymph nodes cancer risk. This is how you can mitigate the risk.<\/p>\n<p>0\/ A recent study on Danish twins found that having a tattoo at all (exposure to tattoo ink) increased the risk of skin cancer and lymphoma by 33%, while a\u2026 <a href=\"https:\/\/t.co\/Y3erRbQfN7\" rel=\"nofollow\">pic.twitter.com\/Y3erRbQfN7<\/a><\/p>\n<p>\u2014 Bryan Johnson (@bryan_johnson) <a href=\"https:\/\/twitter.com\/bryan_johnson\/status\/1904958484103508084?ref_src=twsrc%5Etfw\" rel=\"nofollow noopener\" target=\"_blank\">March 26, 2025<\/a><\/p><\/blockquote>\n<p> Los investigadores tambi\u00e9n comprobaron que<strong> el tama\u00f1o del tatuaje no modificaba el riesgo<\/strong>, a pesar de que los dise\u00f1os amplios contienen mayores cantidades de pigmento. A este respecto, el equipo del estudio recuerda que muchas personas tienden a sobreestimar la superficie tatuada, por lo que futuros an\u00e1lisis podr\u00edan aportar mediciones m\u00e1s precisas para <a href=\"https:\/\/www.elconfidencial.com\/espana\/2025-01-30\/tatuajes-ocu-espana-tintas-color-1qrt_4054108\/\" target=\"_self\" rel=\"nofollow noopener\">evaluar el impacto real de los compuestos qu\u00edmicos utilizados<\/a>. <\/p>\n<p> El trabajo sueco destaca igualmente por incorporar factores de estilo de vida, como <strong>la exposici\u00f3n solar, el uso de cabinas de bronceado, el tipo de piel, el nivel socioecon\u00f3mico o los h\u00e1bitos de ocio<\/strong>. Controlar estas variables resulta esencial para evitar sesgos, ya que comportamientos como <a href=\"https:\/\/www.elconfidencial.com\/bienestar\/2025-08-13\/quemadura-solar-piel-bra_4186217\/\" target=\"_self\" rel=\"nofollow noopener\">pasar muchas horas al sol<\/a> pueden incrementar el riesgo de melanoma tanto en personas tatuadas como en quienes no llevan tinta. <\/p>\n<p>            Ante todo, prudencia           <\/p>\n<p> Los autores subrayan que la investigaci\u00f3n<strong> no permite afirmar que los tatuajes causen c\u00e1ncer de piel<\/strong>. El objetivo del estudio, seg\u00fan recogen las fuentes consultadas, es llamar la atenci\u00f3n sobre un posible v\u00ednculo y reforzar la necesidad de recopilar informaci\u00f3n m\u00e1s completa en los historiales cl\u00ednicos, ya que la mayor\u00eda no registra si <a href=\"https:\/\/www.elconfidencial.com\/bienestar\/2024-06-24\/tatuajes-posibilidades-tener-cancer-linfoma_3909535\/\" target=\"_self\" rel=\"nofollow noopener\">un paciente est\u00e1 tatuado<\/a>, lo que dificulta el seguimiento a largo plazo. <\/p>\n<p>                  <img decoding=\"async\" class=\"inTextNews__img\" alt=\"Foto: ranolazina-melanoma-estudio-ratones\" src=\"https:\/\/www.europesays.com\/es\/wp-content\/uploads\/2025\/11\/f.elconfidencial.com\/original\/5ac\/2c7\/90a\/5ac2c790a1104c3e5f22eca15f5b8525.jpg\"  \/>     <\/p>\n<p>TE PUEDE INTERESAR<\/p>\n<p>      <a class=\"inTextNews__title\" href=\"https:\/\/www.elconfidencial.com\/bienestar\/2023-08-10\/ranolazina-melanoma-estudio-ratones_3716338\/\" onclick=\"window.ECCO.emit(&#039;amplitude&#039;, { dataEventName: &#039;click_related_article_module&#039;, data: { related_article_url: &#039;https:\/\/www.elconfidencial.com\/bienestar\/2023-08-10\/ranolazina-melanoma-estudio-ratones_3716338\/&#039;, related_article_author: &#039;Fran S\u00e1nchez Becerril&#039;, related_article_section: &#039;bienestar&#039; } })\" rel=\"nofollow noopener\" target=\"_blank\"> Una nueva esperanza contra el c\u00e1ncer de piel: un f\u00e1rmaco que ya se usa para el coraz\u00f3n <\/a>   <\/p>\n<p>    Fran S\u00e1nchez Becerril   <\/p>\n<p> Los especialistas recuerdan que las personas tatuadas deben mantener las <strong>mismas medidas de fotoprotecci\u00f3n recomendadas <\/strong>para el conjunto de la poblaci\u00f3n: aplicar crema solar, evitar exposiciones prolongadas y consultar con un <a href=\"https:\/\/www.elconfidencial.com\/bienestar\/2023-12-06\/piel-del-futuro-cinco-innovaciones_3786877\/\" target=\"_self\" rel=\"nofollow noopener\">dermat\u00f3logo<\/a> cualquier cambio sospechoso. Con la presencia creciente de tatuajes en la sociedad, comprender sus efectos sobre la piel humana se ha convertido en una prioridad para la salud p\u00fablica. <\/p>\n<p>         <script async src=\"https:\/\/platform.twitter.com\/widgets.js\" charset=\"utf-8\"><\/script><\/p>\n","protected":false},"excerpt":{"rendered":"El animal m\u00e1s resistente de la Tierra tiene la clave para parar el c\u00e1ncer y los ataques card\u00edacos&hellip;\n","protected":false},"author":2,"featured_media":261333,"comment_status":"","ping_status":"","sticky":false,"template":"","format":"standard","meta":{"footnotes":""},"categories":[92],"tags":[25,24,165,166,23],"class_list":{"0":"post-261332","1":"post","2":"type-post","3":"status-publish","4":"format-standard","5":"has-post-thumbnail","7":"category-salud","8":"tag-es","9":"tag-espana","10":"tag-health","11":"tag-salud","12":"tag-spain"},"share_on_mastodon":{"url":"https:\/\/pubeurope.com\/@es\/115630579822929484","error":""},"_links":{"self":[{"href":"https:\/\/www.europesays.com\/es\/wp-json\/wp\/v2\/posts\/261332","targetHints":{"allow":["GET"]}}],"collection":[{"href":"https:\/\/www.europesays.com\/es\/wp-json\/wp\/v2\/posts"}],"about":[{"href":"https:\/\/www.europesays.com\/es\/wp-json\/wp\/v2\/types\/post"}],"author":[{"embeddable":true,"href":"https:\/\/www.europesays.com\/es\/wp-json\/wp\/v2\/users\/2"}],"replies":[{"embeddable":true,"href":"https:\/\/www.europesays.com\/es\/wp-json\/wp\/v2\/comments?post=261332"}],"version-history":[{"count":0,"href":"https:\/\/www.europesays.com\/es\/wp-json\/wp\/v2\/posts\/261332\/revisions"}],"wp:featuredmedia":[{"embeddable":true,"href":"https:\/\/www.europesays.com\/es\/wp-json\/wp\/v2\/media\/261333"}],"wp:attachment":[{"href":"https:\/\/www.europesays.com\/es\/wp-json\/wp\/v2\/media?parent=261332"}],"wp:term":[{"taxonomy":"category","embeddable":true,"href":"https:\/\/www.europesays.com\/es\/wp-json\/wp\/v2\/categories?post=261332"},{"taxonomy":"post_tag","embeddable":true,"href":"https:\/\/www.europesays.com\/es\/wp-json\/wp\/v2\/tags?post=261332"}],"curies":[{"name":"wp","href":"https:\/\/api.w.org\/{rel}","templated":true}]}}