{"id":261336,"date":"2025-11-29T02:18:14","date_gmt":"2025-11-29T02:18:14","guid":{"rendered":"https:\/\/www.europesays.com\/es\/261336\/"},"modified":"2025-11-29T02:18:14","modified_gmt":"2025-11-29T02:18:14","slug":"salmonella-en-consum-meat-burger-de-pollo","status":"publish","type":"post","link":"https:\/\/www.europesays.com\/es\/261336\/","title":{"rendered":"Salmonella en Consum meat burger de pollo"},"content":{"rendered":"<p>La Comunidad Valenciana ha lanzado una<a href=\"https:\/\/www.aesan.gob.es\/AECOSAN\/web\/seguridad_alimentaria\/alertas_alimentarias\/2025_61.htm\" target=\"_blank\" rel=\"nofollow noopener\"> alerta <\/a>a trav\u00e9s del sistema de alerta r\u00e1pida (SCIRI) sobre la presencia de\u00a0<strong>Salmonella<\/strong><strong> en preparado de carne burger meat de pollo de la marca CONSUM, difundida por la AESAN.<\/strong><\/p>\n<p>La informaci\u00f3n proviene de los sistemas de control de la empresa, que la ha traladado a las autoridades sanitarias que han\u00a0<strong>ordenado la retirada del producto de la venta.<\/strong><\/p>\n<p>\u00bfCu\u00e1l es el producto afectado?\u00a0<\/p>\n<p>Los datos del producto implicado son:<\/p>\n<ul>\n<li>Nombre del producto: \u00a0<strong>Preparado de carne Burger meat de pollo<\/strong>.<\/li>\n<li>Nombre de marca:<strong> Consum<\/strong>.<\/li>\n<li>Aspecto del producto: envasado en <strong>bandeja de pl\u00e1stico de 400 g.<\/strong><\/li>\n<li>N\u00fameros de lote: <strong>2830 y 1671.<\/strong><\/li>\n<li>Fecha de <strong>caducidad: 01\/12\/2025<\/strong> (ambos lotes).<\/li>\n<li>Peso de unidad: <strong>400 g.<\/strong><\/li>\n<li>Temperatura: <strong>Refrigerado.<\/strong><\/li>\n<\/ul>\n<p>Este producto se ha distribuido en comercios de <strong>Andaluc\u00eda, Arag\u00f3n, Comunidad Valenciana, Castilla-La Mancha, Catalu\u00f1a y Murcia<\/strong>. La empresa <strong>ya ha retirado los lotes implicados de sus lineales<\/strong>. El resto de los lotes comercializados son seguros para su consumo.<\/p>\n<p style=\"text-align: center;\"><a role=\"button\" href=\"https:\/\/www.aesan.gob.es\/AECOSAN\/web\/seguridad_alimentaria\/alertas_alimentarias\/2025_61.htm\" class=\"btn btn--primary btn--large\" target=\"_blank\">M\u00c1S INFORMACI\u00d3N SOBRE ESTA ALERTA<\/a><\/p>\n<p>\u00a0\u00bfQu\u00e9 debes hacer?<\/p>\n<p><strong>Si tienes esta burger meat de pollo en tu frigor\u00edfico, no la consumas <\/strong>y, en su caso,\u00a0solicita el reembolso del producto en el comercio donde la hubieran adquirido.\u00a0<\/p>\n<p><strong>Si ya has ingerido uno de los lotes afectados y presentas\u00a0diarrea o v\u00f3mitos<\/strong>, acompa\u00f1ados de dolor de cabeza, los s\u00edntomas\u00a0compatibles con la salmonelosis, <strong>acude a un centro de salud y pide justificantes<\/strong> de la atenci\u00f3n recibida para en su caso poder exigir la correspondiente indemnizaci\u00f3n.\u00a0<\/p>\n<p>\u00bfCu\u00e1l es el riesgo de la Salmonella?<\/p>\n<p>La Salmonella es una bacteria que en ocasiones se encuentra en el huevo crudo o poco cocinado, carnes crudas o poco cocinadas (sobre todo de aves), leche y l\u00e1cteos&#8230; pero tambi\u00e9n\u00a0verduras u hortalizas crudas regadas con aguas contaminadas, o incluso mariscos.<\/p>\n<p>Cuando comes <strong>un producto contaminado con esta bacteria puedes empezar a notar\u00a0fiebre, dolor abdominal, diarrea y v\u00f3mitos, dolor de cabeza o malestar<\/strong>. Los s\u00edntomas aparecen entre 12 y 36 horas despu\u00e9s de haberlo comido (o antes de ese tiempo) y suelen durar entre 2 y 7 d\u00edas. Aunque <strong>normalmente se cura sin complicaciones, en ni\u00f1os, ancianos o enfermos puede ocasionar una deshidrataci\u00f3n<\/strong> con fatales consecuencias si no se trata.\u00a0<\/p>\n","protected":false},"excerpt":{"rendered":"La Comunidad Valenciana ha lanzado una alerta a trav\u00e9s del sistema de alerta r\u00e1pida (SCIRI) sobre la presencia&hellip;\n","protected":false},"author":2,"featured_media":261337,"comment_status":"","ping_status":"","sticky":false,"template":"","format":"standard","meta":{"footnotes":""},"categories":[80],"tags":[65220,82,65218,65221,48865,95,94,25,24,65219,65217,11769,23],"class_list":{"0":"post-261336","1":"post","2":"type-post","3":"status-publish","4":"format-standard","5":"has-post-thumbnail","7":"category-economia","8":"tag-alerta-por-salmonella","9":"tag-business","10":"tag-carne-picada-de-pollo","11":"tag-carne-picada-de-pollo-consum","12":"tag-consum","13":"tag-economia","14":"tag-economy","15":"tag-es","16":"tag-espana","17":"tag-meat-burger","18":"tag-pollo","19":"tag-salmonelosis","20":"tag-spain"},"share_on_mastodon":{"url":"https:\/\/pubeurope.com\/@es\/115630591591381136","error":""},"_links":{"self":[{"href":"https:\/\/www.europesays.com\/es\/wp-json\/wp\/v2\/posts\/261336","targetHints":{"allow":["GET"]}}],"collection":[{"href":"https:\/\/www.europesays.com\/es\/wp-json\/wp\/v2\/posts"}],"about":[{"href":"https:\/\/www.europesays.com\/es\/wp-json\/wp\/v2\/types\/post"}],"author":[{"embeddable":true,"href":"https:\/\/www.europesays.com\/es\/wp-json\/wp\/v2\/users\/2"}],"replies":[{"embeddable":true,"href":"https:\/\/www.europesays.com\/es\/wp-json\/wp\/v2\/comments?post=261336"}],"version-history":[{"count":0,"href":"https:\/\/www.europesays.com\/es\/wp-json\/wp\/v2\/posts\/261336\/revisions"}],"wp:featuredmedia":[{"embeddable":true,"href":"https:\/\/www.europesays.com\/es\/wp-json\/wp\/v2\/media\/261337"}],"wp:attachment":[{"href":"https:\/\/www.europesays.com\/es\/wp-json\/wp\/v2\/media?parent=261336"}],"wp:term":[{"taxonomy":"category","embeddable":true,"href":"https:\/\/www.europesays.com\/es\/wp-json\/wp\/v2\/categories?post=261336"},{"taxonomy":"post_tag","embeddable":true,"href":"https:\/\/www.europesays.com\/es\/wp-json\/wp\/v2\/tags?post=261336"}],"curies":[{"name":"wp","href":"https:\/\/api.w.org\/{rel}","templated":true}]}}