{"id":261338,"date":"2025-11-29T02:19:12","date_gmt":"2025-11-29T02:19:12","guid":{"rendered":"https:\/\/www.europesays.com\/es\/261338\/"},"modified":"2025-11-29T02:19:12","modified_gmt":"2025-11-29T02:19:12","slug":"geologos-espanoles-hallan-una-cicatriz-que-se-esta-abriendo-entre-dos-continentes-la-brecha-se-expande-05-mm-al-ano","status":"publish","type":"post","link":"https:\/\/www.europesays.com\/es\/261338\/","title":{"rendered":"Ge\u00f3logos espa\u00f1oles hallan una \u2018cicatriz\u2019 que se est\u00e1 abriendo entre dos continentes: la brecha se expande 0,5 mm al a\u00f1o"},"content":{"rendered":"<p class=\"\">Durante a\u00f1os, el <b>Golfo de Suez<\/b> fue considerado un <b>\u201crift fallido\u201d<\/b>: una fractura tect\u00f3nica que hab\u00eda dejado de abrirse hac\u00eda millones de a\u00f1os, tras intentar en el pasado dar forma a un nuevo oc\u00e9ano. Pero un reciente <b>estudio<\/b>, publicado en 2025 en la revista <b>Geophysical Research Letters<\/b>, demuestra que esa suposici\u00f3n ya no es v\u00e1lida. <b>La fractura que separa las placas africana y ar\u00e1biga sigue activ\u00e1ndose, aunque muy lentamente<\/b>.<\/p>\n<p>Evidencias de una actividad persistente<\/p>\n<p class=\"\">El equipo liderado por el ge\u00f3logo <b>David Fern\u00e1ndez\u2011Blanco<\/b> analiz\u00f3 alrededor de <b>300 kil\u00f3metros del rift<\/b>, atendiendo al relieve, cursos de r\u00edos, fallas geol\u00f3gicas y antiguas terrazas costeras. Entre los hallazgos, destacan <b>arrecifes de coral f\u00f3siles<\/b>, formados cuando el nivel del mar era alto, que hoy <b>se elevan hasta 18 \u2013 18,5 metros sobre el nivel actual del Golfo<\/b>. Ese levantamiento solo puede explicarse por deformaciones de la corteza terrestre provocadas por actividad tect\u00f3nica.<\/p>\n<p class=\"\">Adem\u00e1s, se identificaron patrones de drenaje fluvial inusuales, como <b>tramos de r\u00edos con desniveles repentinos o \u201cescalones\u201d <\/b>en zonas de fallas, que no se explican por erosi\u00f3n natural, sino por desplazamientos del terreno. Junto con estos datos topogr\u00e1ficos y geomorfol\u00f3gicos, los investigadores observaron escarpes elevados y <b>deformaciones<\/b> recientes <b>de la corteza<\/b>, lo que se\u00f1ala fallas activas.<\/p>\n<p>Una separaci\u00f3n lenta pero continua<\/p>\n<p class=\"\">Las <b>tasas de expansi\u00f3n<\/b> actuales no son demasiado elevadas: <b>entre 0,26 y 0,55 mil\u00edmetros por a\u00f1o<\/b>. Puede parecer un movimiento casi imperceptible, menos que el crecimiento de una u\u00f1a, pero en t\u00e9rminos geol\u00f3gicos son <b>significativas<\/b>. Indican que el rift no est\u00e1 muerto, simplemente se ha ralentizado.<\/p>\n<p class=\"\">M\u00e1s all\u00e1 de reescribir parte de la historia tect\u00f3nica de la zona, estos hallazgos tienen <b>implicaciones pr\u00e1cticas<\/b>. La persistente <b>actividad tect\u00f3nica implica que la regi\u00f3n no es tan estable como se cre\u00eda<\/b>. Con el tiempo, la acumulaci\u00f3n de tensi\u00f3n <b>podr\u00eda desencadenar sismos moderados o fuertes<\/b>, especialmente si fallas antiguas se reactivan.<\/p>\n<p>Noticias relacionadas<a href=\"https:\/\/as.com\/actualidad\/sorteos\/ni-supersticion-ni-augurio-estos-gestos-cognitivos-enganan-a-tu-cerebro-para-que-sigas-jugando-la-loteria-de-navidad-f202511-n\/\" class=\"s_m_w\" title=\"La mente humana trata de llevar a cabo una desviaci\u00f3n de los procesos mentales habituales, haciendo que se interprete la realidad de manera err\u00f3nea.\" data-tb-link=\"\" rel=\"nofollow noopener\" target=\"_blank\"><img decoding=\"async\" src=\"https:\/\/www.europesays.com\/es\/wp-content\/uploads\/2025\/11\/NVV535PG45ADHKMKMQVYHEUOYU.jpg\" alt=\"Ni superstici\u00f3n ni augurio: estos gestos cognitivos enga\u00f1an a tu cerebro para que sigas jugando la Loter\u00eda de Navidad\" class=\"\" height=\"9\" width=\"16\"   loading=\"lazy\" data-tb-thumbnail=\"\"\/><\/a><a href=\"https:\/\/as.com\/actualidad\/ciencia\/espana-sorpassa-a-estados-unidos-con-una-megaconstruccion-astronomica-en-las-islas-canarias-representa-una-oportunidad-f202511-n\/\" class=\"s_m_w\" title=\"La isla de La Palma es una de las principales candidaturas para la instalaci\u00f3n del Telescopio de Treinta Metros (TMT).\" data-tb-link=\"\" rel=\"nofollow noopener\" target=\"_blank\"><img decoding=\"async\" src=\"https:\/\/www.europesays.com\/es\/wp-content\/uploads\/2025\/11\/SPIP2GVGLBHFNJBLAFVFRJHI4I.png\" alt=\"Espa\u00f1a \u2018sorpassa\u2019 a Estados Unidos con una megaconstrucci\u00f3n astron\u00f3mica en las Islas Canarias: \u201cRepresenta una oportunidad\u201d\" class=\"\" height=\"9\" width=\"16\"   loading=\"lazy\" data-tb-thumbnail=\"\"\/><\/a><\/p>\n<p class=\"\">Por otro lado, el descubrimiento abre la puerta a <b>reconsiderar otros rifts \u201cinactivos\u201d alrededor del mundo<\/b>: muchos podr\u00edan estar simplemente en un estado de actividad d\u00e9bil, pero suficiente como para modificar lentamente la geograf\u00eda y la estabilidad de esas zonas.<\/p>\n<p class=\"\"><b>\u00a1Tus opiniones importan!<\/b> Comenta en los art\u00edculos y suscr\u00edbete gratis a nuestra <a href=\"https:\/\/asfan.as.com\/newsletters\/\" target=\"_blank\" rel=\"nofollow noopener\" title=\"https:\/\/asfan.as.com\/newsletters\/\">newsletter<\/a> y a las alertas informativas en la <a href=\"https:\/\/as.com\/aplicacion-de-as-n\/\" target=\"_blank\" rel=\"nofollow noopener\" title=\"https:\/\/as.com\/aplicacion-de-as-n\/\">App<\/a> o el canal de <a href=\"https:\/\/www.whatsapp.com\/channel\/0029VaAasdA7j6g745nz9M10\" target=\"_blank\" rel=\"nofollow noopener\" title=\"https:\/\/www.whatsapp.com\/channel\/0029VaAasdA7j6g745nz9M10\">WhatsApp<\/a>. \u00bfBuscas licenciar contenido? Haz clic <a href=\"https:\/\/profesional.elpais.com\/soluciones-sindicacion?utm_medium=interno&amp;utm_source=crosslinking&amp;utm_campaign=sindicacion_as_pie_articulos\" target=\"_blank\" rel=\"nofollow noopener\" title=\"https:\/\/profesional.elpais.com\/soluciones-sindicacion?utm_medium=interno&amp;utm_source=crosslinking&amp;utm_campaign=sindicacion_as_pie_articulos\">aqu\u00ed<\/a><\/p>\n","protected":false},"excerpt":{"rendered":"Durante a\u00f1os, el Golfo de Suez fue considerado un \u201crift fallido\u201d: una fractura tect\u00f3nica que hab\u00eda dejado de&hellip;\n","protected":false},"author":2,"featured_media":261339,"comment_status":"","ping_status":"","sticky":false,"template":"","format":"standard","meta":{"footnotes":""},"categories":[42],"tags":[17,18,13,14,11,61,62,63,64,19,20,9,10,15,16,12,21,22,65,66,67],"class_list":{"0":"post-261338","1":"post","2":"type-post","3":"status-publish","4":"format-standard","5":"has-post-thumbnail","7":"category-internacional","8":"tag-breaking-news","9":"tag-breakingnews","10":"tag-featured-news","11":"tag-featurednews","12":"tag-headlines","13":"tag-internacional","14":"tag-international","15":"tag-international-news","16":"tag-internationalnews","17":"tag-latest-news","18":"tag-latestnews","19":"tag-news","20":"tag-noticias","21":"tag-noticias-destacadas","22":"tag-noticiasdestacadas","23":"tag-titulares","24":"tag-ultimas-noticias","25":"tag-ultimasnoticias","26":"tag-world","27":"tag-world-news","28":"tag-worldnews"},"share_on_mastodon":{"url":"https:\/\/pubeurope.com\/@es\/115630595624969436","error":""},"_links":{"self":[{"href":"https:\/\/www.europesays.com\/es\/wp-json\/wp\/v2\/posts\/261338","targetHints":{"allow":["GET"]}}],"collection":[{"href":"https:\/\/www.europesays.com\/es\/wp-json\/wp\/v2\/posts"}],"about":[{"href":"https:\/\/www.europesays.com\/es\/wp-json\/wp\/v2\/types\/post"}],"author":[{"embeddable":true,"href":"https:\/\/www.europesays.com\/es\/wp-json\/wp\/v2\/users\/2"}],"replies":[{"embeddable":true,"href":"https:\/\/www.europesays.com\/es\/wp-json\/wp\/v2\/comments?post=261338"}],"version-history":[{"count":0,"href":"https:\/\/www.europesays.com\/es\/wp-json\/wp\/v2\/posts\/261338\/revisions"}],"wp:featuredmedia":[{"embeddable":true,"href":"https:\/\/www.europesays.com\/es\/wp-json\/wp\/v2\/media\/261339"}],"wp:attachment":[{"href":"https:\/\/www.europesays.com\/es\/wp-json\/wp\/v2\/media?parent=261338"}],"wp:term":[{"taxonomy":"category","embeddable":true,"href":"https:\/\/www.europesays.com\/es\/wp-json\/wp\/v2\/categories?post=261338"},{"taxonomy":"post_tag","embeddable":true,"href":"https:\/\/www.europesays.com\/es\/wp-json\/wp\/v2\/tags?post=261338"}],"curies":[{"name":"wp","href":"https:\/\/api.w.org\/{rel}","templated":true}]}}