{"id":261340,"date":"2025-11-29T02:20:20","date_gmt":"2025-11-29T02:20:20","guid":{"rendered":"https:\/\/www.europesays.com\/es\/261340\/"},"modified":"2025-11-29T02:20:20","modified_gmt":"2025-11-29T02:20:20","slug":"cuatro-testigos-aseguran-que-begona-gomez-registro-el-dominio-de-su-catedra-y-firmo-pliegos-siguiendo-las-normas-de-la-complutense-tribunales","status":"publish","type":"post","link":"https:\/\/www.europesays.com\/es\/261340\/","title":{"rendered":"Cuatro testigos aseguran que Bego\u00f1a G\u00f3mez registr\u00f3 el dominio de su c\u00e1tedra y firm\u00f3 pliegos siguiendo las normas de la Complutense | Tribunales"},"content":{"rendered":"<p class=\"loc\">Madrid<\/p>\n<p>El juez Juan Carlos Peinado ha escuchado a cuatro testigos propuestos por Bego\u00f1a G\u00f3mez un a\u00f1o despu\u00e9s de que los propusiera. La Audiencia de Madrid oblig\u00f3 al juez a citarlos. Los cuatro han asegurado que la mujer del presidente del Gobierno sigui\u00f3 la normativa y la pr\u00e1ctica habitual en la Universidad Complutense para registrar el dominio de la c\u00e1tedra de Transformaci\u00f3n Social Competitiva que codirigi\u00f3 y en la firma de los pliegos de contrataci\u00f3n. <\/p>\n<p>Los testigos que han declarado han sido dos funcionarias de la oficina de transparencia, una interventora y tambi\u00e9n la directora de una c\u00e1tedra similar a la de Bego\u00f1a G\u00f3mez. Esta \u00faltima ha asegurado que ella tambi\u00e9n registr\u00f3 el dominio de su formaci\u00f3n acad\u00e9mica a su nombre. <\/p>\n<p>Peinado atribuy\u00f3 los delitos de intrusismo profesional y apropiaci\u00f3n indebida de marca a G\u00f3mez hace ahora un a\u00f1o y lo hizo precisamente por el registro del dominio y la firma de los pliegos.<\/p>\n","protected":false},"excerpt":{"rendered":"Madrid El juez Juan Carlos Peinado ha escuchado a cuatro testigos propuestos por Bego\u00f1a G\u00f3mez un a\u00f1o despu\u00e9s&hellip;\n","protected":false},"author":2,"featured_media":261341,"comment_status":"","ping_status":"","sticky":false,"template":"","format":"standard","meta":{"footnotes":""},"categories":[8],"tags":[17,18,25,24,13,14,11,19,20,9,10,15,16,23,12,21,22],"class_list":{"0":"post-261340","1":"post","2":"type-post","3":"status-publish","4":"format-standard","5":"has-post-thumbnail","7":"category-espana","8":"tag-breaking-news","9":"tag-breakingnews","10":"tag-es","11":"tag-espana","12":"tag-featured-news","13":"tag-featurednews","14":"tag-headlines","15":"tag-latest-news","16":"tag-latestnews","17":"tag-news","18":"tag-noticias","19":"tag-noticias-destacadas","20":"tag-noticiasdestacadas","21":"tag-spain","22":"tag-titulares","23":"tag-ultimas-noticias","24":"tag-ultimasnoticias"},"share_on_mastodon":{"url":"https:\/\/pubeurope.com\/@es\/115630599458203344","error":""},"_links":{"self":[{"href":"https:\/\/www.europesays.com\/es\/wp-json\/wp\/v2\/posts\/261340","targetHints":{"allow":["GET"]}}],"collection":[{"href":"https:\/\/www.europesays.com\/es\/wp-json\/wp\/v2\/posts"}],"about":[{"href":"https:\/\/www.europesays.com\/es\/wp-json\/wp\/v2\/types\/post"}],"author":[{"embeddable":true,"href":"https:\/\/www.europesays.com\/es\/wp-json\/wp\/v2\/users\/2"}],"replies":[{"embeddable":true,"href":"https:\/\/www.europesays.com\/es\/wp-json\/wp\/v2\/comments?post=261340"}],"version-history":[{"count":0,"href":"https:\/\/www.europesays.com\/es\/wp-json\/wp\/v2\/posts\/261340\/revisions"}],"wp:featuredmedia":[{"embeddable":true,"href":"https:\/\/www.europesays.com\/es\/wp-json\/wp\/v2\/media\/261341"}],"wp:attachment":[{"href":"https:\/\/www.europesays.com\/es\/wp-json\/wp\/v2\/media?parent=261340"}],"wp:term":[{"taxonomy":"category","embeddable":true,"href":"https:\/\/www.europesays.com\/es\/wp-json\/wp\/v2\/categories?post=261340"},{"taxonomy":"post_tag","embeddable":true,"href":"https:\/\/www.europesays.com\/es\/wp-json\/wp\/v2\/tags?post=261340"}],"curies":[{"name":"wp","href":"https:\/\/api.w.org\/{rel}","templated":true}]}}