{"id":261342,"date":"2025-11-29T02:21:10","date_gmt":"2025-11-29T02:21:10","guid":{"rendered":"https:\/\/www.europesays.com\/es\/261342\/"},"modified":"2025-11-29T02:21:10","modified_gmt":"2025-11-29T02:21:10","slug":"richard-gere-protagoniza-el-encendido-del-gran-arbol-de-navidad-de-murcia","status":"publish","type":"post","link":"https:\/\/www.europesays.com\/es\/261342\/","title":{"rendered":"Richard Gere protagoniza el encendido del Gran \u00c1rbol de Navidad de Murcia"},"content":{"rendered":"<p class=\"article-text\">\n        \u201cSin importar lo que nos digan los malos, nacimos seres de luz y vamos a ser siempre seres de luz\u201d. Con estas palabras ha dado paso el actor Richard Gere al encendido del Gran \u00c1rbol de Navidad en la plaza Circular de la ciudad de Murcia esta tarde. El estadounidense, junto con su pareja, la activista y empresaria Alejandra Silva, y ni\u00f1os de la Fundaci\u00f3n Aladina, han sido los encargados de inaugurar las fiestas.\n    <\/p>\n<p>    <a href=\"https:\/\/www.eldiario.es\/cultura\/cine\/richard-gere-donald-trump-no-loco-presencia-oscura-seis-meses-destruido-pais_1_12644175.html\" data-mrf-recirculation=\"saber-mas\" data-dl-event=\"saber-mas\" rel=\"nofollow noopener\" target=\"_blank\"><\/p>\n<p class=\"know-more__title\">Richard Gere, sobre Donald Trump: \u00abNo solo est\u00e1 loco, es una presencia oscura. En seis meses ha destruido nuestro pa\u00eds\u00bb<\/p>\n<p>            <img decoding=\"async\" class=\"lazy\" loading=\"lazy\" data-src=\"https:\/\/static.eldiario.es\/clip\/32741204-96e3-4bf1-a31c-7033ea72a036_16-9-aspect-ratio_default_0.jpg\" src=\"data:image\/svg+xml,%3Csvg xmlns=\" http:=\"\" viewbox=\"0 0 880 495\" alt=\"Richard Gere, sobre Donald Trump: &quot;No solo est\u00e1 loco, es una presencia oscura. En seis meses ha destruido nuestro pa\u00eds&quot;\"\/><\/p>\n<p>                        <\/a><\/p>\n<p class=\"article-text\">\n        Las declaraciones de la estrella de Hollywood llegan dos meses despu\u00e9s de referirse a <a href=\"https:\/\/www.eldiario.es\/cultura\/cine\/richard-gere-donald-trump-no-loco-presencia-oscura-seis-meses-destruido-pais_1_12644175.html\" target=\"_blank\" data-mrf-recirculation=\"links-noticia\" class=\"link\" rel=\"nofollow noopener\">la \u201cpresencia oscura\u201d del presidente de Estados Unidos<\/a>, Donald Trump, de quien critic\u00f3 su gesti\u00f3n por \u201ccasi destruir\u201d su pa\u00eds. En esta ocasi\u00f3n, el mensaje, cargado de simbolismo, sido previo al encendido del \u00e1rbol. \u201cAs\u00ed que espero que cuando se ilumine este \u00e1rbol incre\u00edble podamos imaginarnos que cada una de nuestras luces singulares se va a unir a las luces de todos los dem\u00e1s y podamos imaginarnos este jard\u00edn extraordinario que podr\u00eda ser este mundo si trabajamos para que esto suceda juntos\u201d, ha dicho, rodeado de ni\u00f1os y gracias a la traducci\u00f3n de su pareja.\n    <\/p>\n<p class=\"article-text\">\n        Acto seguido, un coraz\u00f3n ha ascendido hasta los dos kil\u00f3metros de altura, para dar paso a las luces.\n    <\/p>\n<blockquote class=\"twitter-tweet\" data-lang=\"es\"><p><a href=\"https:\/\/twitter.com\/X\/status\/1994480411615903891?ref_src=twsrc%5Etfw\" rel=\"nofollow noopener\" target=\"_blank\"><\/p><\/blockquote>\n<p class=\"article-text\">\n        Mientras la plaza se iba llenando a lo largo de la tarde, la pareja Gere se encontraba en el hospital Virgen de la Arrixaca, encargada de apadrinar la primera piedra del que ser\u00e1 el gimnasio pedi\u00e1trico m\u00e1s grande de Espa\u00f1a.\n    <\/p>\n<p class=\"article-text\">\n        \u201cEs un d\u00eda hist\u00f3rico para la Regi\u00f3n de Murcia\u201d, ha resaltado el presidente auton\u00f3mico, Fernando L\u00f3pez Miras, ya que este gimnasio \u201cser\u00e1 un espacio pionero\u201d y \u201cun s\u00edmbolo de esperanza, de superaci\u00f3n y de vida\u201d que \u201cno s\u00f3lo mejorar\u00e1 el estado f\u00edsico de los ni\u00f1os, sino tambi\u00e9n su \u00e1nimo\u201d.\n    <\/p>\n<p>            <img decoding=\"async\" class=\"lazy\" loading=\"lazy\" data-src=\"https:\/\/static.eldiario.es\/clip\/ee116877-7962-4ff0-8db5-42506460cd18_16-9-discover-aspect-ratio_default_0_x1298y318.jpg\" src=\"data:image\/svg+xml,%3Csvg xmlns=\" http:=\"\" viewbox=\"0 0 1200 675\" alt=\"El jefe del Ejecutivo auton\u00f3mico, Fernando L\u00f3pez Miras, presidi\u00f3 hoy el acto de colocaci\u00f3n de la primera piedra del primer gimnasio oncol\u00f3gico pedi\u00e1trico y de adolescentes de Espa\u00f1a.\"\/><\/p>\n<p class=\"article-text\">\n        En los d\u00edas previos, el int\u00e9rprete visit\u00f3 un acto de la fundaci\u00f3n Hogar S\u00ed, en colaboraci\u00f3n con la Comunidad Aut\u00f3noma. El actor lleva colaborando desde el a\u00f1o 2015 con esta organizaci\u00f3n sin \u00e1nimo de lucro, centrada en erradicar el sinhogarismo en Espa\u00f1a.\n    <\/p>\n<p>    Un fen\u00f3meno de masas<\/p>\n<p class=\"article-text\">\n        La presencia de Richard Gere en la capital murciana ha dejado im\u00e1genes de largas colas de gente esperando para poder acceder al recinto en que iba a celebrarse el inicio de las fiestas navide\u00f1as. Tras horas de espera, los ciudadanos y ciudadanas de la ciudad han entrado corriendo a la plaza.\n    <\/p>\n<blockquote class=\"twitter-tweet\" data-lang=\"es\"><p><a href=\"https:\/\/twitter.com\/X\/status\/1994452743063208074?ref_src=twsrc%5Etfw\" rel=\"nofollow noopener\" target=\"_blank\"><\/p><\/blockquote>\n<p class=\"article-text\">\n        Una efusividad tal que ha provocado las l\u00e1grimas de varios de los asistentes mientras Richard Gere pronunciaba su discurso previo al encendido.\n    <\/p>\n<blockquote class=\"twitter-tweet\" data-lang=\"es\"><p><a href=\"https:\/\/twitter.com\/X\/status\/1994479010718601589?ref_src=twsrc%5Etfw\" rel=\"nofollow noopener\" target=\"_blank\"><\/p><\/blockquote>\n<p class=\"article-text\">\n        Y, aunque el concejal de Movilidad, Jos\u00e9 Francisco Mu\u00f1oz, trat\u00f3 de explicar algunas de las medidas del Ayuntamiento para la inaguraci\u00f3n del Gran \u00c1rbol, as\u00ed como para la jornada de &#8216;black friday&#8217;&#8230; los ciudadanos lo han interpretado a su manera.\n    <\/p>\n<p>    <a href=\"https:\/\/www.eldiario.es\/murcia\/sociedad\/richard-gere-encendera-gran-arbol-navidad-murcia_1_12787746.html\" data-mrf-recirculation=\"saber-mas-abajo\" data-dl-event=\"saber-mas-abajo\" rel=\"nofollow noopener\" target=\"_blank\"><\/p>\n<p class=\"know-more__title\">Richard Gere encender\u00e1 el Gran \u00c1rbol de la Navidad de Murcia\n<\/p>\n<p>            <img decoding=\"async\" class=\"lazy\" loading=\"lazy\" data-src=\"https:\/\/static.eldiario.es\/clip\/32741204-96e3-4bf1-a31c-7033ea72a036_16-9-aspect-ratio_default_0.jpg\" src=\"data:image\/svg+xml,%3Csvg xmlns=\" http:=\"\" viewbox=\"0 0 880 495\" alt=\"Richard Gere encender\u00e1 el Gran \u00c1rbol de la Navidad de Murcia\"\/><\/p>\n<p>                        <\/a><\/p>\n<p class=\"article-text\">\n        Mu\u00f1oz inform\u00f3 acerca de la gratuidad del aparcamiento en los aleda\u00f1os de la plaza, as\u00ed como del transporte p\u00fablico (autob\u00fas y tranv\u00eda), para favorecer el tr\u00e1nsito al recinto. Sin embargo, algunos usuarios, al proceder al pago de su billete en el autob\u00fas, aseguran haber encontrado respuestas del conductor tales como \u201cNo pagues, que hoy es gratis: viene Richard Gere\u201d.\n    <\/p>\n<blockquote class=\"twitter-tweet\" data-lang=\"es\"><p><a href=\"https:\/\/twitter.com\/X\/status\/1994442370788495669?ref_src=twsrc%5Etfw\" rel=\"nofollow noopener\" target=\"_blank\"><\/p><\/blockquote>\n<p>                                    <script async src=\"https:\/\/platform.twitter.com\/widgets.js\" charset=\"utf-8\"><\/script><\/p>\n","protected":false},"excerpt":{"rendered":"\u201cSin importar lo que nos digan los malos, nacimos seres de luz y vamos a ser siempre seres&hellip;\n","protected":false},"author":2,"featured_media":261343,"comment_status":"","ping_status":"","sticky":false,"template":"","format":"standard","meta":{"footnotes":""},"categories":[5],"tags":[10684,17,18,63384,25,24,13,14,12075,3956,11,19,20,1478,2951,9,10,15,16,20521,12074,23,12,21,22],"class_list":{"0":"post-261342","1":"post","2":"type-post","3":"status-publish","4":"format-standard","5":"has-post-thumbnail","7":"category-titulares","8":"tag-arbol","9":"tag-breaking-news","10":"tag-breakingnews","11":"tag-encendido","12":"tag-es","13":"tag-espana","14":"tag-featured-news","15":"tag-featurednews","16":"tag-gere","17":"tag-gran","18":"tag-headlines","19":"tag-latest-news","20":"tag-latestnews","21":"tag-murcia","22":"tag-navidad","23":"tag-news","24":"tag-noticias","25":"tag-noticias-destacadas","26":"tag-noticiasdestacadas","27":"tag-protagoniza","28":"tag-richard","29":"tag-spain","30":"tag-titulares","31":"tag-ultimas-noticias","32":"tag-ultimasnoticias"},"share_on_mastodon":{"url":"https:\/\/pubeurope.com\/@es\/115630603172286640","error":""},"_links":{"self":[{"href":"https:\/\/www.europesays.com\/es\/wp-json\/wp\/v2\/posts\/261342","targetHints":{"allow":["GET"]}}],"collection":[{"href":"https:\/\/www.europesays.com\/es\/wp-json\/wp\/v2\/posts"}],"about":[{"href":"https:\/\/www.europesays.com\/es\/wp-json\/wp\/v2\/types\/post"}],"author":[{"embeddable":true,"href":"https:\/\/www.europesays.com\/es\/wp-json\/wp\/v2\/users\/2"}],"replies":[{"embeddable":true,"href":"https:\/\/www.europesays.com\/es\/wp-json\/wp\/v2\/comments?post=261342"}],"version-history":[{"count":0,"href":"https:\/\/www.europesays.com\/es\/wp-json\/wp\/v2\/posts\/261342\/revisions"}],"wp:featuredmedia":[{"embeddable":true,"href":"https:\/\/www.europesays.com\/es\/wp-json\/wp\/v2\/media\/261343"}],"wp:attachment":[{"href":"https:\/\/www.europesays.com\/es\/wp-json\/wp\/v2\/media?parent=261342"}],"wp:term":[{"taxonomy":"category","embeddable":true,"href":"https:\/\/www.europesays.com\/es\/wp-json\/wp\/v2\/categories?post=261342"},{"taxonomy":"post_tag","embeddable":true,"href":"https:\/\/www.europesays.com\/es\/wp-json\/wp\/v2\/tags?post=261342"}],"curies":[{"name":"wp","href":"https:\/\/api.w.org\/{rel}","templated":true}]}}