{"id":261354,"date":"2025-11-29T02:38:13","date_gmt":"2025-11-29T02:38:13","guid":{"rendered":"https:\/\/www.europesays.com\/es\/261354\/"},"modified":"2025-11-29T02:38:13","modified_gmt":"2025-11-29T02:38:13","slug":"andalucia-activa-un-plan-de-accion-ante-el-adelanto-de-la-gripe-y-recomienda-ya-el-uso-de-mascarillas-en-centros-sanitarios-y-residencias","status":"publish","type":"post","link":"https:\/\/www.europesays.com\/es\/261354\/","title":{"rendered":"Andaluc\u00eda activa un plan de acci\u00f3n ante el adelanto de la gripe y recomienda ya el uso de mascarillas en centros sanitarios y residencias"},"content":{"rendered":"<p style=\"\">El consejero de Sanidad, Presidencia y Emergencias, <strong>Antonio Sanz<\/strong>, ha avanzado este viernes que Andaluc\u00eda activar\u00e1 un \u00abplan de acci\u00f3n propio\u00bb ante la gripe para \u00abadelantarnos a la virulencia que se prev\u00e9 esta temporada\u00bb y publicar\u00e1 una orden el pr\u00f3ximo lunes 1 de diciembre  &#8230; para recomendar el uso de mascarillas en centros sanitarios y residencias de mayores. Sanz ha hecho estos anuncios tras la reuni\u00f3n extraordinaria del <strong>Consejo Interterritorial del Sistema Nacional de Salud<\/strong>, en el que el Ministerio de Sanidad ha incluido un punto informativo sobre las recomendaciones para el control de las infecciones en la temporada 2025-2026, para su posterior revisi\u00f3n en la Comisi\u00f3n de Salud P\u00fablica.<\/p>\n<p class=\"voc-p\" style=\"\">En un comunicado, Sanz ha asegurado que \u00abAndaluc\u00eda activar\u00e1 un plan de acci\u00f3n propio ante la gripe con el que nos adelantamos y protegemos de forma especial a los m\u00e1s vulnerables ante la virulencia que se prev\u00e9 esta temporada\u00bb. Seg\u00fan ha detallado, los \u00faltimos datos registrados en Andaluc\u00eda \u00abreflejan que la positividad para el virus de la gripe ha aumentado con respecto a las dos \u00faltimas semanas, alcanzando el 21,6%, aunque Andaluc\u00eda contin\u00faa por debajo del umbral epid\u00e9mico\u00bb.<\/p>\n<p class=\"voc-p\" style=\"\">En este sentido, el titular de Sanidad ha detallado que<strong> la epidemia de gripe de esta temporada se est\u00e1 adelantando entre cuatro y siete semanas<\/strong> con respecto a a\u00f1os anteriores debido al virus H3N2, que no ha sido el dominante en las \u00faltimas temporadas, lo que podr\u00eda llegar a provocar una disminuci\u00f3n de la inmunidad en las personas.<\/p>\n<p class=\"voc-p\" style=\"\">Ante esta situaci\u00f3n, la Consejer\u00eda \u00abviene trabajando desde hace semanas en una serie de medidas para reforzar la protecci\u00f3n de los andaluces\u00bb, entre las que ha citado la mejora de la vigilancia virol\u00f3gica, ampliando el n\u00famero de m\u00e9dicos centinelas que transmiten informaci\u00f3n; el incremento de indicadores con los que se mide la presi\u00f3n asistencial derivada de las infecciones respiratorias agudas a trav\u00e9s de urgencias; y el aumento de la cobertura vacunal en los grupos de riesgo, para lo que se est\u00e1 movilizando a todos los profesionales sanitarios, colegios de profesionales, asociaciones de pacientes y personas mayores.<\/p>\n<p>\nLas mascarillas\n<\/p>\n<p class=\"voc-p\" style=\"\">En el marco de este plan, la Consejer\u00eda de Sanidad emitir\u00e1 el  lunes una <strong>orden para recomendar el uso de mascarillas<\/strong> en personal y usuarios de centros sanitarios (hospitales y centros de salud) y sociosanitarios (residencias de mayores, centros para personas con discapacidad, entre otros), tanto p\u00fablicos como privados, como medida fundamental de prevenci\u00f3n frente a la transmisi\u00f3n de infecciones respiratorias agudas.<\/p>\n<p class=\"voc-p\" style=\"\">Adem\u00e1s, se pedir\u00e1 a las direcciones de estos centros \u00abvalorar la obligatoriedad del uso de mascarilla en sus planes de contingencia, en conformidad con la situaci\u00f3n epidemiol\u00f3gica local\u00bb. Por \u00faltimo, el plan contempla tambi\u00e9n el refuerzo de acciones espec\u00edficas para informar y sensibilizar a la ciudadan\u00eda sobre los gestos que protegen contra la gripe tales como el uso de mascarilla, la higiene de manos, aireaci\u00f3n de espacios cerrados y el aislamiento social, es decir, evitar el contacto con otras personas, sobre todo personas vulnerables, cuando estamos enfermos.<\/p>\n","protected":false},"excerpt":{"rendered":"El consejero de Sanidad, Presidencia y Emergencias, Antonio Sanz, ha avanzado este viernes que Andaluc\u00eda activar\u00e1 un \u00abplan&hellip;\n","protected":false},"author":2,"featured_media":261355,"comment_status":"","ping_status":"","sticky":false,"template":"","format":"standard","meta":{"footnotes":""},"categories":[92],"tags":[1926,259,1575,4187,4114,25,24,7749,165,58057,2568,8873,4591,17073,166,16587,23],"class_list":{"0":"post-261354","1":"post","2":"type-post","3":"status-publish","4":"format-standard","5":"has-post-thumbnail","7":"category-salud","8":"tag-accion","9":"tag-andalucia","10":"tag-ante","11":"tag-anuncia","12":"tag-centros","13":"tag-es","14":"tag-espana","15":"tag-gripe","16":"tag-health","17":"tag-mascarillas","18":"tag-plan","19":"tag-propio","20":"tag-recomienda","21":"tag-residencias","22":"tag-salud","23":"tag-sanitarios","24":"tag-spain"},"share_on_mastodon":{"url":"https:\/\/pubeurope.com\/@es\/115630670118251887","error":""},"_links":{"self":[{"href":"https:\/\/www.europesays.com\/es\/wp-json\/wp\/v2\/posts\/261354","targetHints":{"allow":["GET"]}}],"collection":[{"href":"https:\/\/www.europesays.com\/es\/wp-json\/wp\/v2\/posts"}],"about":[{"href":"https:\/\/www.europesays.com\/es\/wp-json\/wp\/v2\/types\/post"}],"author":[{"embeddable":true,"href":"https:\/\/www.europesays.com\/es\/wp-json\/wp\/v2\/users\/2"}],"replies":[{"embeddable":true,"href":"https:\/\/www.europesays.com\/es\/wp-json\/wp\/v2\/comments?post=261354"}],"version-history":[{"count":0,"href":"https:\/\/www.europesays.com\/es\/wp-json\/wp\/v2\/posts\/261354\/revisions"}],"wp:featuredmedia":[{"embeddable":true,"href":"https:\/\/www.europesays.com\/es\/wp-json\/wp\/v2\/media\/261355"}],"wp:attachment":[{"href":"https:\/\/www.europesays.com\/es\/wp-json\/wp\/v2\/media?parent=261354"}],"wp:term":[{"taxonomy":"category","embeddable":true,"href":"https:\/\/www.europesays.com\/es\/wp-json\/wp\/v2\/categories?post=261354"},{"taxonomy":"post_tag","embeddable":true,"href":"https:\/\/www.europesays.com\/es\/wp-json\/wp\/v2\/tags?post=261354"}],"curies":[{"name":"wp","href":"https:\/\/api.w.org\/{rel}","templated":true}]}}